{"id":67086,"date":"2021-04-10T09:36:20","date_gmt":"2021-04-10T12:36:20","guid":{"rendered":"https:\/\/catolicanet.net\/wp-cnet\/?p=67086"},"modified":"2021-04-11T01:37:35","modified_gmt":"2021-04-11T04:37:35","slug":"pascoa-e-vida","status":"publish","type":"post","link":"https:\/\/catolicanet.net\/wp-cnet\/pascoa-e-vida\/","title":{"rendered":"P\u00e1scoa e vida"},"content":{"rendered":"<p style=\"text-align: justify;\">A P\u00e1scoa anuncia a ressurrei\u00e7\u00e3o, a vida nova que se iniciou a partir da ressurrei\u00e7\u00e3o de Cristo. Estamos vivenciando as alegrias da P\u00e1scoa, estamos concluindo o per\u00edodo conhecido como Oitava da P\u00e1scoa, onde cada dia dessa semana foi celebrado como solenidade do dia de P\u00e1scoa. O crist\u00e3o deve se encher de alegria nesse per\u00edodo, pois Cristo ressuscitou e nos deu uma nova esperan\u00e7a.<\/p>\n<p style=\"text-align: justify;\">\u00a0\u00a0\u00a0\u00a0\u00a0\u00a0\u00a0\u00a0 Que as alegrias pascais possam trazer um novo olhar para a humanidade, um olhar de f\u00e9, de amor e de esperan\u00e7a em novos tempos. Por mais que vejamos not\u00edcias ruins a todo tempo nos jornais, de hospitais com leitos cheios e pessoas morrendo. Que possamos trazer em nosso cora\u00e7\u00e3o, a esperan\u00e7a de que as coisas ir\u00e3o melhorar e que possamos ver uma luz no fim do t\u00fanel.<\/p>\n<p style=\"text-align: justify;\">\u00a0\u00a0\u00a0\u00a0\u00a0\u00a0\u00a0\u00a0 Que n\u00f3s possamos focar tamb\u00e9m nas not\u00edcias boas, como a repercuss\u00e3o dos vacinados contra a Covid-19 e aqueles que s\u00e3o curados do v\u00edrus. Com certeza, o n\u00famero de recuperados da pandemia muitas vezes \u00e9 maior do que aqueles que morrem por dia. Busquemos por esses n\u00fameros e transmitamos um pouco de alegria, esperan\u00e7a e vida para as pessoas que encontrarmos.<\/p>\n<p style=\"text-align: justify;\">\u00a0\u00a0\u00a0\u00a0\u00a0\u00a0\u00a0\u00a0 Cristo \u00e9 a luz da vida de todo crist\u00e3o. No \u00faltimo s\u00e1bado, acendemos, na vig\u00edlia pascal, o C\u00edrio que simboliza que Cristo deve ser a luz na vida de todo crist\u00e3o. N\u00f3s devemos transmitir essa luz para quem encontrarmos, n\u00e3o podemos ser escurid\u00e3o para os outros. A luz de Cristo significa vida e ressurrei\u00e7\u00e3o, por isso n\u00e3o devemos ser causa de morte e escurid\u00e3o na vida de ningu\u00e9m.<\/p>\n<p style=\"text-align: justify;\">\u00a0\u00a0\u00a0\u00a0\u00a0\u00a0\u00a0\u00a0 Nesse tempo pascal, somos convidados a defender a vida em todos os sentidos, desde a concep\u00e7\u00e3o at\u00e9 ao seu final. Temos que proteger aqueles que nascem dando suporte para que tenham o necess\u00e1rio para sobreviver e aqueles que j\u00e1 se encontram na velhice, para que tenham um final de vida e feliz e com sa\u00fade. Sobretudo agora, diante da pandemia da Covid-19, deixando as pessoas de mais idade em casa, fazendo com que elas n\u00e3o sejam contaminadas pelo v\u00edrus. Temos transmiss\u00f5es de celebra\u00e7\u00f5es pelas par\u00f3quias, dioceses e tamb\u00e9m pelos meios de comunica\u00e7\u00e3o cat\u00f3licos nacionais.<\/p>\n<p style=\"text-align: justify;\">Irm\u00e3os e irm\u00e3s, sejamos testemunhas da ressurrei\u00e7\u00e3o no caminho de quem encontrarmos e espalhemos pelo mundo a luz de Cristo. Somente por meio dessa luz poderemos construir uma sociedade mais justa e fraterna. A P\u00e1scoa, al\u00e9m de tudo, simboliza a passagem da morte para vida, por isso esse \u00e9 o momento que a vida se renova e que devemos anunciar, sobretudo aos que est\u00e3o desanimados, a vida nova que adv\u00e9m a partir da ressurrei\u00e7\u00e3o de Cristo.<\/p>\n<p style=\"text-align: justify;\">\u00a0\u00a0\u00a0\u00a0\u00a0\u00a0\u00a0\u00a0 A Oitava Pascal, iniciada no \u00faltimo domingo e conclu\u00edda do Domingo da Miseric\u00f3rdia ou In Albis, traz para o centro da celebra\u00e7\u00e3o lit\u00fargica da Igreja o mist\u00e9rio da Ressurrei\u00e7\u00e3o de Jesus. A P\u00e1scoa de Jesus deve acontecer todos os dias na nossa vida e na a\u00e7\u00e3o pastoral da Igreja. E nesses oito dias, celebramos de forma mais veemente, principalmente, sendo sinal de vida e ressurrei\u00e7\u00e3o na vida das pessoas.<\/p>\n<p style=\"text-align: justify;\">O tempo pascal que vivenciamos por cinquenta dias \u00e9 um tempo de grande alegria espiritual, quando devemos viver intensamente na presen\u00e7a de Cristo ressuscitado, que por meio da sua paix\u00e3o, morte e ressurrei\u00e7\u00e3o nos redimiu. \u00c9 o tempo de assumirmos o nosso batismo e nos imbuirmos cada vez mais do Esp\u00edrito Santo, sendo sal na terra e luz no mundo, anunciando a Palavra que salva e que d\u00e1 vida a todas as pessoas.<\/p>\n<p style=\"text-align: justify;\">A Igreja deseja que nos oito dias da P\u00e1scoa (Oitava da P\u00e1scoa) tenhamos vivido o mesmo esp\u00edrito do Domingo da Ressurrei\u00e7\u00e3o, colhendo as mesmas gra\u00e7as. Dessa forma, a Igreja estendeu a celebra\u00e7\u00e3o da P\u00e1scoa por oito dias e o tempo pascal, por cinquenta dias, para que possamos colher melhor em n\u00f3s os frutos da reden\u00e7\u00e3o, nos dada por Cristo no mist\u00e9rio Pascal.<\/p>\n<p style=\"text-align: justify;\">Somos convidados a ser sinal de vida e ressurrei\u00e7\u00e3o no nosso trabalho, tratando bem as pessoas que nos cercam, convivendo bem com nossos colegas de trabalho, n\u00e3o criando ambiente de intrigas e fofocas. Da mesma forma, somos chamados a ser sinal de vida e ressurrei\u00e7\u00e3o na nossa casa, tratando bem a esposa, o esposo, os filhos e criando um ambiente familiar agrad\u00e1vel.<\/p>\n<p style=\"text-align: justify;\">Aproveitemos o tempo pascal para fazer isso acontecer e que n\u00e3o fique somente no tempo pascal, mas durante todos os dias do ano, criando sempre no local em que habitamos, lugar de vida e ressurrei\u00e7\u00e3o.<\/p>\n<p style=\"text-align: justify;\">\u00a0\u00a0\u00a0\u00a0\u00a0\u00a0\u00a0\u00a0 Que Deus nos aben\u00e7oe e nos guie nesse caminho de perseveran\u00e7a, em defesa da vida, buscando sempre o Cristo ressuscitado.<\/p>\n","protected":false},"excerpt":{"rendered":"<p>A P\u00e1scoa anuncia a ressurrei\u00e7\u00e3o, a vida nova que se iniciou a partir da ressurrei\u00e7\u00e3o de Cristo. Estamos vivenciando as alegrias da P\u00e1scoa, estamos concluindo o per\u00edodo conhecido como Oitava da P\u00e1scoa, onde cada dia dessa semana foi celebrado como solenidade do dia de P\u00e1scoa. O crist\u00e3o deve se encher de alegria nesse per\u00edodo, pois [&hellip;]<\/p>\n","protected":false},"author":5,"featured_media":55819,"comment_status":"open","ping_status":"closed","sticky":false,"template":"","format":"standard","meta":{"footnotes":""},"categories":[9],"tags":[],"class_list":["post-67086","post","type-post","status-publish","format-standard","has-post-thumbnail","hentry","category-artigos"],"_links":{"self":[{"href":"https:\/\/catolicanet.net\/wp-cnet\/wp-json\/wp\/v2\/posts\/67086","targetHints":{"allow":["GET"]}}],"collection":[{"href":"https:\/\/catolicanet.net\/wp-cnet\/wp-json\/wp\/v2\/posts"}],"about":[{"href":"https:\/\/catolicanet.net\/wp-cnet\/wp-json\/wp\/v2\/types\/post"}],"author":[{"embeddable":true,"href":"https:\/\/catolicanet.net\/wp-cnet\/wp-json\/wp\/v2\/users\/5"}],"replies":[{"embeddable":true,"href":"https:\/\/catolicanet.net\/wp-cnet\/wp-json\/wp\/v2\/comments?post=67086"}],"version-history":[{"count":1,"href":"https:\/\/catolicanet.net\/wp-cnet\/wp-json\/wp\/v2\/posts\/67086\/revisions"}],"predecessor-version":[{"id":67087,"href":"https:\/\/catolicanet.net\/wp-cnet\/wp-json\/wp\/v2\/posts\/67086\/revisions\/67087"}],"wp:featuredmedia":[{"embeddable":true,"href":"https:\/\/catolicanet.net\/wp-cnet\/wp-json\/wp\/v2\/media\/55819"}],"wp:attachment":[{"href":"https:\/\/catolicanet.net\/wp-cnet\/wp-json\/wp\/v2\/media?parent=67086"}],"wp:term":[{"taxonomy":"category","embeddable":true,"href":"https:\/\/catolicanet.net\/wp-cnet\/wp-json\/wp\/v2\/categories?post=67086"},{"taxonomy":"post_tag","embeddable":true,"href":"https:\/\/catolicanet.net\/wp-cnet\/wp-json\/wp\/v2\/tags?post=67086"}],"curies":[{"name":"wp","href":"https:\/\/api.w.org\/{rel}","templated":true}]}}