{"id":67084,"date":"2021-04-11T09:25:30","date_gmt":"2021-04-11T12:25:30","guid":{"rendered":"https:\/\/catolicanet.net\/wp-cnet\/?p=67084"},"modified":"2021-04-11T01:36:03","modified_gmt":"2021-04-11T04:36:03","slug":"segundo-domingo-da-pascoa","status":"publish","type":"post","link":"https:\/\/catolicanet.net\/wp-cnet\/segundo-domingo-da-pascoa\/","title":{"rendered":"SEGUNDO DOMINGO DA P\u00c1SCOA"},"content":{"rendered":"<p style=\"text-align: center;\"><em>\u201cRecebei o Esp\u00edrito Santo. A quem perdoardes os pecados eles lhes ser\u00e3o perdoados; a quem os n\u00e3o perdoardes, eles lhes ser\u00e3o retidos\u201d (Jo 20,22-23)<\/em><\/p>\n<p style=\"text-align: justify;\">Celebramos hoje, o Segundo Domingo da P\u00e1scoa, tamb\u00e9m conhecido como o Domingo da Divina Miseric\u00f3rdia. Este t\u00edtulo foi dado por S\u00e3o Jo\u00e3o Paulo II, no ano 2000, ap\u00f3s a canoniza\u00e7\u00e3o da Santa Faustina Kowalska. A celebra\u00e7\u00e3o da Divina Miseric\u00f3rdia est\u00e1 vinculada as leituras da Liturgia que celebramos neste domingo, em particular o Evangelho de Jo\u00e3o 20,19-31.<\/p>\n<p style=\"text-align: justify;\">Como j\u00e1 citado, o trecho do Evangelho de S\u00e3o Jo\u00e3o, relata a manifesta\u00e7\u00e3o de Jesus Cristo ap\u00f3s a Ressurrei\u00e7\u00e3o para os seus disc\u00edpulos, com exce\u00e7\u00e3o de Tom\u00e9. Onde, atrav\u00e9s do ato de <em>\u201cpondo-se no meio deles\u201d, <\/em>Jesus vivo e ressuscitado \u00e9 o centro da comunidade crist\u00e3. Atrav\u00e9s do sopro, Cristo infundi a miss\u00e3o aos ap\u00f3stolos de levar a Miseric\u00f3rdia a todos &#8211; <em>\u201cRecebei o Esp\u00edrito Santo. A quem perdoardes os pecados eles lhes ser\u00e3o perdoados; a quem os n\u00e3o perdoardes, eles lhes ser\u00e3o retidos\u201d (Jo 20,22-23). <\/em>E novamente, Jesus ao manifestar aos seus disc\u00edpulos, desta vez com Tom\u00e9 junto aos demais, Cristo mostra o lado e as marcas dos pregos nas m\u00e3os e, Tom\u00e9, declara a sua f\u00e9 <em>\u201cMeu Senhor e meu Deus!\u201d.<\/em><\/p>\n<p style=\"text-align: justify;\">A Primeira Leitura retirada dos Atos dos Ap\u00f3stolos (At 4,32-35), S\u00e3o Lucas demonstra os frutos que s\u00e3o dados \u00e0queles que vivenciam a Divina Miseric\u00f3rdia, atrav\u00e9s da viv\u00eancia de <em>\u201cum s\u00f3 cora\u00e7\u00e3o e uma s\u00f3 alma\u201d,<\/em> de doa\u00e7\u00e3o, partilhar e da viv\u00eancia em comum, onde n\u00e3o falta nada a ningu\u00e9m. E, a Segunda Leitura retirada da Primeira Carta de S\u00e3o Jo\u00e3o (1Jo 5,1-6), nos recorda que os verdadeiros disc\u00edpulos, propagadores da Divina Miseric\u00f3rdia, s\u00e3o aqueles que amam verdadeiramente a Deus, aderem a Cristo e a proposta da Salva\u00e7\u00e3o, pois, \u201c<em>podemos saber que amamos os filhos de Deus, quando amamos a Deus e guardamos os seus mandamentos\u201d (&#8230;) \u201cQuem \u00e9 o vencedor do mundo, sen\u00e3o aquele que cr\u00ea que Jesus \u00e9 o Filho de Deus? 6Este \u00e9 o que veio pela \u00e1gua e pelo sangue: Jesus Cristo\u201d (1Jo 5,2.5-6).<\/em><\/p>\n<p style=\"text-align: justify;\">Que possamos vivenciar em nossas vidas o aut\u00eantico amor de disc\u00edpulos e disc\u00edpulas de Cristo, atrav\u00e9s da Divina Miseric\u00f3rdia que \u00e9 nos dada pelo Cristo. E ou\u00e7amos as palavras de Jesus Cristo dada a Santa Faustina<em>: \u201cFala ao mundo da Minha miseric\u00f3rdia, que toda a humanidade conhe\u00e7a a Minha insond\u00e1vel miseric\u00f3rdia. Este \u00e9 o sinal para os \u00faltimos tempos; depois dele vir\u00e1 o dia da justi\u00e7a. Enquanto \u00e9 tempo, recorram \u00e0 fonte da Minha miseric\u00f3rdia\u201d (Di\u00e1rio, 848).<\/em><\/p>\n<p style=\"text-align: justify;\"><em>\u00a0<\/em><\/p>\n<p style=\"text-align: justify;\"><em>\u201cBem-aventurados os misericordiosos, porque eles alcan\u00e7ar\u00e3o miseric\u00f3rdia!\u201d<\/em><\/p>\n<p style=\"text-align: justify;\"><em>\u00a0<\/em><\/p>\n<p style=\"text-align: justify;\">Sauda\u00e7\u00f5es em Cristo Ressuscitado! Aleluia, Aleluia, Aleluia!<\/p>\n","protected":false},"excerpt":{"rendered":"<p>\u201cRecebei o Esp\u00edrito Santo. A quem perdoardes os pecados eles lhes ser\u00e3o perdoados; a quem os n\u00e3o perdoardes, eles lhes ser\u00e3o retidos\u201d (Jo 20,22-23) Celebramos hoje, o Segundo Domingo da P\u00e1scoa, tamb\u00e9m conhecido como o Domingo da Divina Miseric\u00f3rdia. Este t\u00edtulo foi dado por S\u00e3o Jo\u00e3o Paulo II, no ano 2000, ap\u00f3s a canoniza\u00e7\u00e3o da [&hellip;]<\/p>\n","protected":false},"author":10,"featured_media":55817,"comment_status":"open","ping_status":"closed","sticky":false,"template":"","format":"standard","meta":{"footnotes":""},"categories":[9],"tags":[],"class_list":["post-67084","post","type-post","status-publish","format-standard","has-post-thumbnail","hentry","category-artigos"],"_links":{"self":[{"href":"https:\/\/catolicanet.net\/wp-cnet\/wp-json\/wp\/v2\/posts\/67084","targetHints":{"allow":["GET"]}}],"collection":[{"href":"https:\/\/catolicanet.net\/wp-cnet\/wp-json\/wp\/v2\/posts"}],"about":[{"href":"https:\/\/catolicanet.net\/wp-cnet\/wp-json\/wp\/v2\/types\/post"}],"author":[{"embeddable":true,"href":"https:\/\/catolicanet.net\/wp-cnet\/wp-json\/wp\/v2\/users\/10"}],"replies":[{"embeddable":true,"href":"https:\/\/catolicanet.net\/wp-cnet\/wp-json\/wp\/v2\/comments?post=67084"}],"version-history":[{"count":1,"href":"https:\/\/catolicanet.net\/wp-cnet\/wp-json\/wp\/v2\/posts\/67084\/revisions"}],"predecessor-version":[{"id":67085,"href":"https:\/\/catolicanet.net\/wp-cnet\/wp-json\/wp\/v2\/posts\/67084\/revisions\/67085"}],"wp:featuredmedia":[{"embeddable":true,"href":"https:\/\/catolicanet.net\/wp-cnet\/wp-json\/wp\/v2\/media\/55817"}],"wp:attachment":[{"href":"https:\/\/catolicanet.net\/wp-cnet\/wp-json\/wp\/v2\/media?parent=67084"}],"wp:term":[{"taxonomy":"category","embeddable":true,"href":"https:\/\/catolicanet.net\/wp-cnet\/wp-json\/wp\/v2\/categories?post=67084"},{"taxonomy":"post_tag","embeddable":true,"href":"https:\/\/catolicanet.net\/wp-cnet\/wp-json\/wp\/v2\/tags?post=67084"}],"curies":[{"name":"wp","href":"https:\/\/api.w.org\/{rel}","templated":true}]}}