{"id":67074,"date":"2021-04-09T10:15:30","date_gmt":"2021-04-09T13:15:30","guid":{"rendered":"https:\/\/catolicanet.net\/wp-cnet\/?p=67074"},"modified":"2021-04-09T14:26:07","modified_gmt":"2021-04-09T17:26:07","slug":"sinos-do-santuario-nacional-vao-homenagear-vitimas-do-coronavirus","status":"publish","type":"post","link":"https:\/\/catolicanet.net\/wp-cnet\/sinos-do-santuario-nacional-vao-homenagear-vitimas-do-coronavirus\/","title":{"rendered":"Sinos do Santu\u00e1rio Nacional v\u00e3o homenagear v\u00edtimas do coronav\u00edrus"},"content":{"rendered":"<p style=\"text-align: right;\"><em>Foto: Thiago Leon<\/em><\/p>\n<p style=\"text-align: center;\"><em>No dia em que a Igreja celebra a Divina Miseric\u00f3rdia, ato quer \u201cmanifestar esperan\u00e7a, f\u00e9 e solidariedade\u201d<\/em><\/p>\n<p style=\"text-align: justify;\"><em>Por Victor Hugo Barros<\/em>\n<\/p>\n<p style=\"text-align: justify;\">Os sinos do Santu\u00e1rio Nacional v\u00e3o dobrar no pr\u00f3ximo domingo (11) em homenagem aos mortos pela Covid-19. \u00c0s 15h, ser\u00e3o acionados o Campan\u00e1rio da Bas\u00edlica Nova e o carrilh\u00e3o da Bas\u00edlica Velha. Ao todo, 19 sinos v\u00e3o soar realizando a homenagem.<\/p>\n<p>A data n\u00e3o foi escolhida por acaso. No pr\u00f3ximo domingo, a Igreja Cat\u00f3lica celebra a Festa da Divina Miseric\u00f3rdia. Institu\u00edda pelo Papa Jo\u00e3o Paulo II no ano 2000, a comemora\u00e7\u00e3o teve origem nas vis\u00f5es de Santa Faustina Kowalska, freira polonesa que, segundo a Tradi\u00e7\u00e3o Cat\u00f3lica, teve vis\u00f5es de Jesus. De acordo com as experi\u00eancias m\u00edsticas da religiosa, foi o pr\u00f3prio Cristo quem pediu a cria\u00e7\u00e3o desta Festa.<\/p>\n<p>\u201cQueremos aproveitar o Domingo da Miseric\u00f3rdia para manifestar esperan\u00e7a, f\u00e9 e solidariedade\u00a0pelas fam\u00edlias e pelos profissionais de sa\u00fade que perderam suas vidas devido a\u00a0Covid-19\u201d, afirma o reitor do Santu\u00e1rio Nacional, padre Eduardo Catalfo.<\/p>\n<p>As tr\u00eas celebra\u00e7\u00f5es realizadas na Bas\u00edlica da Padroeira ao longo do dia tamb\u00e9m v\u00e3o rezar por estas inten\u00e7\u00f5es. As missas acontecem \u00e0s 8h, 12h e 18h sem a presen\u00e7a dos fi\u00e9is. As cerim\u00f4nias poder\u00e3o ser acompanhadas pelas redes sociais do Santu\u00e1rio Nacional (Facebook e Youtube), Rede Aparecida de Comunica\u00e7\u00e3o (R\u00e1dio, TV e Internet) e aplicativo Aparecida.<\/p>\n<p>Ainda durante o fim de semana, no s\u00e1bado (10), a tradicional missa em louvor a S\u00e3o Benedito, realizada todos os anos no Santu\u00e1rio Nacional no s\u00e1bado ap\u00f3s a P\u00e1scoa, contar\u00e1 com ben\u00e7\u00e3o para os idosos, doentes, crian\u00e7as e todos os devotos\u00a0do santo. O arcebispo de Aparecida, Dom Orlando Brandes, presidir\u00e1 a Eucaristia \u00e0s 9h no Altar Central da Bas\u00edlica Nova.<\/p>\n<p>Em anos anteriores, a celebra\u00e7\u00e3o contava com a presen\u00e7a de grupos de congada na cerim\u00f4nia. Em 2019, mais de 100 grupos do g\u00eanero participaram da liturgia. Neste ano, apenas um casal de leitores vai representar os congadeiros, que foram convidados a acompanhar a missa pelos meios de comunica\u00e7\u00e3o.<\/p>\n","protected":false},"excerpt":{"rendered":"<p>Foto: Thiago Leon No dia em que a Igreja celebra a Divina Miseric\u00f3rdia, ato quer \u201cmanifestar esperan\u00e7a, f\u00e9 e solidariedade\u201d Por Victor Hugo Barros Os sinos do Santu\u00e1rio Nacional v\u00e3o dobrar no pr\u00f3ximo domingo (11) em homenagem aos mortos pela Covid-19. \u00c0s 15h, ser\u00e3o acionados o Campan\u00e1rio da Bas\u00edlica Nova e o carrilh\u00e3o da Bas\u00edlica [&hellip;]<\/p>\n","protected":false},"author":1,"featured_media":67075,"comment_status":"open","ping_status":"closed","sticky":false,"template":"","format":"standard","meta":{"footnotes":""},"categories":[4],"tags":[],"class_list":["post-67074","post","type-post","status-publish","format-standard","has-post-thumbnail","hentry","category-cotidiano"],"_links":{"self":[{"href":"https:\/\/catolicanet.net\/wp-cnet\/wp-json\/wp\/v2\/posts\/67074","targetHints":{"allow":["GET"]}}],"collection":[{"href":"https:\/\/catolicanet.net\/wp-cnet\/wp-json\/wp\/v2\/posts"}],"about":[{"href":"https:\/\/catolicanet.net\/wp-cnet\/wp-json\/wp\/v2\/types\/post"}],"author":[{"embeddable":true,"href":"https:\/\/catolicanet.net\/wp-cnet\/wp-json\/wp\/v2\/users\/1"}],"replies":[{"embeddable":true,"href":"https:\/\/catolicanet.net\/wp-cnet\/wp-json\/wp\/v2\/comments?post=67074"}],"version-history":[{"count":1,"href":"https:\/\/catolicanet.net\/wp-cnet\/wp-json\/wp\/v2\/posts\/67074\/revisions"}],"predecessor-version":[{"id":67076,"href":"https:\/\/catolicanet.net\/wp-cnet\/wp-json\/wp\/v2\/posts\/67074\/revisions\/67076"}],"wp:featuredmedia":[{"embeddable":true,"href":"https:\/\/catolicanet.net\/wp-cnet\/wp-json\/wp\/v2\/media\/67075"}],"wp:attachment":[{"href":"https:\/\/catolicanet.net\/wp-cnet\/wp-json\/wp\/v2\/media?parent=67074"}],"wp:term":[{"taxonomy":"category","embeddable":true,"href":"https:\/\/catolicanet.net\/wp-cnet\/wp-json\/wp\/v2\/categories?post=67074"},{"taxonomy":"post_tag","embeddable":true,"href":"https:\/\/catolicanet.net\/wp-cnet\/wp-json\/wp\/v2\/tags?post=67074"}],"curies":[{"name":"wp","href":"https:\/\/api.w.org\/{rel}","templated":true}]}}