{"id":67061,"date":"2021-04-09T11:01:43","date_gmt":"2021-04-09T14:01:43","guid":{"rendered":"https:\/\/catolicanet.net\/wp-cnet\/?p=67061"},"modified":"2021-04-09T14:02:47","modified_gmt":"2021-04-09T17:02:47","slug":"rumo-a-58a-assembleia-geral-numeros-de-bispos-e-de-circunscricoes-eclesiasticas","status":"publish","type":"post","link":"https:\/\/catolicanet.net\/wp-cnet\/rumo-a-58a-assembleia-geral-numeros-de-bispos-e-de-circunscricoes-eclesiasticas\/","title":{"rendered":"RUMO \u00c0 58\u00aa ASSEMBLEIA GERAL: N\u00daMEROS DE BISPOS E DE CIRCUNSCRI\u00c7\u00d5ES ECLESI\u00c1STICAS"},"content":{"rendered":"<p style=\"text-align: justify;\">A partir da pr\u00f3xima segunda-feira, 12 de abril, a Confer\u00eancia Nacional dos Bispos do Brasil (CNBB) estar\u00e1 reunida virtualmente para a sua 58\u00aa Assembleia Geral. Segundo o artigo 27 do Estatuto Can\u00f4nico da CNBB, a Assembleia \u00e9 o \u00f3rg\u00e3o supremo da CNBB e \u201ca express\u00e3o e a realiza\u00e7\u00e3o maiores do afeto colegial, da comunh\u00e3o e corresponsabilidade dos Pastores da Igreja no Brasil\u201d.<\/p>\n<p style=\"text-align: justify;\">O encontro re\u00fane todos os membros da CNBB, os quais s\u00e3o convocados a participar, e os bispos em\u00e9ritos e n\u00e3o-membros, os quais podem ser convidados. Confira abaixo os n\u00fameros de bispos e circunscri\u00e7\u00f5es eclesi\u00e1sticas do Brasil, os quais estar\u00e3o reunidos em comunh\u00e3o durante mais uma assembleia da CNBB:<\/p>\n<h3 style=\"text-align: justify;\"><b>Membros<\/b><\/h3>\n<p style=\"text-align: justify;\">S\u00e3o membros da CNBB, a partir da posse no of\u00edcio e enquanto ocupam: os bispos diocesanos; os bispos auxiliares; os bispos titulares e os prelados das Igrejas orientais cat\u00f3licas.\u00a0De acordo com levantamento da Secretaria T\u00e9cnica da CNBB, atualizado em 7 de abril de 2021, atualmente a Igreja no Brasil conta com 309 bispos na ativa, os quais s\u00e3o membros da Confer\u00eancia.<\/p>\n<p style=\"text-align: justify;\">Confira o quadro:<\/p>\n<table>\n<tbody>\n<tr>\n<td colspan=\"2\" width=\"312\">Quadro Resumo<\/td>\n<\/tr>\n<tr>\n<td width=\"236\"><strong>Administrador Apost\u00f3lico<\/strong><\/td>\n<td width=\"76\">1<\/td>\n<\/tr>\n<tr>\n<td width=\"236\"><strong>Administrador Diocesano<\/strong><\/td>\n<td width=\"76\">8<\/td>\n<\/tr>\n<tr>\n<td width=\"236\"><strong>Arcebispos<\/strong><\/td>\n<td width=\"76\">46<\/td>\n<\/tr>\n<tr>\n<td width=\"236\"><strong>Arcebispo Eparca (Em\u00e9rito)<\/strong><\/td>\n<td width=\"76\">1<\/td>\n<\/tr>\n<tr>\n<td width=\"236\"><strong>Arcieparca Metropolitano<\/strong><\/td>\n<td width=\"76\">1<\/td>\n<\/tr>\n<tr>\n<td width=\"236\"><strong>Bispos diocesanos<\/strong><\/td>\n<td width=\"76\">210<\/td>\n<\/tr>\n<tr>\n<td width=\"236\"><strong>Bispos Auxiliares<\/strong><\/td>\n<td width=\"76\">40<\/td>\n<\/tr>\n<tr>\n<td width=\"236\"><strong>Bispos Prelados<\/strong><\/td>\n<td width=\"76\">8<\/td>\n<\/tr>\n<tr>\n<td width=\"236\"><strong>Eparca<\/strong><\/td>\n<td width=\"76\">3<\/td>\n<\/tr>\n<tr>\n<td width=\"236\"><strong>Exarca<\/strong><\/td>\n<td width=\"76\">1<\/td>\n<\/tr>\n<tr>\n<td width=\"236\"><\/td>\n<td width=\"76\"><strong>\u00a0<\/strong><\/td>\n<\/tr>\n<\/tbody>\n<\/table>\n<p style=\"text-align: justify;\">Desses dados, a Secretaria T\u00e9cnica da CNBB sublinha que entre os administradores apost\u00f3licos um refere-se \u00e0 Administra\u00e7\u00e3o Apost\u00f3lica Pessoal de S\u00e3o Jo\u00e3o Maria Vianney, aos cuidados de dom Fernando Ar\u00eaas Rifan. Outra observa\u00e7\u00e3o \u00e9 que entre os oito administradores diocesanos, sete deles s\u00e3o padres, e um \u00e9 bispo: trata-se de dom Eduardo Malaspina, bispo auxiliar de S\u00e3o Carlos (SP), que est\u00e1 \u00e0 frente da diocese at\u00e9 a nomea\u00e7\u00e3o do sucessor de dom Paulo Cezar Costa, atual arcebispo de Bras\u00edlia (DF).<\/p>\n<p style=\"text-align: justify;\">H\u00e1 observa\u00e7\u00e3o tamb\u00e9m quanto ao n\u00famero de arcebispos: s\u00e3o 45 arquidioceses no Brasil e o Ordinariado Militar, cujo prelado tem a dignidade de arcebispo. No entanto, o n\u00famero de arcebispos est\u00e1 assim composto: 45 arcebispos, uma vez que a arquidiocese de Cascavel (PR) est\u00e1 vacante, mais o arcebispo do Ordinariado Militar e ainda\u00a0dom Fernando Lisboa, nomeado arcebispo pelo Papa Francisco, mesmo Cachoeiro do Itapemirim n\u00e3o sendo arquidiocese.<\/p>\n<p style=\"text-align: justify;\">Assim, a soma a de bispos na ativa \u00e9 de\u00a0<strong>309.<\/strong><\/p>\n<p style=\"text-align: justify;\">O n\u00famero de bispos em\u00e9ritos, aqueles que tiveram ren\u00fancia aceita pelo Papa, \u00e9 de 166. Portanto o total de bispos no Brasil \u00e9 de 475 prelados.<\/p>\n<p style=\"text-align: justify;\">\n<h3 style=\"text-align: justify;\">As circunscri\u00e7\u00f5es eclesi\u00e1sticas<\/h3>\n<p style=\"text-align: justify;\">A por\u00e7\u00e3o territorial confiada aos cuidados de um bispo \u00e9 chamada circunscri\u00e7\u00e3o eclesi\u00e1stica, tamb\u00e9m conhecida como \u201cIgreja Particular\u201d. Pode ser uma prelazia, uma diocese, arquidiocese, eparquia ou exarcado para fi\u00e9is de ritos espec\u00edficos, e tamb\u00e9m circunscri\u00e7\u00f5es que n\u00e3o tem uma limita\u00e7\u00e3o territorial, como a administra\u00e7\u00e3o apost\u00f3lica pessoal. A soma dessas diferentes circunscri\u00e7\u00f5es presentes no Brasil \u00e9 de 278, assim divididas:<\/p>\n<table width=\"1030\">\n<tbody>\n<tr>\n<td colspan=\"2\" width=\"311\">Circunscri\u00e7\u00f5es Eclesi\u00e1sticas<\/td>\n<\/tr>\n<tr>\n<td width=\"259\"><strong>Dioceses<\/strong><\/td>\n<td width=\"52\">217<\/td>\n<\/tr>\n<tr>\n<td width=\"259\"><strong>Arquidioceses<\/strong><\/td>\n<td width=\"52\">45<\/td>\n<\/tr>\n<tr>\n<td width=\"259\"><strong>Eparquia<\/strong><\/td>\n<td width=\"52\">3<\/td>\n<\/tr>\n<tr>\n<td width=\"259\"><strong>Prelazia<\/strong><\/td>\n<td width=\"52\">8<\/td>\n<\/tr>\n<tr>\n<td width=\"259\"><strong>Exarcado<\/strong><\/td>\n<td width=\"52\">1<\/td>\n<\/tr>\n<tr>\n<td width=\"259\"><strong>Ordinariado para os fi\u00e9is de Rito Oriental sem Ordin\u00e1rio pr\u00f3prio<\/strong><\/td>\n<td width=\"52\">1<\/td>\n<\/tr>\n<tr>\n<td width=\"259\"><strong>Ordinariado Militar do Brasil<\/strong><\/td>\n<td width=\"52\">1<\/td>\n<\/tr>\n<tr>\n<td width=\"259\"><strong>Administra\u00e7\u00e3o Apost\u00f3lica Pessoal<\/strong><\/td>\n<td width=\"52\">1<\/td>\n<\/tr>\n<tr>\n<td width=\"259\"><strong>Arquieparquia<br \/>\n<\/strong><\/td>\n<td width=\"52\">1<\/td>\n<\/tr>\n<tr>\n<td width=\"259\">Total<\/td>\n<td width=\"52\"><strong>278<\/strong><\/td>\n<\/tr>\n<\/tbody>\n<\/table>\n<p style=\"text-align: justify;\">\n<h3 style=\"text-align: justify;\">As Igrejas Particulares vacantes<\/h3>\n<p style=\"text-align: justify;\">Quando o bispo tem o pedido de ren\u00fancia aceito, falece ou \u00e9 transferido para outra Igreja Particular, a diocese fica vacante. Atualmente, s\u00e3o nove circunscri\u00e7\u00f5es vacantes no Brasil, que fica aos cuidados de um administrador at\u00e9 a nomea\u00e7\u00e3o do novo bispo. Confira o quadro abaixo:<\/p>\n<p>&nbsp;<\/p>\n<table width=\"643\">\n<tbody>\n<tr>\n<td colspan=\"3\" width=\"643\"><strong>Dioceses Vacantes<\/strong><\/td>\n<\/tr>\n<tr>\n<td width=\"205\"><strong>Diocese<\/strong><\/td>\n<td width=\"259\"><strong>Nome<\/strong><\/td>\n<td width=\"179\"><strong>Vincula\u00e7\u00e3o<\/strong><\/td>\n<\/tr>\n<tr>\n<td width=\"205\"><strong>01 \u2013 Alagoinhas (BA)<\/strong><\/td>\n<td width=\"259\">Pe. Ant\u00f4nio Ederaldo de Santana<\/td>\n<td width=\"179\">Administrador Diocesano<\/td>\n<\/tr>\n<tr>\n<td width=\"205\"><strong>02 \u2013 Ca\u00e7ador (SC)<\/strong><\/td>\n<td width=\"259\">Pe. Renato Caron<\/td>\n<td width=\"179\">Administrador Diocesano<\/td>\n<\/tr>\n<tr>\n<td width=\"205\"><strong>03 \u2013 Cascavel (PR)<\/strong><\/td>\n<td width=\"259\">Pe. Reginei Jos\u00e9 Modolo<\/td>\n<td width=\"179\">Administrador Diocesano<\/td>\n<\/tr>\n<tr>\n<td width=\"205\"><strong>04 \u2013 Colatina (ES)<\/strong><\/td>\n<td width=\"259\">Pe. Ant\u00f4nio Wilson Alman\u00e7a<\/td>\n<td width=\"179\">Administrador Diocesano<\/td>\n<\/tr>\n<tr>\n<td width=\"205\"><strong>05 \u2013 Iguatu (CE)<\/strong><\/td>\n<td width=\"259\">Pe. Jo\u00e3o Batista Moreira Gon\u00e7alves<\/td>\n<td width=\"179\">Administrador Diocesano<\/td>\n<\/tr>\n<tr>\n<td width=\"205\"><strong>06 \u2013 Palmares (PE)<\/strong><\/td>\n<td width=\"259\">Pe. Norberto Penzk\u00f6lfer<\/td>\n<td width=\"179\">Administrador Diocesano<\/td>\n<\/tr>\n<tr>\n<td width=\"205\"><strong>07 \u2013 Penedo (AL)<\/strong><\/td>\n<td width=\"259\">Pe. Daniel Nascimento dos Santos<\/td>\n<td width=\"179\">Administrador Diocesano<\/td>\n<\/tr>\n<tr>\n<td width=\"205\"><strong>08 \u2013 S\u00e3o Carlos (SP)<\/strong><\/td>\n<td width=\"259\">Dom Eduardo Malaspina<\/td>\n<td width=\"179\">Administrador Diocesano<\/td>\n<\/tr>\n<tr>\n<td width=\"205\"><strong>09 \u2013 Rondon\u00f3polis-Guiratinga (MT)<\/strong><\/td>\n<td width=\"259\">Pe. Jos\u00e9 Eder Ribeiro Lima<\/td>\n<td width=\"179\">Administrador Diocesano<\/td>\n<\/tr>\n<\/tbody>\n<\/table>\n<p>&nbsp;<\/p>\n","protected":false},"excerpt":{"rendered":"<p>A partir da pr\u00f3xima segunda-feira, 12 de abril, a Confer\u00eancia Nacional dos Bispos do Brasil (CNBB) estar\u00e1 reunida virtualmente para a sua 58\u00aa Assembleia Geral. Segundo o artigo 27 do Estatuto Can\u00f4nico da CNBB, a Assembleia \u00e9 o \u00f3rg\u00e3o supremo da CNBB e \u201ca express\u00e3o e a realiza\u00e7\u00e3o maiores do afeto colegial, da comunh\u00e3o e [&hellip;]<\/p>\n","protected":false},"author":1,"featured_media":67062,"comment_status":"open","ping_status":"closed","sticky":false,"template":"","format":"standard","meta":{"footnotes":""},"categories":[7],"tags":[],"class_list":["post-67061","post","type-post","status-publish","format-standard","has-post-thumbnail","hentry","category-cnbb"],"_links":{"self":[{"href":"https:\/\/catolicanet.net\/wp-cnet\/wp-json\/wp\/v2\/posts\/67061","targetHints":{"allow":["GET"]}}],"collection":[{"href":"https:\/\/catolicanet.net\/wp-cnet\/wp-json\/wp\/v2\/posts"}],"about":[{"href":"https:\/\/catolicanet.net\/wp-cnet\/wp-json\/wp\/v2\/types\/post"}],"author":[{"embeddable":true,"href":"https:\/\/catolicanet.net\/wp-cnet\/wp-json\/wp\/v2\/users\/1"}],"replies":[{"embeddable":true,"href":"https:\/\/catolicanet.net\/wp-cnet\/wp-json\/wp\/v2\/comments?post=67061"}],"version-history":[{"count":1,"href":"https:\/\/catolicanet.net\/wp-cnet\/wp-json\/wp\/v2\/posts\/67061\/revisions"}],"predecessor-version":[{"id":67063,"href":"https:\/\/catolicanet.net\/wp-cnet\/wp-json\/wp\/v2\/posts\/67061\/revisions\/67063"}],"wp:featuredmedia":[{"embeddable":true,"href":"https:\/\/catolicanet.net\/wp-cnet\/wp-json\/wp\/v2\/media\/67062"}],"wp:attachment":[{"href":"https:\/\/catolicanet.net\/wp-cnet\/wp-json\/wp\/v2\/media?parent=67061"}],"wp:term":[{"taxonomy":"category","embeddable":true,"href":"https:\/\/catolicanet.net\/wp-cnet\/wp-json\/wp\/v2\/categories?post=67061"},{"taxonomy":"post_tag","embeddable":true,"href":"https:\/\/catolicanet.net\/wp-cnet\/wp-json\/wp\/v2\/tags?post=67061"}],"curies":[{"name":"wp","href":"https:\/\/api.w.org\/{rel}","templated":true}]}}