{"id":67017,"date":"2021-04-08T10:08:51","date_gmt":"2021-04-08T13:08:51","guid":{"rendered":"https:\/\/catolicanet.net\/wp-cnet\/?p=67017"},"modified":"2021-04-08T15:13:27","modified_gmt":"2021-04-08T18:13:27","slug":"festa-da-misericordia-o-papa-celebrara-missa-na-igreja-do-espirito-santo-in-sassia","status":"publish","type":"post","link":"https:\/\/catolicanet.net\/wp-cnet\/festa-da-misericordia-o-papa-celebrara-missa-na-igreja-do-espirito-santo-in-sassia\/","title":{"rendered":"Festa da Miseric\u00f3rdia, o Papa celebrar\u00e1 Missa na Igreja do Esp\u00edrito Santo, in S\u00e1ssia"},"content":{"rendered":"<div class=\"article__subTitle\" style=\"text-align: justify;\">Em 11 de abril, II Domingo da P\u00e1scoa, pela segunda vez, o Papa Francisco presidir\u00e1 a liturgia eucar\u00edstica na Igreja do Esp\u00edrito Santo, in S\u00e1ssia, pr\u00f3xima do Vaticano, cujo Santu\u00e1rio o Papa Wojtyla dedicou ao culto promovido por Santa Faustina Kowalska, ap\u00f3stola da Divina Miseric\u00f3rdia<\/div>\n<div class=\"title__separator\" style=\"text-align: justify;\"><\/div>\n<div class=\"article__text \">\n<p style=\"text-align: justify;\"><b>Vatican News<\/b><\/p>\n<p style=\"text-align: justify;\">O Papa Francisco tamb\u00e9m este ano &#8211; informa a Sala de Imprensa da Santa S\u00e9 &#8211; volta a celebrar uma Missa de forma privada &#8211; \u00e0s 10h30 locais (5h30 do hor\u00e1rio de Bras\u00edlia) &#8211; na Igreja do Esp\u00edrito Santo, in S\u00e1ssia, pr\u00f3xima do Vaticano, no domingo dedicado \u00e0 Divina Miseric\u00f3rdia, institu\u00eddo h\u00e1 21 anos por S\u00e3o Jo\u00e3o Paulo II e a ser celebrado no segundo domingo da P\u00e1scoa.<\/p>\n<p style=\"text-align: justify;\">Ao t\u00e9rmino da Eucaristia, da mesma igreja o Papa conduzir\u00e1 a recita\u00e7\u00e3o do\u00a0<i>Regina Caeli<\/i>, que durante o per\u00edodo pascal substitui a ora\u00e7\u00e3o mariana do\u00a0<i>Angelus<\/i>.<\/p>\n<p style=\"text-align: justify;\">No ano passado, nesta ocasi\u00e3o, o Papa celebrou a Eucaristia, de forma privada, na Igreja do Esp\u00edrito Santo, in S\u00e1ssia, que o Papa Wojtyla dedicou ao culto promovido por Santa Faustina Kowalska, ap\u00f3stola da Divina Miseric\u00f3rdia.<\/p>\n<p style=\"text-align: justify;\">\n<p style=\"text-align: justify;\">Est\u00e1vamos em plena pandemia e Francisco lembrou que a miseric\u00f3rdia de Deus \u00e9 &#8220;a m\u00e3o que sempre nos levanta&#8221;: Deus n\u00e3o se cansa, reiterou, &#8220;de nos estender a m\u00e3o para nos levantar de nossas quedas&#8221;.<\/p>\n<p style=\"text-align: justify;\">Seu pensamento tinha se voltado, ent\u00e3o, para a dif\u00edcil situa\u00e7\u00e3o criada pela dissemina\u00e7\u00e3o da Covid-19 para ressaltar o perigo de &#8220;esquecer os que ficaram para tr\u00e1s&#8221;, &#8220;o risco&#8221; de ser atingidos pelo &#8220;v\u00edrus&#8221; do &#8220;ego\u00edsmo indiferente&#8221; que leva a selecionar as pessoas, a descartar os pobres, a imolar os que ficam para tr\u00e1s no altar do progresso.<\/p>\n<p style=\"text-align: justify;\">&#8220;Esta pandemia &#8211; frisou &#8211; nos lembra, no entanto, que n\u00e3o existem diferen\u00e7as ou confins entre aqueles que sofrem. Somos todos fr\u00e1geis, todos iguais, todos preciosos. O que est\u00e1 acontecendo nos abala internamente: \u00e9 tempo de remover as desigualdades, de curar a injusti\u00e7a que mina na raiz a sa\u00fade de toda a humanidade!&#8221;<\/p>\n<p style=\"text-align: justify;\">\n<p style=\"text-align: justify;\">Foi premente tamb\u00e9m foi seu convite a usar de miseric\u00f3rdia para com aqueles que s\u00e3o mais fracos: &#8220;s\u00f3 assim &#8211; disse o Santo Padre na ocasi\u00e3o &#8211; reconstruiremos um mundo novo&#8221;.<\/p>\n<p style=\"text-align: justify;\">A Santa Missa e a recita\u00e7\u00e3o do\u00a0<i>Regina Caeli<\/i>\u00a0no domingo 11 de abril ter\u00e3o transmiss\u00e3o televisiva ao vivo por Vatican Media e em streaming no Vatican News com coment\u00e1rios em portugu\u00eas, espanhol, italiano, franc\u00eas, ingl\u00eas, alem\u00e3o e \u00e1rabe.<\/p>\n<p style=\"text-align: justify;\">A R\u00e1dio Vaticano estar\u00e1 transmitindo ao vivo, via sat\u00e9lite, para o r\u00e1dio e a televis\u00e3o nos pa\u00edses de l\u00edngua portuguesa cujas emissoras nos retransmitem, a partir das 5h27 do hor\u00e1rio de Bras\u00edlia.<\/p>\n<\/div>\n<div id=\"banner-donazioni\" class=\"article_banner\"><\/div>\n","protected":false},"excerpt":{"rendered":"<p>Em 11 de abril, II Domingo da P\u00e1scoa, pela segunda vez, o Papa Francisco presidir\u00e1 a liturgia eucar\u00edstica na Igreja do Esp\u00edrito Santo, in S\u00e1ssia, pr\u00f3xima do Vaticano, cujo Santu\u00e1rio o Papa Wojtyla dedicou ao culto promovido por Santa Faustina Kowalska, ap\u00f3stola da Divina Miseric\u00f3rdia Vatican News O Papa Francisco tamb\u00e9m este ano &#8211; informa [&hellip;]<\/p>\n","protected":false},"author":1,"featured_media":67018,"comment_status":"open","ping_status":"closed","sticky":false,"template":"","format":"standard","meta":{"footnotes":""},"categories":[3],"tags":[],"class_list":["post-67017","post","type-post","status-publish","format-standard","has-post-thumbnail","hentry","category-vaticano"],"_links":{"self":[{"href":"https:\/\/catolicanet.net\/wp-cnet\/wp-json\/wp\/v2\/posts\/67017","targetHints":{"allow":["GET"]}}],"collection":[{"href":"https:\/\/catolicanet.net\/wp-cnet\/wp-json\/wp\/v2\/posts"}],"about":[{"href":"https:\/\/catolicanet.net\/wp-cnet\/wp-json\/wp\/v2\/types\/post"}],"author":[{"embeddable":true,"href":"https:\/\/catolicanet.net\/wp-cnet\/wp-json\/wp\/v2\/users\/1"}],"replies":[{"embeddable":true,"href":"https:\/\/catolicanet.net\/wp-cnet\/wp-json\/wp\/v2\/comments?post=67017"}],"version-history":[{"count":1,"href":"https:\/\/catolicanet.net\/wp-cnet\/wp-json\/wp\/v2\/posts\/67017\/revisions"}],"predecessor-version":[{"id":67019,"href":"https:\/\/catolicanet.net\/wp-cnet\/wp-json\/wp\/v2\/posts\/67017\/revisions\/67019"}],"wp:featuredmedia":[{"embeddable":true,"href":"https:\/\/catolicanet.net\/wp-cnet\/wp-json\/wp\/v2\/media\/67018"}],"wp:attachment":[{"href":"https:\/\/catolicanet.net\/wp-cnet\/wp-json\/wp\/v2\/media?parent=67017"}],"wp:term":[{"taxonomy":"category","embeddable":true,"href":"https:\/\/catolicanet.net\/wp-cnet\/wp-json\/wp\/v2\/categories?post=67017"},{"taxonomy":"post_tag","embeddable":true,"href":"https:\/\/catolicanet.net\/wp-cnet\/wp-json\/wp\/v2\/tags?post=67017"}],"curies":[{"name":"wp","href":"https:\/\/api.w.org\/{rel}","templated":true}]}}