{"id":67011,"date":"2021-04-08T10:52:34","date_gmt":"2021-04-08T13:52:34","guid":{"rendered":"https:\/\/catolicanet.net\/wp-cnet\/?p=67011"},"modified":"2021-04-08T15:00:11","modified_gmt":"2021-04-08T18:00:11","slug":"gallagher-a-igreja-ja-condenava-a-furia-antissemita-em-1919","status":"publish","type":"post","link":"https:\/\/catolicanet.net\/wp-cnet\/gallagher-a-igreja-ja-condenava-a-furia-antissemita-em-1919\/","title":{"rendered":"Gallagher: a Igreja j\u00e1 condenava a f\u00faria antissemita em 1919"},"content":{"rendered":"<p style=\"text-align: justify;\">Coroa de flores em recorda\u00e7\u00e3o do Dia de Mem\u00f3ria do Holocausto comemorado hoje em Israel<\/p>\n<div class=\"article__subTitle\" style=\"text-align: justify;\">Em uma mensagem em v\u00eddeo, o Secret\u00e1rio de Rela\u00e7\u00f5es com os Estados do Vaticano anunciou a descoberta de uma correspond\u00eancia do in\u00edcio do s\u00e9culo XIX entre a Santa S\u00e9 e o Conselho dos Rabinos Askenazi de Jerusal\u00e9m, que reiterava que o princ\u00edpio da fraternidade n\u00e3o poderia ser pisoteado. Suas palavras referem-se \u00e0 campanha #StopAntiSemitism, por ocasi\u00e3o do Dia de Mem\u00f3ria do Holocausto que Israel comemora hoje<\/div>\n<div class=\"title__separator\" style=\"text-align: justify;\"><\/div>\n<div class=\"article__text \">\n<p style=\"text-align: justify;\"><b>Benedetta Capelli \u2013 Vatican News<\/b><\/p>\n<p style=\"text-align: justify;\">Melhor compreens\u00e3o rec\u00edproca no plano teol\u00f3gico &#8220;mas tamb\u00e9m social e pol\u00edtico&#8221;. Estes s\u00e3o os passos em frente registrados nos \u00faltimos anos entre a Santa S\u00e9 e o Estado de Israel identificados pelo Arcebispo Paul Gallagher, Secret\u00e1rio para as Rela\u00e7\u00f5es com os Estados, como testemunha o acordo bilateral com o qual foram estabelecidas rela\u00e7\u00f5es diplom\u00e1ticas. A ocasi\u00e3o \u00e9 do Dia do Holocausto de hoje (08\/04),\u00a0<i>Yom HaShoah<\/i>, que cai no 27\u00ba dia do Nissan no calend\u00e1rio judaico, com a campanha #StopAntiSemitism, promovida pela Embaixada de Israel junto \u00e0 Santa S\u00e9 como parte do 55\u00ba anivers\u00e1rio da Declara\u00e7\u00e3o\u00a0<i>Nostra Aetate<\/i>, j\u00e1 em andamento h\u00e1 alguns meses.<\/p>\n<h2 style=\"text-align: justify;\"><b>Um clima de paz e serenidade<\/b><\/h2>\n<p style=\"text-align: justify;\">No seu pronunciamento em v\u00eddeo, o prelado destacou que esse mesmo documento fomentou a rela\u00e7\u00e3o entre o povo de Israel e a Igreja Cat\u00f3lica, &#8220;um processo hist\u00f3rico de reconcilia\u00e7\u00e3o e compreens\u00e3o m\u00fatua, resultado desse mesmo di\u00e1logo do qual fala\u00a0<i>Nostra Aetate<\/i>&#8220;. Um confronto, salientou Dom Gallagher, que \u00e9 sempre necess\u00e1rio e que &#8220;deve ser aberto e respeitoso para que se torne frut\u00edfero&#8221;. &#8220;O respeito ao direito dos outros \u00e0 vida e \u00e0 integridade f\u00edsica, \u00e0s liberdades fundamentais, isto \u00e9, \u00e0 liberdade de consci\u00eancia, de pensamento, de express\u00e3o e de religi\u00e3o, nos permite construir juntos um clima de paz de fraternidade, como recordado muitas vezes pelo Papa Francisco em sua enc\u00edclica\u00a0<i>Fratelli tutti<\/i>&#8220;.<\/p>\n<h2 style=\"text-align: justify;\"><b>A condena\u00e7\u00e3o do antissemitismo<br \/>\n<\/b><\/h2>\n<p style=\"text-align: justify;\">Nas suas palavras, Dom Gallagher reiterou &#8220;a condena\u00e7\u00e3o do antissemitismo em todas as formas e esp\u00e9cies&#8221;, j\u00e1 presente na\u00a0<i>Nostra Aetate<\/i>. Uma condena\u00e7\u00e3o &#8220;que n\u00e3o surgiu de repente&#8221;, explicou, mas que \u00e9 &#8220;fruto de atitudes amadurecidas no decorrer dos anos anteriores&#8221;. Refor\u00e7ando este pensamento, foi a descoberta de &#8220;uma pequena p\u00e9rola&#8221; no arquivo hist\u00f3rico da se\u00e7\u00e3o de Rela\u00e7\u00f5es com os Estados da Secretaria de Estado. \u00c9 uma correspond\u00eancia de 1919 entre o Conselho dos Rabinos Askenazi de Jerusal\u00e9m e a Santa S\u00e9, o Conselho pedia ajuda a Bento XV para que usasse &#8220;toda sua influ\u00eancia e for\u00e7a espiritual para p\u00f4r fim a atos de intoler\u00e2ncia e medidas antissemitas&#8221;, dos quais eram v\u00edtimas as comunidades judaicas da Europa Oriental.<\/p>\n<h2 style=\"text-align: justify;\"><b>Fraternidade a n\u00e3o ser pisoteada<\/b><\/h2>\n<p style=\"text-align: justify;\">Assim &#8220;j\u00e1 em 1919, dentro destes nossos muros, circulava &#8211; explicou Dom Gallagher &#8211; a firme convic\u00e7\u00e3o de que o princ\u00edpio da fraternidade n\u00e3o poderia ser pisoteado pela f\u00faria antissemita e se esperava que o direito \u00e0 religi\u00e3o fosse respeitado&#8221;. Para o prelado, o que foi relatado \u00e9 um exemplo &#8220;de uma gota d&#8217;\u00e1gua no mar&#8221; que deixa claro que n\u00e3o se podia &#8220;tolerar qualquer forma de antissemitismo&#8221; e que era necess\u00e1rio trabalhar para contrast\u00e1-lo. Uma a\u00e7\u00e3o marcante como a tomada pelo ent\u00e3o n\u00fancio apost\u00f3lico na Hungria, Dom Angelo Rotta, reconhecido como &#8220;Justo entre as Na\u00e7\u00f5es&#8221; por\u00a0<i>Yad Vashem\u00a0<\/i>por seus esfor\u00e7os para salvar os judeus do Holocausto. Um trabalho meticuloso e cuidadoso que foi poss\u00edvel &#8211; salientou Gallagher &#8211; gra\u00e7as tamb\u00e9m \u00e0 ajuda de Dom Gennaro Verolino.<\/p>\n<\/div>\n","protected":false},"excerpt":{"rendered":"<p>Coroa de flores em recorda\u00e7\u00e3o do Dia de Mem\u00f3ria do Holocausto comemorado hoje em Israel Em uma mensagem em v\u00eddeo, o Secret\u00e1rio de Rela\u00e7\u00f5es com os Estados do Vaticano anunciou a descoberta de uma correspond\u00eancia do in\u00edcio do s\u00e9culo XIX entre a Santa S\u00e9 e o Conselho dos Rabinos Askenazi de Jerusal\u00e9m, que reiterava que [&hellip;]<\/p>\n","protected":false},"author":1,"featured_media":67012,"comment_status":"open","ping_status":"closed","sticky":false,"template":"","format":"standard","meta":{"footnotes":""},"categories":[3],"tags":[],"class_list":["post-67011","post","type-post","status-publish","format-standard","has-post-thumbnail","hentry","category-vaticano"],"_links":{"self":[{"href":"https:\/\/catolicanet.net\/wp-cnet\/wp-json\/wp\/v2\/posts\/67011","targetHints":{"allow":["GET"]}}],"collection":[{"href":"https:\/\/catolicanet.net\/wp-cnet\/wp-json\/wp\/v2\/posts"}],"about":[{"href":"https:\/\/catolicanet.net\/wp-cnet\/wp-json\/wp\/v2\/types\/post"}],"author":[{"embeddable":true,"href":"https:\/\/catolicanet.net\/wp-cnet\/wp-json\/wp\/v2\/users\/1"}],"replies":[{"embeddable":true,"href":"https:\/\/catolicanet.net\/wp-cnet\/wp-json\/wp\/v2\/comments?post=67011"}],"version-history":[{"count":1,"href":"https:\/\/catolicanet.net\/wp-cnet\/wp-json\/wp\/v2\/posts\/67011\/revisions"}],"predecessor-version":[{"id":67013,"href":"https:\/\/catolicanet.net\/wp-cnet\/wp-json\/wp\/v2\/posts\/67011\/revisions\/67013"}],"wp:featuredmedia":[{"embeddable":true,"href":"https:\/\/catolicanet.net\/wp-cnet\/wp-json\/wp\/v2\/media\/67012"}],"wp:attachment":[{"href":"https:\/\/catolicanet.net\/wp-cnet\/wp-json\/wp\/v2\/media?parent=67011"}],"wp:term":[{"taxonomy":"category","embeddable":true,"href":"https:\/\/catolicanet.net\/wp-cnet\/wp-json\/wp\/v2\/categories?post=67011"},{"taxonomy":"post_tag","embeddable":true,"href":"https:\/\/catolicanet.net\/wp-cnet\/wp-json\/wp\/v2\/tags?post=67011"}],"curies":[{"name":"wp","href":"https:\/\/api.w.org\/{rel}","templated":true}]}}