{"id":66958,"date":"2021-04-05T10:29:06","date_gmt":"2021-04-05T13:29:06","guid":{"rendered":"https:\/\/catolicanet.net\/wp-cnet\/?p=66958"},"modified":"2021-04-05T14:31:13","modified_gmt":"2021-04-05T17:31:13","slug":"sentido-da-cumplicidade","status":"publish","type":"post","link":"https:\/\/catolicanet.net\/wp-cnet\/sentido-da-cumplicidade\/","title":{"rendered":"Sentido da cumplicidade"},"content":{"rendered":"<p style=\"text-align: justify;\">Na Enc\u00edclica Fratelli Tutti o Papa Francisco alude a certos casos de fechamento e de sil\u00eancios coniventes com o mal. S\u00e3o atitudes que n\u00e3o se primam pela transpar\u00eancia e honestidade, e impedem que seja constru\u00edda a verdadeira amizade social. O que est\u00e1 subentendido a\u00ed \u00e9 a injusti\u00e7a, que ocasiona descontentamento na comunidade, conflitos e incapacidade para gerar conviv\u00eancia feliz.<\/p>\n<p style=\"text-align: justify;\">A cumplicidade com prop\u00f3sitos escusos deixa como legado para o povo grandes feridas recalcadas de injusti\u00e7a. S\u00e3o realidades que nunca podem ser abandonadas e esquecidas, porque ficam rastros de sofrimento. No m\u00ednimo, por causa de malvadez nas atitudes, algu\u00e9m acaba sofrendo por ser ferido em sua dignidade. O Papa cita o que fizeram bombardeando Hiroxima e Nagasaki.<\/p>\n<p style=\"text-align: justify;\">Na hist\u00f3ria dos povos muitas atitudes causam vergonha para a humanidade, que n\u00e3o podem ser esquecidas e nem anestesiar as novas culturas. Al\u00e9m da trag\u00e9dia de Hiroxima e Nagasaki, tivemos grandes persegui\u00e7\u00f5es, com\u00e9rcio de escravos, massacres \u00e9tnicos, que n\u00e3o podem desaparecer da mente humana. Sem mente hist\u00f3rica n\u00e3o se consegue avan\u00e7ar, e revela coniv\u00eancia com um passado injusto.<\/p>\n<p style=\"text-align: justify;\">O horror \u00e0s viola\u00e7\u00f5es aos direitos humanos do passado deve agu\u00e7ar a mem\u00f3ria das sucessivas gera\u00e7\u00f5es do futuro para ser contra toda vontade de dom\u00ednio e destrui\u00e7\u00e3o. \u00c9 muita insensibilidade querer justificar erros de hoje a partir dos erros do passado, porque o mal n\u00e3o pode ser justificado com outro mal. Procedendo assim, a hist\u00f3ria cultural das gera\u00e7\u00f5es estar\u00e1 sendo sempre conivente com o erro.<\/p>\n<p style=\"text-align: justify;\">O caminho mais eficaz, acima de qualquer ato de vingan\u00e7a em rela\u00e7\u00e3o \u00e0s viol\u00eancias do passado, \u00e9 a via do reconhecimento, do perd\u00e3o e da mudan\u00e7a de rumo na conduta de vida. Isso n\u00e3o significa coniv\u00eancia e nem esquecimento do fato sombrio de outros tempos, mas consci\u00eancia de responsabilidade maior em rela\u00e7\u00e3o ao respeito que devemos ter aos valores da vida humana nos novos tempos.<\/p>\n<p style=\"text-align: justify;\">O Papa Francisco diz que n\u00e3o se trata de impunidade. Ele fala de perd\u00e3o e n\u00e3o descarga de rancor, de vingan\u00e7a, porque esse formato n\u00e3o ajuda a sociedade construir a paz, mas alerta para a pr\u00e1tica da justi\u00e7a, essencial para que exista o verdadeiro perd\u00e3o. Os \u00f3rg\u00e3os de Estado t\u00eam o compromisso premente de arbitrar em rela\u00e7\u00e3o \u00e0s quest\u00f5es que afetam a harmonia no meio de seu povo.<\/p>\n","protected":false},"excerpt":{"rendered":"<p>Na Enc\u00edclica Fratelli Tutti o Papa Francisco alude a certos casos de fechamento e de sil\u00eancios coniventes com o mal. S\u00e3o atitudes que n\u00e3o se primam pela transpar\u00eancia e honestidade, e impedem que seja constru\u00edda a verdadeira amizade social. O que est\u00e1 subentendido a\u00ed \u00e9 a injusti\u00e7a, que ocasiona descontentamento na comunidade, conflitos e incapacidade [&hellip;]<\/p>\n","protected":false},"author":11,"featured_media":55820,"comment_status":"open","ping_status":"closed","sticky":false,"template":"","format":"standard","meta":{"footnotes":""},"categories":[9],"tags":[],"class_list":["post-66958","post","type-post","status-publish","format-standard","has-post-thumbnail","hentry","category-artigos"],"_links":{"self":[{"href":"https:\/\/catolicanet.net\/wp-cnet\/wp-json\/wp\/v2\/posts\/66958","targetHints":{"allow":["GET"]}}],"collection":[{"href":"https:\/\/catolicanet.net\/wp-cnet\/wp-json\/wp\/v2\/posts"}],"about":[{"href":"https:\/\/catolicanet.net\/wp-cnet\/wp-json\/wp\/v2\/types\/post"}],"author":[{"embeddable":true,"href":"https:\/\/catolicanet.net\/wp-cnet\/wp-json\/wp\/v2\/users\/11"}],"replies":[{"embeddable":true,"href":"https:\/\/catolicanet.net\/wp-cnet\/wp-json\/wp\/v2\/comments?post=66958"}],"version-history":[{"count":1,"href":"https:\/\/catolicanet.net\/wp-cnet\/wp-json\/wp\/v2\/posts\/66958\/revisions"}],"predecessor-version":[{"id":66959,"href":"https:\/\/catolicanet.net\/wp-cnet\/wp-json\/wp\/v2\/posts\/66958\/revisions\/66959"}],"wp:featuredmedia":[{"embeddable":true,"href":"https:\/\/catolicanet.net\/wp-cnet\/wp-json\/wp\/v2\/media\/55820"}],"wp:attachment":[{"href":"https:\/\/catolicanet.net\/wp-cnet\/wp-json\/wp\/v2\/media?parent=66958"}],"wp:term":[{"taxonomy":"category","embeddable":true,"href":"https:\/\/catolicanet.net\/wp-cnet\/wp-json\/wp\/v2\/categories?post=66958"},{"taxonomy":"post_tag","embeddable":true,"href":"https:\/\/catolicanet.net\/wp-cnet\/wp-json\/wp\/v2\/tags?post=66958"}],"curies":[{"name":"wp","href":"https:\/\/api.w.org\/{rel}","templated":true}]}}