{"id":66942,"date":"2021-04-04T11:06:34","date_gmt":"2021-04-04T14:06:34","guid":{"rendered":"https:\/\/catolicanet.net\/wp-cnet\/?p=66942"},"modified":"2021-04-05T14:08:35","modified_gmt":"2021-04-05T17:08:35","slug":"jesus-esta-vivo-aleluia-aleluia-aleluia","status":"publish","type":"post","link":"https:\/\/catolicanet.net\/wp-cnet\/jesus-esta-vivo-aleluia-aleluia-aleluia\/","title":{"rendered":"Jesus est\u00e1 vivo, Aleluia, Aleluia, Aleluia!"},"content":{"rendered":"<p style=\"text-align: justify;\">A liturgia deste domingo celebra a Ressurrei\u00e7\u00e3o e garante-nos que a vida em plenitude resulta de uma exist\u00eancia feita dom e servi\u00e7o em favor dos irm\u00e3os. A Ressurrei\u00e7\u00e3o de Cristo \u00e9 o exemplo concreto que confirma tudo isto.<\/p>\n<p style=\"text-align: justify;\">Se no pres\u00e9pio o amor eterno tornou-se crian\u00e7a, contemplemos o amor de Jesus Ressuscitado. Aquele que nos amou at\u00e9 o fim, agora \u00e9 coroado na gl\u00f3ria, pois o Pai agradou-se com tudo o que Ele fez. Jesus \u00e9 a luz que dissipa as trevas. Que ressoe em toda a terra e em cada cora\u00e7\u00e3o a certeza de que a vida sempre vence a morte.<\/p>\n<p style=\"text-align: justify;\">\u00c9 P\u00e1scoa! \u00c9 vida! \u00c9 ressurrei\u00e7\u00e3o! A vida plena que encontramos em Cristo, via completa, total, est\u00e1 fundada na Ressurrei\u00e7\u00e3o de Cristo. Ela nos mostra que nossa realidade finita e nossa vida com tantas limita\u00e7\u00f5es encontram seu sentido no amor, que se d\u00e1 sem reservas, com radicalidade, como o de Cristo. Quem ama n\u00e3o ver\u00e1 o fracasso.<\/p>\n<p style=\"text-align: justify;\">A primeira leitura(At 10,34a.37-43) apresenta o exemplo de Cristo que \u201cpassou pelo mundo fazendo o bem\u201d e que, por amor, se deu at\u00e9 \u00e0 morte; por isso, Deus ressuscitou-O. Os disc\u00edpulos, testemunhas desta din\u00e2mica, devem anunciar este \u201ccaminho\u201d a todos os homens.<\/p>\n<p style=\"text-align: justify;\">O Evangelho(Jo 20,1-9) coloca-nos diante de duas atitudes face \u00e0 ressurrei\u00e7\u00e3o: a do disc\u00edpulo obstinado, que se recusa a aceit\u00e1-la porque, na sua l\u00f3gica, o amor total e a doa\u00e7\u00e3o da vida n\u00e3o podem, nunca, ser geradores de vida nova; e a do disc\u00edpulo ideal, que ama Jesus e que, por isso, entende o seu caminho e a sua proposta (a esse n\u00e3o o escandaliza nem o espanta que da cruz tenha nascido a vida plena, a vida verdadeira). Madalena corre, Pedro corre, o outro disc\u00edpulo corre. H\u00e1 uma pressa para saber onde est\u00e1 o Senhor. Que aprendamos, tamb\u00e9m n\u00f3s, a sermos pressurosos nessa busca, mas n\u00e3o nos deixemos parar pelo sepulcro: tenhamos os olhos al\u00e9m, onde se encontra o autor de nossa f\u00e9.<\/p>\n<p style=\"text-align: justify;\">A segunda leitura(Cl 3,1-4) convida os crist\u00e3os, revestidos de Cristo pelo baptismo, a continuarem a sua caminhada de vida nova, at\u00e9 \u00e0 transforma\u00e7\u00e3o plena (que acontecer\u00e1 quando, pela morte, tivermos ultrapassado a \u00faltima barreira da nossa finitude). Como ensina S\u00e3o Paulo, nossos cora\u00e7\u00f5es se voltam para o alto. \u00c9 por isso que, como respondemos na Missa, \u201cnosso cora\u00e7\u00e3o est\u00e1 em Deus\u201d. Ele foi resgatado da morte para uma vida santa, acolhida pelo Pai e renovada na f\u00e9. Jesus, que passou a vida fazendo o bem, continua em nosso meio com sua gra\u00e7a infinita. Ressuscitado dos mortos, j\u00e1 n\u00e3o morre, e assim nos alimenta com o p\u00e3o prometido; um p\u00e3o que n\u00e3o perece e uma \u00e1gua de vida eterna.<\/p>\n<p style=\"text-align: justify;\">Com os olhos erguidos para o alto da cruz, o ser humano enxerga a si mesmo. Com os olhos sobre a pedra rolada, olhamos para tr\u00e1s e percebemos, sem poder explicar, o mist\u00e9rio que nos une.<\/p>\n<p style=\"text-align: justify;\">Neste dia santo as trevas fogem para longe e o Sol Invicto brilha sobre n\u00f3s. Ao celebrarmos a P\u00e1scoa anual do Senhor, raz\u00e3o primordial de nossa f\u00e9 em Cristo Jesus, a Igreja e cada um de n\u00f3s d\u00e1 louvor ao Pai por ter resgatado o seu Unig\u00eanito da mans\u00e3o dos mortos e por nos ter inserido na vida plena pela Ressurrei\u00e7\u00e3o de seu Filho. Desejo a todos os meus leitores uma Santa e aben\u00e7oada P\u00e1scoa. Alegremo-nos, hoje, com a Ressurrei\u00e7\u00e3o de Cristo e a proclamemos em todos os quadrantes do mundo! Jesus Cristo Ressuscitou verdadeiramente, Aleluia, Aleluia, Aleluia!<\/p>\n","protected":false},"excerpt":{"rendered":"<p>A liturgia deste domingo celebra a Ressurrei\u00e7\u00e3o e garante-nos que a vida em plenitude resulta de uma exist\u00eancia feita dom e servi\u00e7o em favor dos irm\u00e3os. A Ressurrei\u00e7\u00e3o de Cristo \u00e9 o exemplo concreto que confirma tudo isto. Se no pres\u00e9pio o amor eterno tornou-se crian\u00e7a, contemplemos o amor de Jesus Ressuscitado. Aquele que nos [&hellip;]<\/p>\n","protected":false},"author":10,"featured_media":55817,"comment_status":"open","ping_status":"closed","sticky":false,"template":"","format":"standard","meta":{"footnotes":""},"categories":[9],"tags":[],"class_list":["post-66942","post","type-post","status-publish","format-standard","has-post-thumbnail","hentry","category-artigos"],"_links":{"self":[{"href":"https:\/\/catolicanet.net\/wp-cnet\/wp-json\/wp\/v2\/posts\/66942","targetHints":{"allow":["GET"]}}],"collection":[{"href":"https:\/\/catolicanet.net\/wp-cnet\/wp-json\/wp\/v2\/posts"}],"about":[{"href":"https:\/\/catolicanet.net\/wp-cnet\/wp-json\/wp\/v2\/types\/post"}],"author":[{"embeddable":true,"href":"https:\/\/catolicanet.net\/wp-cnet\/wp-json\/wp\/v2\/users\/10"}],"replies":[{"embeddable":true,"href":"https:\/\/catolicanet.net\/wp-cnet\/wp-json\/wp\/v2\/comments?post=66942"}],"version-history":[{"count":1,"href":"https:\/\/catolicanet.net\/wp-cnet\/wp-json\/wp\/v2\/posts\/66942\/revisions"}],"predecessor-version":[{"id":66943,"href":"https:\/\/catolicanet.net\/wp-cnet\/wp-json\/wp\/v2\/posts\/66942\/revisions\/66943"}],"wp:featuredmedia":[{"embeddable":true,"href":"https:\/\/catolicanet.net\/wp-cnet\/wp-json\/wp\/v2\/media\/55817"}],"wp:attachment":[{"href":"https:\/\/catolicanet.net\/wp-cnet\/wp-json\/wp\/v2\/media?parent=66942"}],"wp:term":[{"taxonomy":"category","embeddable":true,"href":"https:\/\/catolicanet.net\/wp-cnet\/wp-json\/wp\/v2\/categories?post=66942"},{"taxonomy":"post_tag","embeddable":true,"href":"https:\/\/catolicanet.net\/wp-cnet\/wp-json\/wp\/v2\/tags?post=66942"}],"curies":[{"name":"wp","href":"https:\/\/api.w.org\/{rel}","templated":true}]}}