{"id":66931,"date":"2021-04-01T09:31:09","date_gmt":"2021-04-01T12:31:09","guid":{"rendered":"https:\/\/catolicanet.net\/wp-cnet\/?p=66931"},"modified":"2021-04-05T13:42:10","modified_gmt":"2021-04-05T16:42:10","slug":"missa-da-ceia-do-senhor-2","status":"publish","type":"post","link":"https:\/\/catolicanet.net\/wp-cnet\/missa-da-ceia-do-senhor-2\/","title":{"rendered":"MISSA DA CEIA DO SENHOR"},"content":{"rendered":"<p style=\"text-align: justify;\">Perpassado os quarenta dias do Tempo Quaresmal, vivenciado cada momento de penit\u00eancia, jejum e ora\u00e7\u00e3o, iniciamos com a Missa da Ceia do Senhor, a abertura do Tr\u00edduo Pascal, em que Cristo Sacerdote por excel\u00eancia institui o Sacramento do Amor. Portanto, tal celebra\u00e7\u00e3o nos recorda <em>\u201ca institui\u00e7\u00e3o do sacerd\u00f3cio ministerial e o servi\u00e7o fraterno da caridade\u201d<\/em> (Missal Dominical \u2013 Missal da Assembleia Crist\u00e3o. Adaptado).<\/p>\n<p style=\"text-align: justify;\">A Ceia do Senhor \u00e9 o primeiro ato da Paix\u00e3o, Morte e Ressurrei\u00e7\u00e3o de Cristo, pois atrav\u00e9s desta a\u00e7\u00e3o, Jesus institui o Mandamento do Amor. \u201c<em>Antes da festa da P\u00e1scoa. Jesus sabia que tinha chegado a sua hora de passar deste mundo para o Pai; tendo amado os seus que estavam no mundo, amou-os at\u00e9 o fim\u201d (cf. Jo 13,1).<\/em> Cristo necessitava dar o exemplo de que o Mestre \u00e9 Servo, sempre pronto a socorrer e servir aos que lhe s\u00e3o confiados. Por isto, o ato de Lavar os P\u00e9s, foi um verdadeiro gesto de como fazer e refazer, a qualquer momento, os gestos de servi\u00e7o m\u00fatuo. Al\u00e9m disto, Lavar os P\u00e9s \u00e9 a maneira de fazer parte do Cristo, pois o ele mesmo disse: <em>\u201cSe eu n\u00e3o te lavar, n\u00e3o ter\u00e1s parte comigo\u201d (cf. Jo 13,8).<\/em><\/p>\n<p style=\"text-align: justify;\">Na mesma Ceia, Cristo d\u00e1-se como o Seu Corpo e Sangue, como a Verdadeira Comida e Verdadeira Bebida: \u201c<em>Na noite em que foi entregue, o Senhor Jesus tomou o p\u00e3o e, depois de dar gra\u00e7as, partiu-o e disse: &#8216;Isto \u00e9 o meu corpo que \u00e9 dado por v\u00f3s. Fazei isto em minha mem\u00f3ria&#8217;. Do mesmo modo, depois da ceia, tomou tamb\u00e9m o c\u00e1lice e disse: &#8216;Este c\u00e1lice \u00e9 a nova alian\u00e7a, em meu sangue. Todas as vezes que dele beberdes, fazei-o em mem\u00f3ria de mim&#8217;\u201d (cf. 1Cor 11,23a-25)<\/em>. Sendo assim, o Sacramento da Eucaristia, \u00e9 institu\u00eddo como sinal de Amor pela Paix\u00e3o e Morte de Cristo, em favor de nossa salva\u00e7\u00e3o e perman\u00eancia em sua comunh\u00e3o.<\/p>\n<p style=\"text-align: justify;\">Assim, <em>\u201crenovemos os gestos e as palavras de Jesus na \u00faltima ceia com os seus disc\u00edpulos, o memorial do seu sacrif\u00edcio. A fraternidade que nos une neste dia de festa, como em toda eucaristia, est\u00e1 fundada sobre o dom de sua vida por n\u00f3s e sobre nossa disponibilidade em dar a vida pelos outros <\/em>(Missal Dominical \u2013 Missal da Assembleia Crist\u00e3o. Adaptado)<em>. <\/em>E cheios desta verdadeira alegria, que entoemos juntos estas lindas palavras:<\/p>\n<p style=\"text-align: justify;\">\n<p style=\"text-align: justify;\"><em>\u201cQuanto a n\u00f3s devemos gloriar-nos na cruz<\/em><\/p>\n<p style=\"text-align: justify;\"><em>De nosso Senhor Jesus Cristo<\/em><\/p>\n<p style=\"text-align: justify;\"><em>Que \u00e9 nossa salva\u00e7\u00e3o, nossa vida<\/em><\/p>\n<p style=\"text-align: justify;\"><em>Nossa esperan\u00e7a de ressurrei\u00e7\u00e3o<\/em><\/p>\n<p style=\"text-align: justify;\"><em>E, pelo qual fomos salvos e libertos<\/em><\/p>\n<p style=\"text-align: justify;\"><em>Esta \u00e9 a noite da ceia pascal<\/em><\/p>\n<p style=\"text-align: justify;\"><em>A ceia em que o nosso Cordeiro se imolou<\/em><\/p>\n<p style=\"text-align: justify;\"><em>Esta \u00e9 a noite da ceia do amor<\/em><\/p>\n<p style=\"text-align: justify;\"><em>A ceia em que Jesus por n\u00f3s se entregou<\/em><\/p>\n<p style=\"text-align: justify;\"><em>Esta \u00e9 a ceia da nova alian\u00e7a<\/em><\/p>\n<p style=\"text-align: justify;\"><em>A alian\u00e7a confirmada no sangue do Senhor\u201d<\/em><\/p>\n<p style=\"text-align: justify;\">\n<p style=\"text-align: justify;\">Sauda\u00e7\u00f5es em Cristo!<\/p>\n","protected":false},"excerpt":{"rendered":"<p>Perpassado os quarenta dias do Tempo Quaresmal, vivenciado cada momento de penit\u00eancia, jejum e ora\u00e7\u00e3o, iniciamos com a Missa da Ceia do Senhor, a abertura do Tr\u00edduo Pascal, em que Cristo Sacerdote por excel\u00eancia institui o Sacramento do Amor. Portanto, tal celebra\u00e7\u00e3o nos recorda \u201ca institui\u00e7\u00e3o do sacerd\u00f3cio ministerial e o servi\u00e7o fraterno da caridade\u201d [&hellip;]<\/p>\n","protected":false},"author":10,"featured_media":55817,"comment_status":"open","ping_status":"closed","sticky":false,"template":"","format":"standard","meta":{"footnotes":""},"categories":[9],"tags":[],"class_list":["post-66931","post","type-post","status-publish","format-standard","has-post-thumbnail","hentry","category-artigos"],"_links":{"self":[{"href":"https:\/\/catolicanet.net\/wp-cnet\/wp-json\/wp\/v2\/posts\/66931","targetHints":{"allow":["GET"]}}],"collection":[{"href":"https:\/\/catolicanet.net\/wp-cnet\/wp-json\/wp\/v2\/posts"}],"about":[{"href":"https:\/\/catolicanet.net\/wp-cnet\/wp-json\/wp\/v2\/types\/post"}],"author":[{"embeddable":true,"href":"https:\/\/catolicanet.net\/wp-cnet\/wp-json\/wp\/v2\/users\/10"}],"replies":[{"embeddable":true,"href":"https:\/\/catolicanet.net\/wp-cnet\/wp-json\/wp\/v2\/comments?post=66931"}],"version-history":[{"count":1,"href":"https:\/\/catolicanet.net\/wp-cnet\/wp-json\/wp\/v2\/posts\/66931\/revisions"}],"predecessor-version":[{"id":66932,"href":"https:\/\/catolicanet.net\/wp-cnet\/wp-json\/wp\/v2\/posts\/66931\/revisions\/66932"}],"wp:featuredmedia":[{"embeddable":true,"href":"https:\/\/catolicanet.net\/wp-cnet\/wp-json\/wp\/v2\/media\/55817"}],"wp:attachment":[{"href":"https:\/\/catolicanet.net\/wp-cnet\/wp-json\/wp\/v2\/media?parent=66931"}],"wp:term":[{"taxonomy":"category","embeddable":true,"href":"https:\/\/catolicanet.net\/wp-cnet\/wp-json\/wp\/v2\/categories?post=66931"},{"taxonomy":"post_tag","embeddable":true,"href":"https:\/\/catolicanet.net\/wp-cnet\/wp-json\/wp\/v2\/tags?post=66931"}],"curies":[{"name":"wp","href":"https:\/\/api.w.org\/{rel}","templated":true}]}}