{"id":66924,"date":"2021-04-01T09:25:31","date_gmt":"2021-04-01T12:25:31","guid":{"rendered":"https:\/\/catolicanet.net\/wp-cnet\/?p=66924"},"modified":"2021-04-05T12:26:21","modified_gmt":"2021-04-05T15:26:21","slug":"dores-de-nossa-senhora-2","status":"publish","type":"post","link":"https:\/\/catolicanet.net\/wp-cnet\/dores-de-nossa-senhora-2\/","title":{"rendered":"DORES DE NOSSA SENHORA"},"content":{"rendered":"<p style=\"text-align: justify;\"><strong>\u00a0\u00a0\u00a0\u00a0\u00a0\u00a0\u00a0\u00a0 <\/strong><em>Nossa Senhora Virgem do Sil\u00eancio, <\/em>mulher piedosa e temente a Deus. Mulher fiel que ouve e se entrega por completo aos des\u00edgnios do Alt\u00edssimo, pois ao declarar o <em>\u201cEis aqui a serva do Senhor, fa\u00e7a-se em mim segundo a tua palavra\u201d (cf. Lucas 1,38)<\/em>, \u00e9 confiar sem medidas nos Planos de Deus. Planos estes que leva a confiar, at\u00e9 mesmo, no caminho doloroso da Cruz, de ver o seu Filho Amado vivenciando as maiores das dores para a liberta\u00e7\u00e3o da humidade.<\/p>\n<p style=\"text-align: justify;\"><em>L\u00e1grimas de sangue nos teus olhos. Estigma e mart\u00edrio da alma&#8230; <\/em>A dor vivenciada pela Virgem Sant\u00edssima, atrav\u00e9s da sua Soledade na Paix\u00e3o e Morte de Jesus de Cristo, demonstra-nos que mesmo em meio a dor, a confian\u00e7a e fidelidade em prosseguir a <em>Via Crucis <\/em>\u00e9 somente atrav\u00e9s da for\u00e7a do amor. Afinal, Maria j\u00e1 estava ciente que Jesus seria o divisor de \u00e1guas e o promotor da unidade, mesmo que isto chegasse \u00e0 entrega total na Cruz, pois o velho Sime\u00e3o j\u00e1 tinha profetizado:<em> \u201cQuanto a ti, uma espada te transpassar\u00e1 a alma\u201d (cf. Lucas 2,35), <\/em>assim a dor impulsada pelo terr\u00edvel golpe da morte do seu Filho Amado, demonstra que mesmo vivenciado todo o vazio da perda, Maria se manteve em p\u00e9 e confiando intrinsicamente nos Planos de Deus, afinal a entrega de Jesus \u00e9 para afirmar: <em>\u201cEis que fa\u00e7o novas todas as coisas\u201d (Apocalipse 21,5).<\/em><\/p>\n<p style=\"text-align: justify;\">Relembrar as Dores da Virgem do Sil\u00eancio, \u00e9 meditar que mesmo passando pelas maiores das dificuldades, das maiores perdas, de testemunhar a crueldade vivida por Jesus Cristo, Maria nos mostra que somente atrav\u00e9s do amor, do perd\u00e3o e confian\u00e7a em Deus, que possamos enfrentar qualquer dor, qualquer desafio.<\/p>\n<p style=\"text-align: justify;\">Que possamos seguir o exemplo de Nossa Senhora das Dores, ao enfrentar as dores que possam aparecer em nossas vidas. E, claro, seguir junto a esta M\u00e3e Dulc\u00edssima os passos da Paix\u00e3o de Jesus Cristo: \u201c<em>Quero estar ao teu lado na cruz, sofrendo as dores de Jesus. E dizer que na loucura da cruz vou seguir\u201d (Virgem do Sil\u00eancio \u2013 Toca de Assis).<\/em><\/p>\n<p style=\"text-align: justify;\">Sauda\u00e7\u00f5es em Cristo!<\/p>\n","protected":false},"excerpt":{"rendered":"<p>\u00a0\u00a0\u00a0\u00a0\u00a0\u00a0\u00a0\u00a0 Nossa Senhora Virgem do Sil\u00eancio, mulher piedosa e temente a Deus. Mulher fiel que ouve e se entrega por completo aos des\u00edgnios do Alt\u00edssimo, pois ao declarar o \u201cEis aqui a serva do Senhor, fa\u00e7a-se em mim segundo a tua palavra\u201d (cf. Lucas 1,38), \u00e9 confiar sem medidas nos Planos de Deus. Planos estes [&hellip;]<\/p>\n","protected":false},"author":10,"featured_media":55817,"comment_status":"open","ping_status":"closed","sticky":false,"template":"","format":"standard","meta":{"footnotes":""},"categories":[9],"tags":[],"class_list":["post-66924","post","type-post","status-publish","format-standard","has-post-thumbnail","hentry","category-artigos"],"_links":{"self":[{"href":"https:\/\/catolicanet.net\/wp-cnet\/wp-json\/wp\/v2\/posts\/66924","targetHints":{"allow":["GET"]}}],"collection":[{"href":"https:\/\/catolicanet.net\/wp-cnet\/wp-json\/wp\/v2\/posts"}],"about":[{"href":"https:\/\/catolicanet.net\/wp-cnet\/wp-json\/wp\/v2\/types\/post"}],"author":[{"embeddable":true,"href":"https:\/\/catolicanet.net\/wp-cnet\/wp-json\/wp\/v2\/users\/10"}],"replies":[{"embeddable":true,"href":"https:\/\/catolicanet.net\/wp-cnet\/wp-json\/wp\/v2\/comments?post=66924"}],"version-history":[{"count":1,"href":"https:\/\/catolicanet.net\/wp-cnet\/wp-json\/wp\/v2\/posts\/66924\/revisions"}],"predecessor-version":[{"id":66925,"href":"https:\/\/catolicanet.net\/wp-cnet\/wp-json\/wp\/v2\/posts\/66924\/revisions\/66925"}],"wp:featuredmedia":[{"embeddable":true,"href":"https:\/\/catolicanet.net\/wp-cnet\/wp-json\/wp\/v2\/media\/55817"}],"wp:attachment":[{"href":"https:\/\/catolicanet.net\/wp-cnet\/wp-json\/wp\/v2\/media?parent=66924"}],"wp:term":[{"taxonomy":"category","embeddable":true,"href":"https:\/\/catolicanet.net\/wp-cnet\/wp-json\/wp\/v2\/categories?post=66924"},{"taxonomy":"post_tag","embeddable":true,"href":"https:\/\/catolicanet.net\/wp-cnet\/wp-json\/wp\/v2\/tags?post=66924"}],"curies":[{"name":"wp","href":"https:\/\/api.w.org\/{rel}","templated":true}]}}