{"id":66903,"date":"2021-04-02T09:07:55","date_gmt":"2021-04-02T12:07:55","guid":{"rendered":"https:\/\/catolicanet.net\/wp-cnet\/?p=66903"},"modified":"2021-04-05T12:09:17","modified_gmt":"2021-04-05T15:09:17","slug":"sexta-feira-santa-4","status":"publish","type":"post","link":"https:\/\/catolicanet.net\/wp-cnet\/sexta-feira-santa-4\/","title":{"rendered":"Sexta-Feira Santa"},"content":{"rendered":"<p style=\"text-align: justify;\">\u00a0\u00a0 \u00a0\u00a0\u00a0\u00a0\u00a0 \u00a0A Sexta-Feira Santa \u00e9 considerada pela Liturgia como de amorosa contempla\u00e7\u00e3o do sacrif\u00edcio cruento de Jesus, fonte da nossa salva\u00e7\u00e3o. \u00c9 o segundo passo do tr\u00edduo pascal. A Igreja celebra a morte vitoriosa do Senhor. Por isso, fala de \u201cbem-aventurada\u201d e \u201cgloriosa\u201d paix\u00e3o.<\/p>\n<p style=\"text-align: justify;\">A A\u00e7\u00e3o Lit\u00fargica da tarde consiste em: 1 \u2013 Liturgia da Palavra (com a leitura da Paix\u00e3o segundo Jo\u00e3o) seguida das ora\u00e7\u00f5es por todas as inten\u00e7\u00f5es; 2 \u2013 Adora\u00e7\u00e3o da Cruz (neste ano sem o beijo da cruz); e 3 \u2013 \u00a0A comunh\u00e3o (que foi conservada da consagra\u00e7\u00e3o do dia anterior). Como a Eucaristia n\u00e3o \u00e9 celebrada, o altar estar\u00e1 inteiramente desnudado: sem cruz, sem velas e sem toalhas. S\u00f3 ser\u00e1 preparado no momento da comunh\u00e3o.<\/p>\n<p style=\"text-align: justify;\">\u00a0\u00a0\u00a0 \u00a0\u00a0\u00a0\u00a0 A Primeira Leitura \u00e9 de Is 52,13-15; 53,1-12. O singular personagem tem uma origem humilde e ignorada pelo mundo. As caracter\u00edsticas do servo do Senhor s\u00e3o humilha\u00e7\u00e3o e feiura. O servo do Senhor n\u00e3o est\u00e1 nessa condi\u00e7\u00e3o por causa de pecados pessoais, mas por uma pena ou sofrimento. Ele \u00e9 inocente e sofre por causa das iniquidades dos outros: <em>\u201cEram as nossas doen\u00e7as que ele carregava, eram as nossas dores que ele castigado, um homem ferido por Deus e humilhado. Mas ele estava sendo transpassado por causa de nossas revoltas, esmagado por nossos crimes. Caiu sobre ele o castigo que nos deixaria quites; e por suas feridas \u00e9 que veio a cura para n\u00f3s\u201d<\/em> (Is 53,4-5).<\/p>\n<p style=\"text-align: justify;\">\u00a0\u00a0 \u00a0\u00a0\u00a0\u00a0\u00a0 \u00a0Na Segunda Leitura temos Hb 4,14-16;5,7-9 \u2013 em que o texto da carta aos Hebreus determina que a figura do \u201cServo do Senhor\u201d n\u00e3o somente cumpre-se em Cristo, mas \u00e9 tamb\u00e9m o \u201csumo sacerdote\u201d, a quem devemos toda a nossa fidelidade e confian\u00e7a. O autor da carta aos Hebreus acentua a obedi\u00eancia de Cristo, que <em>\u201cembora sendo Filho de Deus, aprendeu a ser obediente atrav\u00e9s de seus sofrimentos\u201d<\/em> (Hb 5,8), e a sua \u201cora\u00e7\u00e3o\u201d ao Pai para obter a plena atua\u00e7\u00e3o da sua vontade salv\u00edfica: <em>\u201cDurante a sua vida na terra, Cristo fez ora\u00e7\u00f5es e s\u00faplicas a Deus, em voz alta e com l\u00e1grimas, ao Deus que o podia salvar da morte. E Deus o escutou, porque ele foi submisso\u201d<\/em> (v.7).<\/p>\n<p style=\"text-align: justify;\">O Evangelho lido neste dia \u00e9 o de Jo\u00e3o 18,1-19,42 (podendo ser abreviado). Na contempla\u00e7\u00e3o joanina da paix\u00e3o e da cruz, diferentes temas se fundem em uma nova s\u00edntese de grande riqueza teol\u00f3gica: a hora de Jesus, a sua nova s\u00edntese de grande riqueza teol\u00f3gica: a hora de Jesus, a sua exalta\u00e7\u00e3o r\u00e9gia, a reuni\u00e3o na unidade dos dispersos filhos de Deus.<\/p>\n<p style=\"text-align: justify;\">\u00a0\u00a0\u00a0 \u00a0\u00a0\u00a0\u00a0 Podemos destacar dois tra\u00e7os significativos de Jesus durante a paix\u00e3o: a sua completa liberdade e a sua perfeita consci\u00eancia. Jesus realiza a obra da Salva\u00e7\u00e3o n\u00e3o como v\u00edtima impotente e resignada, mas na atitude soberana de quem conhece o sentido dos acontecimentos e os aceita livremente. Com esta vis\u00e3o joanina do sacrif\u00edcio pascal, a Liturgia da Sexta-Feira Santa quer nos ajudar a compreender os sinais da divindade e da gl\u00f3ria de Cristo, atendo-se mais a esse aspecto do que \u00e0 descri\u00e7\u00e3o do seu sofrimento humano.<\/p>\n<p style=\"text-align: justify;\">\u00a0\u00a0\u00a0 \u00a0\u00a0\u00a0\u00a0 Devemos tamb\u00e9m notar que Jo\u00e3o d\u00e1 um influxo da morte de Cristo sobre a vida da Igreja: o car\u00e1ter sacerdotal desta morte (estamos assim ligados ao texto da Segunda Leitura); o seu prolongamento sacramental na \u00e1gua e no sangue; a sua \u00edntima liga\u00e7\u00e3o com o dom do Esp\u00edrito e com o nascimento, representada por Jo\u00e3o e Maria. Por isso, deve-se sublinhar a particular transmiss\u00e3o do evangelista sobre a presen\u00e7a de Maria ao p\u00e9 da cruz.<\/p>\n<p style=\"text-align: justify;\">\u00a0\u00a0\u00a0 \u00a0\u00a0\u00a0\u00a0 Neste dia, temos as preces dirigidas nas seguintes ordens: 1) pela Santa Igreja; 2) pelo Papa; 3) por todas as ordens sacras e por todos os fi\u00e9is; 4) pelos catec\u00famenos; 5) pela unidade dos crist\u00e3os; 6) pelos judeus; 7) pelos n\u00e3o-crist\u00e3os; 8) por aqueles que n\u00e3o creem em Deus; 9) pelos governantes; 10) pelos atribulados. Foi pedida pela Congrega\u00e7\u00e3o do Culto divino que fosse acrescentada uma outra ora\u00e7\u00e3o, que, a ju\u00edzo do ordin\u00e1rio do lugar pelos doentes e falecidos da Covid-19. A nossa Confer\u00eancia Episcopal deu sugest\u00e3o para esse texto.<\/p>\n<p style=\"text-align: justify;\">\u00a0\u00a0 \u00a0\u00a0\u00a0\u00a0\u00a0 \u00a0O rito da apresenta\u00e7\u00e3o e da Adora\u00e7\u00e3o da Cruz nasce como ato consequente \u00e0 proclama\u00e7\u00e3o da paix\u00e3o de Cristo. A Igreja ergue o sinal da vit\u00f3ria do Senhor, como que para concretizar nesse gesto a realiza\u00e7\u00e3o da sua palavra: <em>\u201cQuando voc\u00eas levantarem o Filho do Homem, saber\u00e3o que Eu sou\u201d<\/em> (Jo 8,28); <em>\u201cQuando eu for levantado da terra, atrairei todos a mim\u201d<\/em> (Jo 12,32). O rito quer, portanto, significar esse aspecto vitorioso e triunfal do esc\u00e2ndalo da cruz; <em>\u201cEis o madeiro da cruz, no qual foi suspenso Cristo, Salvador do mundo\u201d<\/em>. A assembleia prostrada canta: <em>\u201cVinde, adoremos\u201d<\/em>. Neste ano faremos um gesto de adora\u00e7\u00e3o do local onde estivermos pois ser\u00e1 evitado o beijo da cruz.<\/p>\n<p style=\"text-align: justify;\">\u00a0\u00a0\u00a0 \u00a0\u00a0\u00a0\u00a0 A comunh\u00e3o \u00e9 dada ao povo. Esta Eucaristia foi consagrada na Quinta-Feira Santa (na Missa da Institui\u00e7\u00e3o da Eucaristia). A Sexta-Feira Santa \u00e9 o \u00fanico dia do ano em que n\u00e3o se celebra a Missa, e sim uma a\u00e7\u00e3o lit\u00fargica. A celebra\u00e7\u00e3o encerra com a ora\u00e7\u00e3o do presidente sobre o povo: <em>\u201cDeus onipotente e eterno que renovastes o mundo com a gloriosa morte e ressurrei\u00e7\u00e3o do vosso Cristo, conservai em n\u00f3s a obra da vossa miseric\u00f3rdia, a fim de que a participa\u00e7\u00e3o neste grande mist\u00e9rio nos consagre para sempre ao vosso servi\u00e7o\u201d<\/em>. Assim, ainda prossegue o presidente: <em>\u201c\u00d3 Pai, des\u00e7a a vossa b\u00ean\u00e7\u00e3o sobre este povo que comemorou a morte do vosso Filho na esperan\u00e7a de ressuscitar com ele; venha o perd\u00e3o e a consola\u00e7\u00e3o, aumente a f\u00e9, cres\u00e7a a certeza na reden\u00e7\u00e3o eterna\u201d<\/em>.<\/p>\n<p style=\"text-align: justify;\">A efic\u00e1cia da Paix\u00e3o n\u00e3o tem fim. Vem inundando constantemente o mundo de paz, de gra\u00e7a, de perd\u00e3o, de felicidade nas almas, de salva\u00e7\u00e3o. A reden\u00e7\u00e3o realizada uma vez por Cristo aplica-se a cada homem, com a coopera\u00e7\u00e3o da sua liberdade. Cada um de n\u00f3s pode dizer de verdade: o Filho de Deus amou-me e entregou-se por mim.<\/p>\n","protected":false},"excerpt":{"rendered":"<p>\u00a0\u00a0 \u00a0\u00a0\u00a0\u00a0\u00a0 \u00a0A Sexta-Feira Santa \u00e9 considerada pela Liturgia como de amorosa contempla\u00e7\u00e3o do sacrif\u00edcio cruento de Jesus, fonte da nossa salva\u00e7\u00e3o. \u00c9 o segundo passo do tr\u00edduo pascal. A Igreja celebra a morte vitoriosa do Senhor. Por isso, fala de \u201cbem-aventurada\u201d e \u201cgloriosa\u201d paix\u00e3o. A A\u00e7\u00e3o Lit\u00fargica da tarde consiste em: 1 \u2013 Liturgia [&hellip;]<\/p>\n","protected":false},"author":5,"featured_media":55819,"comment_status":"open","ping_status":"closed","sticky":false,"template":"","format":"standard","meta":{"footnotes":""},"categories":[9],"tags":[],"class_list":["post-66903","post","type-post","status-publish","format-standard","has-post-thumbnail","hentry","category-artigos"],"_links":{"self":[{"href":"https:\/\/catolicanet.net\/wp-cnet\/wp-json\/wp\/v2\/posts\/66903","targetHints":{"allow":["GET"]}}],"collection":[{"href":"https:\/\/catolicanet.net\/wp-cnet\/wp-json\/wp\/v2\/posts"}],"about":[{"href":"https:\/\/catolicanet.net\/wp-cnet\/wp-json\/wp\/v2\/types\/post"}],"author":[{"embeddable":true,"href":"https:\/\/catolicanet.net\/wp-cnet\/wp-json\/wp\/v2\/users\/5"}],"replies":[{"embeddable":true,"href":"https:\/\/catolicanet.net\/wp-cnet\/wp-json\/wp\/v2\/comments?post=66903"}],"version-history":[{"count":1,"href":"https:\/\/catolicanet.net\/wp-cnet\/wp-json\/wp\/v2\/posts\/66903\/revisions"}],"predecessor-version":[{"id":66904,"href":"https:\/\/catolicanet.net\/wp-cnet\/wp-json\/wp\/v2\/posts\/66903\/revisions\/66904"}],"wp:featuredmedia":[{"embeddable":true,"href":"https:\/\/catolicanet.net\/wp-cnet\/wp-json\/wp\/v2\/media\/55819"}],"wp:attachment":[{"href":"https:\/\/catolicanet.net\/wp-cnet\/wp-json\/wp\/v2\/media?parent=66903"}],"wp:term":[{"taxonomy":"category","embeddable":true,"href":"https:\/\/catolicanet.net\/wp-cnet\/wp-json\/wp\/v2\/categories?post=66903"},{"taxonomy":"post_tag","embeddable":true,"href":"https:\/\/catolicanet.net\/wp-cnet\/wp-json\/wp\/v2\/tags?post=66903"}],"curies":[{"name":"wp","href":"https:\/\/api.w.org\/{rel}","templated":true}]}}