{"id":66899,"date":"2021-04-05T04:04:49","date_gmt":"2021-04-05T07:04:49","guid":{"rendered":"https:\/\/catolicanet.net\/wp-cnet\/?p=66899"},"modified":"2021-04-05T12:05:51","modified_gmt":"2021-04-05T15:05:51","slug":"ressuscitou","status":"publish","type":"post","link":"https:\/\/catolicanet.net\/wp-cnet\/ressuscitou\/","title":{"rendered":"RESSUSCITOU"},"content":{"rendered":"<p style=\"text-align: justify;\">\u00a0\u00a0\u00a0\u00a0\u00a0\u00a0\u00a0\u00a0 Domingo de P\u00e1scoa em tempos dif\u00edceis. Mesmo assim \u00e9 tempo de esperan\u00e7a e de dizer a todos: Feliz P\u00e1scoa! Temos a alegria de celebrar a P\u00e1scoa e de iniciar a oitava e o tempo Pascal. Tivemos a semana santa que culminou com o Tr\u00edduo Pascal e contemplamos a Paix\u00e3o, Morte e Ressurrei\u00e7\u00e3o de Cristo, Cristo que se d\u00e1 a n\u00f3s na Eucaristia, se imola por nossos pecados na Cruz e ressuscita triunfante sobre o pecado e a morte. Atrav\u00e9s da celebra\u00e7\u00e3o da Vig\u00edlia Pascal, despertamos coma alegria da Ressurrei\u00e7\u00e3o do Senhor: Voltamos a cantar o Aleluia, o Gl\u00f3ria, vestimos a cor Branca na Liturgia! Celebramos a Vit\u00f3ria sobre o Pecado e a Morte!<\/p>\n<p style=\"text-align: justify;\">\u00a0\u00a0\u00a0\u00a0\u00a0\u00a0\u00a0\u00a0 A P\u00e1scoa \u00e9 o centro da nossa vida crist\u00e3, o centro da nossa vida lit\u00fargica. <em>Cristo Ressuscitou verdadeiramente! Verdadeiramente ressuscitou! Aleluia! <\/em>Os orientais t\u00eam o costume de fazer esta sauda\u00e7\u00e3o uns aos outros neste tempo de P\u00e1scoa, no lugar de dizer bom dia, boa tarde ou boa noite. Este \u00e9 o grande an\u00fancio que vai perpassar os s\u00e9culos e que tem restaurado a esperan\u00e7a de tantos no meio dos tempos. Hoje somos chamados, assim como os disc\u00edpulos de Ema\u00fas, que se encontraram com o Senhor no meio do caminho, a encontrar Jesus por meio da f\u00e9. Cristo nos salva, nos liberta e faz come\u00e7ar em nossas vidas um tempo novo. Cabe a n\u00f3s sermos testemunhas dessas maravilhas realizadas em nossas vidas e em nossa hist\u00f3ria.<\/p>\n<p style=\"text-align: justify;\">\u00a0\u00a0\u00a0\u00a0\u00a0\u00a0\u00a0\u00a0 Celebrar a P\u00e1scoa \u00e9 adentrar a celebra\u00e7\u00e3o deste mist\u00e9rio atrav\u00e9s dos tempos e celebr\u00e1-lo no hoje das nossas vidas, no agora da nossa exist\u00eancia. No meio de tantas mortes, dores, infidelidades e sofrimentos, somos chamados a testemunhar: Ele est\u00e1 Vivo! N\u00f3s somos Testemunhas de que Ele est\u00e1 vivo! \u00c9 a grande not\u00edcia que deve perpassar nossa vida, nossos cora\u00e7\u00f5es, principalmente nestes tempos em que temos de lidar com tantas dores e sofrimentos sem fim. \u00c9 a grande not\u00edcia que deve perpassar nosso cora\u00e7\u00e3o e nossa vida.<\/p>\n<p style=\"text-align: justify;\">\u00a0\u00a0\u00a0\u00a0\u00a0\u00a0\u00a0\u00a0 A Liturgia deste tempo vai nos falando exatamente de como esta novidade transforma a vida e d\u00e1 um novo sentido para todos aqueles que entram em contato com ela. A Leitura dos disc\u00edpulos de Ema\u00fas (Lc 24,13-35), uma das possibilidades de Evangelho para o dia da P\u00e1scoa, come\u00e7a falando exatamente do primeiro dia da semana, simbolizando que tudo se fez novo, que o recome\u00e7ar se fez presente, uma nova vida foi proposta. Este dia passa a ser um dia solene para os crist\u00e3os, simbolizando o novo tempo e a nova vida. Muitos v\u00e3o chamar este dia de o oitavo dia, o dia da nova cria\u00e7\u00e3o, fazendo refer\u00eancia aos dias da cria\u00e7\u00e3o e ao dia da Nova Cria\u00e7\u00e3o.<\/p>\n<p style=\"text-align: justify;\">\u00a0\u00a0\u00a0\u00a0\u00a0\u00a0\u00a0\u00a0 No Evangelho da missa do dia (Jo 20,1-9), em que Maria Madalena vai logo cedo ao t\u00famulo, esta visita acontece tamb\u00e9m no primeiro dia da semana, mostrando mais uma vez como os Evangelhos e Tradi\u00e7\u00e3o colocam \u00eanfase no destacar essa nova fase da hist\u00f3ria e do tempo. Tudo recome\u00e7a. Tudo retorna \u00e0 vida. Eis o dia em plenitude, em que somos chamados a viver e a testemunhar que Aquele que tinha sido humilhado e sepultado est\u00e1 vivo, ressuscitado no meio de n\u00f3s. Essa not\u00edcia ser\u00e1 espalhada pelo mundo afora, a not\u00edcia da Vit\u00f3ria da Vida sobre a Morte. Quando as santas mulheres avisam os ap\u00f3stolos que saem correndo para o local da sepultura e, quando Pedro e Jo\u00e3o chegam ao t\u00famulo, ainda n\u00e3o tinham compreendido o que tinha acontecido. Da\u00ed nasce ent\u00e3o a certeza do Novo Tempo e da nova realidade da hist\u00f3ria. Por isso, ainda hoje n\u00f3s crist\u00e3os damos um destaque todo especial \u00e0 celebra\u00e7\u00e3o dominical, o dia do Senhor, exatamente para fazermos mem\u00f3ria da ressurrei\u00e7\u00e3o do Senhor.<\/p>\n<p style=\"text-align: justify;\">\u00c9 neste sentido que o Livro dos Atos dos Ap\u00f3stolos (At 10,34a.37-43), proclamado na primeira leitura desse domingo, faz um resumo da grande realidade que acontece neste dia: <em>Pedro tomou a palavra e disse: V\u00f3s sabeis o que aconteceu em toda a Jud\u00e9ia, a come\u00e7ar pela Galileia, depois do batismo pregado por Jo\u00e3o: como Jesus de Nazar\u00e9 foi ungido por Deus com o Esp\u00edrito Santo e com poder. Ele andou por toda a parte, fazendo o bem e curando a todos os que estavam dominados pelo dem\u00f4nio; porque Deus estava com ele. E n\u00f3s somos testemunhas de tudo o que Jesus fez na terra dos judeus e em Jerusal\u00e9m. Eles o mataram, pregando-o numa cruz. Mas Deus o ressuscitou no terceiro dia, concedendo-lhe manifestar-se n\u00e3o a todo o povo, mas \u00e0s testemunhas que Deus havia escolhido: a n\u00f3s, que comemos e bebemos com Jesus, depois que ressuscitou dos mortos. E Jesus nos mandou pregar ao povo e testemunhar que Deus o constituiu Juiz dos vivos e dos mortos. Todos os profetas d\u00e3o testemunho dele: &#8216;Todo aquele que cr\u00ea em Jesus recebe, em seu nome, o perd\u00e3o dos pecados&#8217;.&#8217; <\/em>Pedro resume em sua proclama\u00e7\u00e3o a experi\u00eancia dos Evangelhos e a experi\u00eancia do <em>Kerigma<\/em>, o primeiro an\u00fancio fundamental de nossa f\u00e9.<\/p>\n<p style=\"text-align: justify;\">A segunda leitura (1Cor 5,6b-8) vai falar exatamente dessa realidade de uma vida nova inaugurada pela Vit\u00f3ria do Cordeiro Pascal: <em>Lan\u00e7ai fora o fermento velho, para que sejais uma massa nova, j\u00e1 que deveis ser sem fermento. Pois o nosso cordeiro pascal, Cristo, j\u00e1 est\u00e1 imolado. Assim, celebremos a festa, n\u00e3o com fermento velho, nem com fermento de maldade ou de perversidade, mas com os p\u00e3es \u00e1zimos de pureza e de verdade. <\/em>A ressurrei\u00e7\u00e3o do Senhor \u00e9 um grito de esperan\u00e7a para a humanidade em todos os momentos em que ela padecer pela maldade e pela dor.<\/p>\n<p style=\"text-align: justify;\">Neste domingo temos tamb\u00e9m um hino que proclama o mist\u00e9rio do que hoje estamos celebrando: a sequ\u00eancia de P\u00e1scoa, que proclama em forma de poesia todo o mist\u00e9rio que estamos celebrando e os bons afetos que trazemos com esta celebra\u00e7\u00e3o: <em>Cantai, crist\u00e3os, afinal\/\u00a0 Salve \u00f3 v\u00edtima pascal!\/ Cordeiro inocente, o Cristo Abriu-nos do Pai o aprisco\/ Por toda ovelha imolado\/ Do mundo lava o pecado \/ Duelam forte e mais forte\/ \u00c9 a vida que vence a morte\/ O Rei da vida, cativo\/ Foi morto, mas reina vivo!\/ Responde, pois, \u00f3 Maria \/ No caminho o que havia?\/ Vi Cristo ressuscitado\/ O t\u00famulo abandonado\/ Os anjos da cor do sol\/\u00a0 Dobrado no ch\u00e3o o len\u00e7ol\/ O Cristo que leva aos c\u00e9us\/ Caminha \u00e0 frente dos seus! Ressuscitou, de verdade\/ \u00d3 Cristo Rei, piedade!<\/em><\/p>\n<p style=\"text-align: justify;\"><em>\u00a0\u00a0\u00a0\u00a0\u00a0\u00a0\u00a0\u00a0 <\/em>Que a nossa vida seja esse eterno cantar, cantar das maravilhas que Deus fez em n\u00f3s, cantar da grande gra\u00e7a que \u00e9 a Ressurrei\u00e7\u00e3o de Cristo em meio ao mundo e todas as maravilhas que ela traz para a humanidade. O mundo necessita do an\u00fancio, do testemunho e da viv\u00eancia da Ressurrei\u00e7\u00e3o. Nossa celebra\u00e7\u00e3o de P\u00e1scoa deste ano \u00e9 feita em meio ao contexto do agravamento da Covid. Rezemos pelas pessoas que sofrem. Amparemos estas pessoas, seja materialmente, seja espiritualmente, sendo presen\u00e7a ativa do Ressuscitado. Basta estar presente. N\u00e3o precisamos multiplicar palavras ou buscar palavras extraordin\u00e1rias.\u00a0 A presen\u00e7a viva de Cristo em n\u00f3s h\u00e1 tamb\u00e9m de confortar a todos aqueles a quem estendermos nossas m\u00e3os.<\/p>\n<p style=\"text-align: justify;\">\u00a0\u00a0\u00a0\u00a0\u00a0\u00a0\u00a0\u00a0 Viveremos agora a oitava de P\u00e1scoa e o tempo Pascal que vai at\u00e9 Pentecostes, grande oportunidade de renovar nossa experi\u00eancia da ressurrei\u00e7\u00e3o de Cristo e de a comunicarmos aos nossos irm\u00e3os e irm\u00e3s. Tenhamos f\u00e9. Renovemos a nossa esperan\u00e7a. <em>Cristo Ressuscitou verdadeiramente! Verdadeiramente ressuscitou! Aleluia! <\/em>Feliz P\u00e1scoa a todos.<\/p>\n","protected":false},"excerpt":{"rendered":"<p>\u00a0\u00a0\u00a0\u00a0\u00a0\u00a0\u00a0\u00a0 Domingo de P\u00e1scoa em tempos dif\u00edceis. Mesmo assim \u00e9 tempo de esperan\u00e7a e de dizer a todos: Feliz P\u00e1scoa! Temos a alegria de celebrar a P\u00e1scoa e de iniciar a oitava e o tempo Pascal. Tivemos a semana santa que culminou com o Tr\u00edduo Pascal e contemplamos a Paix\u00e3o, Morte e Ressurrei\u00e7\u00e3o de Cristo, [&hellip;]<\/p>\n","protected":false},"author":5,"featured_media":55819,"comment_status":"open","ping_status":"closed","sticky":false,"template":"","format":"standard","meta":{"footnotes":""},"categories":[9],"tags":[],"class_list":["post-66899","post","type-post","status-publish","format-standard","has-post-thumbnail","hentry","category-artigos"],"_links":{"self":[{"href":"https:\/\/catolicanet.net\/wp-cnet\/wp-json\/wp\/v2\/posts\/66899","targetHints":{"allow":["GET"]}}],"collection":[{"href":"https:\/\/catolicanet.net\/wp-cnet\/wp-json\/wp\/v2\/posts"}],"about":[{"href":"https:\/\/catolicanet.net\/wp-cnet\/wp-json\/wp\/v2\/types\/post"}],"author":[{"embeddable":true,"href":"https:\/\/catolicanet.net\/wp-cnet\/wp-json\/wp\/v2\/users\/5"}],"replies":[{"embeddable":true,"href":"https:\/\/catolicanet.net\/wp-cnet\/wp-json\/wp\/v2\/comments?post=66899"}],"version-history":[{"count":1,"href":"https:\/\/catolicanet.net\/wp-cnet\/wp-json\/wp\/v2\/posts\/66899\/revisions"}],"predecessor-version":[{"id":66900,"href":"https:\/\/catolicanet.net\/wp-cnet\/wp-json\/wp\/v2\/posts\/66899\/revisions\/66900"}],"wp:featuredmedia":[{"embeddable":true,"href":"https:\/\/catolicanet.net\/wp-cnet\/wp-json\/wp\/v2\/media\/55819"}],"wp:attachment":[{"href":"https:\/\/catolicanet.net\/wp-cnet\/wp-json\/wp\/v2\/media?parent=66899"}],"wp:term":[{"taxonomy":"category","embeddable":true,"href":"https:\/\/catolicanet.net\/wp-cnet\/wp-json\/wp\/v2\/categories?post=66899"},{"taxonomy":"post_tag","embeddable":true,"href":"https:\/\/catolicanet.net\/wp-cnet\/wp-json\/wp\/v2\/tags?post=66899"}],"curies":[{"name":"wp","href":"https:\/\/api.w.org\/{rel}","templated":true}]}}