{"id":66887,"date":"2021-03-31T10:14:11","date_gmt":"2021-03-31T13:14:11","guid":{"rendered":"https:\/\/catolicanet.net\/wp-cnet\/?p=66887"},"modified":"2021-03-31T14:18:31","modified_gmt":"2021-03-31T17:18:31","slug":"estas-sao-as-meditacoes-da-via-sacra-2021-que-sera-presidida-pelo-papa","status":"publish","type":"post","link":"https:\/\/catolicanet.net\/wp-cnet\/estas-sao-as-meditacoes-da-via-sacra-2021-que-sera-presidida-pelo-papa\/","title":{"rendered":"Estas s\u00e3o as medita\u00e7\u00f5es da Via-Sacra 2021 que ser\u00e1 presidida pelo Papa"},"content":{"rendered":"<p style=\"text-align: justify;\">O Papa Francisco encomendou a prepara\u00e7\u00e3o das medita\u00e7\u00f5es da Via-Sacra da Sexta-feira Santa 2021 a um grupo de escoteiros da regi\u00e3o italiana de Umbria e \u00e0 par\u00f3quia romana Santos M\u00e1rtires de Uganda que realizam uma \u201ccatequese &#8216;para e com&#8217; pessoas com defici\u00eancia\u201d.<\/p>\n<p style=\"text-align: justify;\">Pelo segundo ano consecutivo, a ora\u00e7\u00e3o da Via-Sacra da Sexta-Feira Santa n\u00e3o acontecer\u00e1 no Coliseu Romano, mas na Pra\u00e7a de S\u00e3o Pedro sem a presen\u00e7a dos fi\u00e9is devido \u00e0s medidas para evitar cont\u00e1gios de Covid-19.<\/p>\n<p style=\"text-align: justify;\">A seguir, publicamos o texto completo das medita\u00e7\u00f5es da Via-Sacra que o Santo Padre presidir\u00e1 na sexta-feira, 2 de abril, na tradu\u00e7\u00e3o portuguesa oficial do Vaticano:<\/p>\n<p style=\"text-align: justify;\"><strong>Introdu\u00e7\u00e3o<\/strong><\/p>\n<p style=\"text-align: justify;\">Em nome do Pai e do Filho<br \/>\ne do Esp\u00edrito Santo.<\/p>\n<p style=\"text-align: justify;\">R\/.\u00a0Am\u00e9m.<\/p>\n<p style=\"text-align: justify;\">Querido Jesus!<\/p>\n<p style=\"text-align: justify;\">Sabeis que n\u00f3s, crian\u00e7as, tamb\u00e9m temos cruzes, que n\u00e3o s\u00e3o mais leves nem mais pesadas do que as dos grandes, mas s\u00e3o verdadeiras cruzes, que sentimos pesadas mesmo de noite. E s\u00f3 V\u00f3s o sabeis, tomando-as a s\u00e9rio. S\u00f3 V\u00f3s.<\/p>\n<p style=\"text-align: justify;\">S\u00f3 V\u00f3s sabeis como \u00e9 dif\u00edcil para mim aprender a n\u00e3o ter medo do escuro e da solid\u00e3o.<\/p>\n<p style=\"text-align: justify;\">S\u00f3 V\u00f3s sabeis como \u00e9 dif\u00edcil n\u00e3o conseguir reter, acordando cada manh\u00e3 todo molhado.<\/p>\n<p style=\"text-align: justify;\">S\u00f3 V\u00f3s sabeis como \u00e9 dif\u00edcil n\u00e3o conseguir falar bem como os outros, pensar r\u00e1pido e fazer as contas certas.<\/p>\n<p style=\"text-align: justify;\">S\u00f3 V\u00f3s sabeis como \u00e9 dif\u00edcil ver os meus pais discutir, bater a porta com for\u00e7a e estar sem se falar dias a fio.<\/p>\n<p style=\"text-align: justify;\">S\u00f3 V\u00f3s sabeis como \u00e9 dif\u00edcil ser ridicularizado pelos outros e dar-se conta de ser exclu\u00eddo das festas.<\/p>\n<p style=\"text-align: justify;\">S\u00f3 V\u00f3s sabeis o que significa ser pobre e dever renunciar \u00e0quilo que os meus amigos t\u00eam.<\/p>\n<p style=\"text-align: justify;\">S\u00f3 V\u00f3s sabeis como \u00e9 dif\u00edcil libertar-me dum segredo que me magoa tanto, n\u00e3o sabendo a quem o contar com medo de ser tra\u00eddo, acusado ou n\u00e3o acreditado.<\/p>\n<p style=\"text-align: justify;\">Querido bom Jesus, fostes crian\u00e7a como eu! Tamb\u00e9m V\u00f3s brinc\u00e1veis e talvez tenhais ca\u00eddo e Vos magoastes; tamb\u00e9m V\u00f3s fostes \u00e0 escola e talvez alguns deveres de casa n\u00e3o tenham ido muito bem; tamb\u00e9m V\u00f3s tivestes uma m\u00e3e e um pai e sabeis que \u00e0s vezes n\u00e3o tenho muita vontade de obedecer quando me mandam fazer os deveres de casa, levar o lixo, fazer a cama e arrumar o quarto; tamb\u00e9m V\u00f3s fostes \u00e0 catequese e \u00e0 ora\u00e7\u00e3o e sabeis que nem sempre vou com grande alegria.<\/p>\n<p style=\"text-align: justify;\">Meu querido e bom Jesus, sobretudo sabeis que h\u00e1 crian\u00e7as no mundo que n\u00e3o t\u00eam que comer, n\u00e3o t\u00eam instru\u00e7\u00e3o escolar, s\u00e3o exploradas e obrigadas a combater.<\/p>\n<p style=\"text-align: justify;\">Ajudai-nos dia a dia a levar as nossas cruzes como levastes a vossa. Ajudai-nos a tornar-nos cada vez melhores: a ser como V\u00f3s nos quereis. E agrade\u00e7o-Vos por saber que estais sempre junto de mim e nunca me abandonais, sobretudo quando estou com mais medo, e por me terdes mandado o meu Anjo da Guarda que todos os dias me protege e ilumina.<\/p>\n<p style=\"text-align: justify;\">Amen.<\/p>\n<p style=\"text-align: justify;\"><strong>I ESTA\u00c7\u00c3O<\/strong><\/p>\n<p style=\"text-align: justify;\"><strong>P\u00f4ncio Pilatos condena Jesus \u00e0 morte<\/strong><\/p>\n<p style=\"text-align: justify;\"><em>De novo Pilatos dirigiu-lhes a palavra, querendo libertar Jesus. Mas eles gritavam: \u00abCrucifica-O! Crucifica-O!\u00bb (\u2026) Ent\u00e3o, Pilatos decidiu que se fizesse o que eles pediam. Libertou o que fora preso por sedi\u00e7\u00e3o e homic\u00eddio (\u2026), e entregou-lhes Jesus para o que eles queriam\u00a0<\/em>(<em>Lc<\/em>\u00a023, 20-21.24-25)<em>.<\/em><\/p>\n<p style=\"text-align: justify;\"><strong>Medita\u00e7\u00e3o<\/strong><\/p>\n<p style=\"text-align: justify;\">Quando andava na escola prim\u00e1ria, Marcos, uma crian\u00e7a da minha classe, foi acusado de ter roubado o lanche do seu companheiro de carteira. Eu sabia que n\u00e3o era verdade, mas calei-me; n\u00e3o era um problema meu! Al\u00e9m disso todos apontavam para ele como sendo o culpado. Porque deveria eu intervir?<\/p>\n<p style=\"text-align: justify;\">Sempre que penso naquilo, ainda tenho vergonha, sinto pesar por aquela minha a\u00e7\u00e3o. Poderia ter ajudado aquele meu amigo, dizer a verdade e ajudar a fazer justi\u00e7a; mas, em vez disso, comportei-me como Pilatos e preferi fazer de conta que n\u00e3o era nada. Escolhi o caminho mais c\u00f4modo e lavei as minhas m\u00e3os do caso. Hoje, estou muito arrependido: quereria ter tido um pouco mais de coragem, seguir o meu cora\u00e7\u00e3o e ajudar o meu amigo em dificuldade.<\/p>\n<p style=\"text-align: justify;\">\u00c0s vezes s\u00f3 escutamos a voz de quem faz e quer o mal, enquanto a justi\u00e7a \u00e9 um caminho \u00edngreme, com obst\u00e1culos e dificuldades; mas temos Jesus ao nosso lado, pronto a apoiar-nos e ajudar-nos.<\/p>\n<p style=\"text-align: justify;\"><strong>Ora\u00e7\u00e3o das crian\u00e7as<\/strong><\/p>\n<p style=\"text-align: justify;\">Jesus, dai-me um cora\u00e7\u00e3o simples e sincero! Assim terei coragem e for\u00e7a, mesmo nas dificuldades, para caminhar na vossa justi\u00e7a: \u00abAinda que atravesse vales tenebrosos, de nenhum mal terei medo, porque V\u00f3s estais comigo\u00bb (<em>Sal<\/em>\u00a023, 4).<\/p>\n<p style=\"text-align: justify;\"><strong>Oremos!<\/strong><\/p>\n<p style=\"text-align: justify;\">Senhor, Pai bom,<br \/>\ninfundi em n\u00f3s o vosso Santo Esp\u00edrito<br \/>\ne dai-nos a vossa fortaleza,<br \/>\npois s\u00f3 assim teremos a coragem<br \/>\nde testemunhar a vossa verdade,<br \/>\nque \u00e9 caminho de justi\u00e7a e reconcilia\u00e7\u00e3o.<br \/>\nPor Cristo Senhor nosso. Amen.<\/p>\n<p style=\"text-align: justify;\"><strong>II ESTA\u00c7\u00c3O<\/strong><\/p>\n<p style=\"text-align: justify;\"><strong>Jesus carrega a cruz<\/strong><\/p>\n<p style=\"text-align: justify;\"><em>Entretanto, os que guardavam Jesus tro\u00e7avam d\u2019Ele e maltratavam-No. Cobriam-Lhe o rosto e perguntavam-Lhe: \u00abAdivinha! Quem Te bateu?\u00bb E proferiam muitos outros insultos contra Ele<\/em>\u00a0(<em>Lc<\/em>\u00a022, 63-65).<\/p>\n<p style=\"text-align: justify;\"><strong>Medita\u00e7\u00e3o<\/strong><\/p>\n<p style=\"text-align: justify;\">Na escola, est\u00e1vamos a ler, alternadamente, o livro\u00a0<em>A Gaivotazinha e o Gato<\/em>. Quando chegou a vez de Martinha, ela come\u00e7ou a baralhar as letras umas com as outras e, assim, as frases perderam o sentido. Sucedia palavra ap\u00f3s palavra\u2026 Comecei a rir e, comigo, todos os outros. Ainda me lembro de Martinha com o rosto todo rosado, a voz embargada e os olhos cheios de l\u00e1grimas.<\/p>\n<p style=\"text-align: justify;\">Talvez n\u00e3o fosse nossa inten\u00e7\u00e3o ridiculariz\u00e1-la, mas quanta ang\u00fastia lhe provocamos com aquelas nossas risadas!<\/p>\n<p style=\"text-align: justify;\">A persegui\u00e7\u00e3o n\u00e3o \u00e9 uma long\u00ednqua recorda\u00e7\u00e3o de h\u00e1 dois mil anos: \u00e0s vezes, algumas das nossas a\u00e7\u00f5es podem condenar, ferir e pisar um irm\u00e3o ou uma irm\u00e3.<\/p>\n<p style=\"text-align: justify;\">\u00c0s vezes poderemos ter provado at\u00e9 um certo prazer em fazer sofrer algu\u00e9m, porque por tr\u00e1s daqueles sofrimentos disfar\u00e7amos os nossos pr\u00f3prios constrangimentos.<\/p>\n<p style=\"text-align: justify;\">Jesus ensinou-nos a amar e, no seu amor, encontra-se a resposta a todos os sofrimentos. Devemos estar dispostos a tudo para n\u00e3o fazer mal aos outros, ou melhor, para lhes fazer bem.<\/p>\n<p style=\"text-align: justify;\"><strong>Ora\u00e7\u00e3o das crian\u00e7as<\/strong><\/p>\n<p style=\"text-align: justify;\">Jesus, nada poder\u00e1 separar-nos do vosso amor. Tornai-nos capazes de amar os nossos irm\u00e3os e irm\u00e3s menos afortunados.<\/p>\n<p style=\"text-align: justify;\"><strong>Oremos!<\/strong><\/p>\n<p style=\"text-align: justify;\">Senhor, Pai bom, que nos enviastes Jesus,<br \/>\nobediente at\u00e9 \u00e0 morte,<br \/>\ndai-nos a for\u00e7a do vosso amor<br \/>\npara tomarmos corajosamente a nossa cruz.<br \/>\nDai-nos a vossa esperan\u00e7a e saberemos reconhecer-Vos<br \/>\nmesmo nos momentos mais escuros da nossa\u00a0<a href=\"https:\/\/www.acidigital.com\/vida\/index.html\">vida<\/a>.<br \/>\nPor Cristo Senhor nosso. Amen.<\/p>\n<p style=\"text-align: justify;\"><strong>III ESTA\u00c7\u00c3O<\/strong><\/p>\n<p style=\"text-align: justify;\"><strong>Jesus cai pela primeira vez<\/strong><\/p>\n<p style=\"text-align: justify;\"><em>Ele tomou sobre Si as\u00a0nossas doen\u00e7as,<br \/>\ncarregou as nossas dores.<br \/>\nN\u00f3s O\u00a0reput\u00e1vamos como um leproso,<br \/>\nferido por Deus e humilhado.<br \/>\nMas foi ferido por causa dos nossos crimes,<br \/>\nesmagado por causa das nossas iniquidades<\/em>\u00a0(<em>Is<\/em>\u00a053, 4-5).<\/p>\n<p style=\"text-align: justify;\"><strong>Medita\u00e7\u00e3o<\/strong><\/p>\n<p style=\"text-align: justify;\">No quinto ano de escolaridade, era o melhor em matem\u00e1tica, terminava as provas em poucos minutos e s\u00f3 conhecia um resultado: \u00ab\u00d3timo\u00bb.<\/p>\n<p style=\"text-align: justify;\">Quando li, pela primeira vez, \u00abInsuficiente\u00bb, vi-me como uma nulidade, senti o peso dum falimento inesperado, estava sozinho e ningu\u00e9m me confortou.<\/p>\n<div class=\"ad_inline\" style=\"text-align: justify;\"><\/div>\n<p style=\"text-align: justify;\">\n<p style=\"text-align: justify;\">Mas aquele momento fez-me crescer: em casa, os pais confortaram-me e fizeram-me sentir o seu amor; reanimei-me e continuei a empenhar-me no estudo.<\/p>\n<p style=\"text-align: justify;\">Hoje, sei que todos os dias vacilamos e podemos cair, mas, ali, est\u00e1 sempre Jesus a estender-nos a m\u00e3o, carregar o peso das nossas cruzes e reacender em n\u00f3s a esperan\u00e7a.<\/p>\n<p style=\"text-align: justify;\"><strong>Ora\u00e7\u00e3o das crian\u00e7as<\/strong><\/p>\n<p style=\"text-align: justify;\">Jesus, ca\u00edstes sob a grande cruz que carreg\u00e1veis. Tamb\u00e9m eu caio muitas vezes e magoo-me. Guardai-me no meu caminho e dai-me for\u00e7a para carregar os meus pesos juntamente convosco.<\/p>\n<p style=\"text-align: justify;\"><strong>Oremos!<\/strong><\/p>\n<p style=\"text-align: justify;\">Senhor, sobre V\u00f3s tomastes os nossos sofrimentos<br \/>\ne os compartilhastes at\u00e9 ao pat\u00edbulo que esmaga e humilha.<br \/>\nN\u00e3o nos abandoneis sob o peso das nossas cruzes,<br \/>\nque \u00e0s vezes nos parecem demasiado pesadas.<br \/>\nV\u00f3s que viveis e reinais pelos s\u00e9culos dos s\u00e9culos. Amen.<\/p>\n<p style=\"text-align: justify;\"><strong>IV ESTA\u00c7\u00c3O<\/strong><\/p>\n<p style=\"text-align: justify;\"><strong>Jesus encontra a sua M\u00e3e<\/strong><\/p>\n<p style=\"text-align: justify;\"><em>Como viesse a faltar o vinho, a m\u00e3e de Jesus disse-Lhe: \u00abN\u00e3o t\u00eam vinho!\u00bb Jesus respondeu-lhe: Mulher, que tem isso a ver contigo e comigo? Ainda n\u00e3o chegou a minha hora\u00bb. Sua m\u00e3e disse aos serventes: \u00abFazei o que Ele vos disser!\u00bb (Jo<\/em>\u00a02, 3-5)<em>.<\/em><\/p>\n<p style=\"text-align: justify;\"><strong>Medita\u00e7\u00e3o<\/strong><\/p>\n<p style=\"text-align: justify;\">Quando penso na minha m\u00e3e, vejo o seu rosto gentil, sinto o calor dos seus abra\u00e7os e dou-me conta de todo o seu amor por mim.<\/p>\n<p style=\"text-align: justify;\">Ela acompanha-me para todo o lado, aos treinos de futebol, ao curso de ingl\u00eas e \u00e0 catequese na manh\u00e3 de domingo.<\/p>\n<p style=\"text-align: justify;\">\u00c0 noite, mesmo que esteja cansada, ajuda-me enquanto fa\u00e7o os deveres de casa; e quando de noite tenho pesadelos, coloca-se ao meu lado, tranquiliza-me e espera que eu adorme\u00e7a novamente.<\/p>\n<p style=\"text-align: justify;\">Se tenho um problema, uma d\u00favida ou simplesmente algum pensamento estranho, ela est\u00e1 sempre, com o seu sorriso, dispon\u00edvel para me escutar.<\/p>\n<p style=\"text-align: justify;\">E, nos piores momentos, n\u00e3o preciso sequer de falar, basta um olhar, ela entende imediatamente e ajuda-me a superar todo o sofrimento.<\/p>\n<p style=\"text-align: justify;\"><strong>Ora\u00e7\u00e3o das crian\u00e7as<\/strong><\/p>\n<p style=\"text-align: justify;\">Jesus, tornai-nos capazes de nos deixar abra\u00e7ar por Maria, nossa m\u00e3e do C\u00e9u.<\/p>\n<p style=\"text-align: justify;\"><strong>Oremos!<\/strong><\/p>\n<p style=\"text-align: justify;\">Senhor, Pai bom,<br \/>\nconcedei-nos encontrar o olhar carinhoso de Maria,<br \/>\nde modo que cada um de n\u00f3s,<br \/>\nlivre da pr\u00f3pria solid\u00e3o interior,<br \/>\npossa descansar no abra\u00e7o materno d\u2019Aquela<br \/>\nque, em Jesus, abra\u00e7ou e amou todo o ser humano.<br \/>\nEle vive e reina pelos s\u00e9culos dos s\u00e9culos. Amen.<\/p>\n<p style=\"text-align: justify;\"><strong>V ESTA\u00c7\u00c3O<\/strong><\/p>\n<p style=\"text-align: justify;\"><strong>O Cireneu ajuda Jesus a levar a cruz<\/strong><\/p>\n<p style=\"text-align: justify;\"><em>Quando O iam conduzindo, lan\u00e7aram m\u00e3o de um certo Sim\u00e3o de Cirene, que voltava do campo, e carregaram-no com a cruz, para a levar atr\u00e1s de Jesus<\/em>\u00a0(<em>Lc<\/em>\u00a023, 26)<em>.<\/em><\/p>\n<p style=\"text-align: justify;\"><strong>Medita\u00e7\u00e3o<\/strong><\/p>\n<p style=\"text-align: justify;\">Durante o ver\u00e3o, brincava com os amigos do bairro no parque em frente de casa. Desde h\u00e1 alguns meses, temos novos vizinhos com um filho da minha idade. Ele, por\u00e9m, n\u00e3o brincava connosco, nem sequer compreendia bem a nossa l\u00edngua. Um dia notara que estava a observar-nos de longe, queria brincar conosco, mas n\u00e3o tinha a coragem de pedir. Aproximei-me, apresentamo-nos e convidei-o a jogar futebol conosco. Desde ent\u00e3o Walid \u00e9 um dos meus melhores amigos, al\u00e9m de guarda-redes da nossa equipa.<\/p>\n<p style=\"text-align: justify;\">Ao olharmos de longe uma pessoa, primeiro notamos a silhueta, depois compreendemos se \u00e9 homem ou mulher e, aos poucos, individuamos os detalhes do seu rosto, mas s\u00f3 quando a reconhecemos como irm\u00e3o, como irm\u00e3, \u00e9 que estamos a abrir o nosso cora\u00e7\u00e3o a Jesus.<\/p>\n<p style=\"text-align: justify;\"><strong>Ora\u00e7\u00e3o das crian\u00e7as<\/strong><\/p>\n<p style=\"text-align: justify;\">Jesus, fazei-me acolher com amor todos os irm\u00e3os sozinhos e marginalizados que encontrar no meu caminho<\/p>\n<p style=\"text-align: justify;\"><strong>Oremos!<\/strong><\/p>\n<p style=\"text-align: justify;\">Senhor, tornai-nos capazes de Vos reconhecer nos \u00faltimos<br \/>\nque encontramos ao longo do nosso caminho;<br \/>\ndai-nos a coragem e a felicidade<br \/>\nde dar de comer a quem tem fome,<br \/>\nbeber a quem tem sede, acolher quem \u00e9 estrangeiro,<br \/>\nvestir os nus e cuidar de quem est\u00e1 doente,<br \/>\nde Vos encontrar e acolher em cada irm\u00e3o e em cada irm\u00e3.<br \/>\nV\u00f3s que viveis e reinais pelos s\u00e9culos dos s\u00e9culos. Amen.<\/p>\n<p style=\"text-align: justify;\"><strong>VI ESTA\u00c7\u00c3O<\/strong><\/p>\n<p style=\"text-align: justify;\"><strong>Uma mulher limpa o rosto de Jesus<\/strong><\/p>\n<p style=\"text-align: justify;\"><em>Os justos v\u00e3o responder [ao Rei]: \u00abSenhor, quando foi que te vimos com fome ou com sede, peregrino ou nu, doente ou na pris\u00e3o?\u00bb E o Rei vai dizer-lhes, em resposta: \u00abEm verdade vos digo: Sempre que fizestes isto a um destes meus irm\u00e3os mais pequeninos, a mim mesmo o fizestes\u00bb<\/em>\u00a0(cf.\u00a0<em>Mt<\/em>\u00a025, 37-40).<\/p>\n<p style=\"text-align: justify;\"><strong>Medita\u00e7\u00e3o<\/strong><\/p>\n<p style=\"text-align: justify;\">Naquele dia, deveria disputar o jogo mais importante do campeonato, era uma oportunidade para demonstrar todas as minhas capacidades. Nos balne\u00e1rios, sentia-me agitado e com medo, mas, ao entrar em campo, entre os espetadores vi Marcos, o meu melhor amigo que, apesar de n\u00e3o gostar de futebol, tinha vindo para me apoiar. Era a primeira vez que vinha ver-me jogar e, infelizmente, perdemos.<\/p>\n<p style=\"text-align: justify;\">Enquanto tomava banho, estava triste e desanimado, mas, ao sair dos balne\u00e1rios, encontrei o meu amigo: esperava-me com uma laranjada na m\u00e3o. Passamos algum tempo juntos e, assim, aquela hora e aquela laranjada tornaram tudo mais suport\u00e1vel, a derrota sofrida tornou-se uma recorda\u00e7\u00e3o menos amarga.<\/p>\n<p style=\"text-align: justify;\">Um encontro, um olhar, um gesto\u2026 podem mudar o nosso dia e encher o nosso cora\u00e7\u00e3o. No rosto sofredor dum amigo ou mesmo dum estranho, est\u00e1 o rosto de Jesus, que passa pelo meu pr\u00f3prio caminho&#8230; Terei a coragem de me aproximar?<\/p>\n<p style=\"text-align: justify;\"><strong>Ora\u00e7\u00e3o das crian\u00e7as<\/strong><\/p>\n<p style=\"text-align: justify;\">Jesus, fazei que o vosso olhar se cruze com o meu nos momentos de dificuldade, para poder encontrar conforto no vosso amor.<\/p>\n<p style=\"text-align: justify;\"><strong>Oremos!<\/strong><\/p>\n<p style=\"text-align: justify;\">Senhor, fazei que a luz do vosso Rosto,<br \/>\ncheio de miseric\u00f3rdia,<br \/>\nsuavize as feridas do abandono e do pecado que nos afligem.<br \/>\nV\u00f3s que viveis e reinais pelos s\u00e9culos dos s\u00e9culos. Amen.<\/p>\n<p style=\"text-align: justify;\"><strong>VII ESTA\u00c7\u00c3O<\/strong><\/p>\n<p style=\"text-align: justify;\"><strong>Jesus cai pela segunda vez<\/strong><\/p>\n<p style=\"text-align: justify;\"><em>Ele n\u00e3o cometeu pecado, nem na sua boca se encontrou engano (\u2026); subindo ao madeiro, Ele levou os nossos pecados no seu corpo, para que, mortos para o pecado, vivamos para a justi\u00e7a<\/em>\u00a0(<em>1 Ped<\/em>\u00a02, 22.24)<em>.<\/em><\/p>\n<p style=\"text-align: justify;\"><strong>Medita\u00e7\u00e3o<\/strong><\/p>\n<p style=\"text-align: justify;\">No quarto ano da Prim\u00e1ria, queria a todo o custo fazer de protagonista na representa\u00e7\u00e3o escol\u00e1stica de fim de ano. Esforcei-me ao m\u00e1ximo para obter o papel, repeti as frases v\u00e1rias vezes diante do espelho, mas a professora decidiu dar o papel ao Jo\u00e3o. Tratava-se duma crian\u00e7a que estava sempre sozinha.<\/p>\n<p style=\"text-align: justify;\">Naquele momento, senti-me humilhado e zangado comigo mesmo, com a professora e com o Jo\u00e3o. A representa\u00e7\u00e3o foi um sucesso; desde ent\u00e3o, o Jo\u00e3o abriu-se mais com toda a classe.<\/p>\n<p style=\"text-align: justify;\">A minha desilus\u00e3o serviu para ajudar outra pessoa, a escolha da professora deu uma oportunidade a quem tinha verdadeiramente necessidade.<\/p>\n<p style=\"text-align: justify;\"><strong>Ora\u00e7\u00e3o das crian\u00e7as<\/strong><\/p>\n<p style=\"text-align: justify;\">Jesus, fazei-me instrumento do vosso amor; fazei-me ouvir o grito dolorido de quem se encontra em dificuldade, para o poder consolar.<\/p>\n<p style=\"text-align: justify;\"><strong>Oremos!<\/strong><\/p>\n<p style=\"text-align: justify;\">Senhor, ca\u00edstes por terra como outro homem qualquer.<br \/>\nDai-nos for\u00e7a para nos levantarmos de novo<br \/>\nquando j\u00e1 n\u00e3o tivermos sequer desejo de o fazer.<br \/>\nAumentai em n\u00f3s a certeza<br \/>\nde que, no cansa\u00e7o e no desalento,<br \/>\npodemos sempre recome\u00e7ar a caminhar convosco ao nosso lado.<br \/>\nV\u00f3s que viveis e reinais pelos s\u00e9culos dos s\u00e9culos. Amen.<\/p>\n<p style=\"text-align: justify;\"><strong>VIII ESTA\u00c7\u00c3O<\/strong><\/p>\n<p style=\"text-align: justify;\"><strong>Jesus encontra as mulheres de Jerusal\u00e9m<\/strong><\/p>\n<p style=\"text-align: justify;\"><em>Seguiam Jesus uma grande multid\u00e3o de povo e umas mulheres que batiam no peito e se lamentavam por Ele. Jesus voltou-Se para elas e disse-lhes: \u00abFilhas de Jerusal\u00e9m, n\u00e3o choreis por Mim, chorai antes por v\u00f3s mesmas e pelos vossos filhos\u00bb<\/em>\u00a0(<em>Lc<\/em>\u00a023, 27-28).<\/p>\n<p style=\"text-align: justify;\"><strong>Medita\u00e7\u00e3o<\/strong><\/p>\n<p style=\"text-align: justify;\">Meu irm\u00e3o e eu, passamos a tarde toda entretidos nos videojogos. Ao entardecer, a m\u00e3e perguntou-nos se t\u00ednhamos feito os deveres de casa. Os dois respondemos: \u00abClaro, m\u00e3e!\u00bb Fui imediatamente para o quarto e comecei a faz\u00ea-los, enquanto o meu irm\u00e3o se p\u00f4s a ver a televis\u00e3o no sof\u00e1.<\/p>\n<p style=\"text-align: justify;\">No dia seguinte, ele n\u00e3o foi \u00e0 escola, fingindo uma terr\u00edvel dor de barriga.<\/p>\n<p style=\"text-align: justify;\">Quando regressei a casa, fui ao quarto dele e conversamos sobre o sucedido: t\u00ednhamos errado ao mentir \u00e0 m\u00e3e e, ele, ao fingir uma dor de barriga.<\/p>\n<p style=\"text-align: justify;\">Propus-lhe fazermos imediatamente os deveres de casa, e ajudei-o at\u00e9 a recuperar os do dia anterior. Uma vez conclu\u00eddos, passamos o resto da tarde a jogar.<\/p>\n<p style=\"text-align: justify;\">Corrigir um irm\u00e3o \u00e9 um gesto dif\u00edcil, mas necess\u00e1rio; exige coragem, simplicidade e delicadeza.<\/p>\n<p style=\"text-align: justify;\"><strong>Ora\u00e7\u00e3o das crian\u00e7as<\/strong><\/p>\n<p style=\"text-align: justify;\">Jesus, que enchestes o nosso cora\u00e7\u00e3o de mansid\u00e3o e sensibilidade, tornai-nos capazes de guardar os nossos irm\u00e3os mais pequenos.<\/p>\n<p style=\"text-align: justify;\"><strong>Oremos!<\/strong><\/p>\n<p style=\"text-align: justify;\">Senhor, Pai bom,<br \/>\ntornai-nos testemunhas cred\u00edveis da vossa miseric\u00f3rdia;<br \/>\nfazei que as nossas palavras e a\u00e7\u00f5es<br \/>\nsejam sempre um gesto sincero e gratuito de caridade<br \/>\npara com o irm\u00e3o.<br \/>\nPor Cristo Senhor nosso. Amen.<\/p>\n<p style=\"text-align: justify;\"><strong>IX ESTA\u00c7\u00c3O<\/strong><\/p>\n<p style=\"text-align: justify;\"><strong>Jesus cai pela terceira vez<\/strong><\/p>\n<p style=\"text-align: justify;\"><em>[Jesus disse:] \u00abEm verdade, em verdade vos digo: se o gr\u00e3o de trigo, lan\u00e7ado \u00e0 terra, n\u00e3o morrer, fica ele s\u00f3; mas, se morrer, d\u00e1 muito fruto. Quem se ama a si mesmo, perde-se; quem se despreza a si mesmo, neste mundo, assegura para si a vida eterna\u00bb<\/em>\u00a0(<em>Jo<\/em>\u00a012, 24-25).<\/p>\n<p style=\"text-align: justify;\"><strong>Medita\u00e7\u00e3o<\/strong><\/p>\n<p style=\"text-align: justify;\">No \u00faltimo ano, n\u00e3o voltamos a visitar os nossos av\u00f3s com a fam\u00edlia; os meus pais dizem que \u00e9 perigoso, poder\u00edamos faz\u00ea-los adoecer de covid. Sinto falta deles!<\/p>\n<p style=\"text-align: justify;\">Tal como sinto falta das amigas de voleibol e do escutismo.<\/p>\n<p style=\"text-align: justify;\">Muitas vezes sinto-me sozinha.<\/p>\n<p style=\"text-align: justify;\">A escola tamb\u00e9m est\u00e1 fechada; antes, por vezes ia de m\u00e1 vontade, mas agora tudo o que mais desejo \u00e9 voltar \u00e0 escola para rever os companheiros e as professoras.<\/p>\n<p style=\"text-align: justify;\">Por vezes a tristeza da solid\u00e3o torna-se insuport\u00e1vel, sentimo-nos \u00ababandonados\u00bb por todos, incapazes de continuar a sorrir. Como Jesus, encontramo-nos estendidos por terra.<\/p>\n<p style=\"text-align: justify;\"><strong>Ora\u00e7\u00e3o das crian\u00e7as<\/strong><\/p>\n<p style=\"text-align: justify;\">Jesus, luz eterna, resplandecei \u2013 Vo-lo pe\u00e7o \u2013 quando me perder em pensamentos mais sombrios, afastando-me de V\u00f3s.<\/p>\n<p style=\"text-align: justify;\"><strong>Oremos!<\/strong><\/p>\n<p style=\"text-align: justify;\">Senhor, que subistes ao Calv\u00e1rio como cordeiro sacrificial,<br \/>\niluminai-nos nesta noite escura,<br \/>\npara n\u00e3o nos extraviarmos neste per\u00edodo dif\u00edcil.<br \/>\nV\u00f3s que viveis e reinais pelos s\u00e9culos dos s\u00e9culos. Amen.<\/p>\n<p style=\"text-align: justify;\"><strong>X ESTA\u00c7\u00c3O<\/strong><\/p>\n<p style=\"text-align: justify;\"><strong>Jesus \u00e9 despojado das suas vestes<\/strong><\/p>\n<p style=\"text-align: justify;\"><em>[Os soldados] crucificaram-No e repartiram entre si as suas vestes, tirando-as \u00e0 sorte, para ver o que cabia a cada um. (\u2026) Assim se cumpriu a Escritura, que diz: Repartiram entre eles as minhas vestes e sobre a minha t\u00fanica lan\u00e7aram sortes<\/em>\u00a0(<em>Mc<\/em>\u00a015, 24;\u00a0<em>Jo<\/em>\u00a019, 24b).<\/p>\n<p style=\"text-align: justify;\"><strong>Medita\u00e7\u00e3o<\/strong><\/p>\n<p style=\"text-align: justify;\">Nas prateleiras do meu quarto, tinha muit\u00edssimas bonecas, cada uma delas diferente. A cada anivers\u00e1rio, recebia de presente uma nova e gostava muito de todas as minhas amiguinhas.<\/p>\n<p style=\"text-align: justify;\">No domingo, durante os avisos no fim da\u00a0<a href=\"https:\/\/www.acidigital.com\/fiestas\/eucaristia\/index.html\">Missa<\/a>, o p\u00e1roco falou sobre uma recolha de brinquedos para as crian\u00e7as refugiadas do Kosovo.<\/p>\n<p style=\"text-align: justify;\">Regressada a casa, olhava para as minhas bonecas e pensava: \u00abSer\u00e1 que preciso mesmo delas?\u00bb<\/p>\n<p style=\"text-align: justify;\">Com tristeza, escolhi algumas, as mais velhas, aquelas a que me sentia menos afei\u00e7oada. Preparei a caixa para, no domingo seguinte, deix\u00e1-las na\u00a0<a href=\"https:\/\/www.acidigital.com\/igreja\/index.html\">igreja<\/a>.<\/p>\n<p style=\"text-align: justify;\">\u00c0 noite, por\u00e9m, tinha a sensa\u00e7\u00e3o de n\u00e3o ter feito o suficiente. Antes de ir dormir, a caixa estava cheia de bonecas e as prateleiras vazias.<\/p>\n<p style=\"text-align: justify;\">Desfazer-se do sup\u00e9rfluo deixa a alma mais leve e liberta-nos dos ego\u00edsmos.<\/p>\n<p style=\"text-align: justify;\">Torna-nos mais felizes dar do que receber.<\/p>\n<p style=\"text-align: justify;\"><strong>Ora\u00e7\u00e3o das crian\u00e7as<\/strong><\/p>\n<p style=\"text-align: justify;\">Jesus, velai sobre o meu cora\u00e7\u00e3o, tornai-o livre da escravid\u00e3o dos bens materiais. Ajudai-me a dar n\u00e3o s\u00f3 o sup\u00e9rfluo, mas tamb\u00e9m algo de necess\u00e1rio.<\/p>\n<p style=\"text-align: justify;\"><strong>Oremos!<\/strong><\/p>\n<p style=\"text-align: justify;\">Senhor, Pai bom, preenchei as nossas dist\u00e2ncias,<br \/>\ntornai-nos generosos em partilhar com os irm\u00e3os<br \/>\nos dons da vossa provid\u00eancia.<br \/>\nPor Cristo Senhor nosso. Amen.<\/p>\n<p style=\"text-align: justify;\"><strong>XI ESTA\u00c7\u00c3O<\/strong><\/p>\n<p style=\"text-align: justify;\"><strong>Jesus \u00e9 pregado na cruz<\/strong><\/p>\n<p style=\"text-align: justify;\"><em>O povo permanecia ali, a observar; e os chefes zombavam, dizendo: \u00abSalvou os outros; salve-Se a Si mesmo, se \u00e9 o Messias de Deus, o Eleito\u00bb. Os soldados tamb\u00e9m tro\u00e7avam d\u2019Ele. Aproximando-se para Lhe oferecerem vinagre, diziam: \u00abSe \u00e9s o rei dos judeus, salva-Te a Ti mesmo!\u00bb (Lc\u00a0<\/em>23, 35-37).<\/p>\n<p style=\"text-align: justify;\"><strong>Medita\u00e7\u00e3o<\/strong><\/p>\n<p style=\"text-align: justify;\">No dia de\u00a0<a href=\"https:\/\/www.acidigital.com\/fiestas\/navidad\/index.html\">Natal<\/a>, fomos com os escuteiros a Roma, \u00e0s Irm\u00e3s Mission\u00e1rias da Caridade, para servir o almo\u00e7o aos necessitados, renunciando ao dia de festa em fam\u00edlia.<\/p>\n<p style=\"text-align: justify;\">\u00c0 ida no comboio, pensava em todas as coisas que teria perdido: os riss\u00f3is feitos \u00e0 m\u00e3o pela av\u00f3 Maria, o jogo da lotaria, o panetone, as prendas trocadas \u00e0 lareira&#8230;<\/p>\n<p style=\"text-align: justify;\">No regresso, pensava no rosto das pessoas que servira, nos seus sorrisos e nas suas hist\u00f3rias&#8230; A ideia de ter levado \u00e0quelas pessoas um momento de serenidade tornara aquele Natal inesquec\u00edvel.<\/p>\n<p style=\"text-align: justify;\">Oferecer-se a si mesmo e o pr\u00f3prio servi\u00e7o por amor \u00e9 o ensinamento que Jesus nos d\u00e1 na cruz.<\/p>\n<p style=\"text-align: justify;\"><strong>Ora\u00e7\u00e3o das crian\u00e7as<\/strong><\/p>\n<p style=\"text-align: justify;\">Jesus, livrai-nos do nosso orgulho e preconceitos; fazei que o nosso cora\u00e7\u00e3o esteja aberto aos outros.<\/p>\n<p style=\"text-align: justify;\"><strong>Oremos!<\/strong><\/p>\n<p style=\"text-align: justify;\">Senhor, dai-nos a gra\u00e7a<br \/>\nde n\u00e3o ficar cravados nos nossos pecados,<br \/>\nmas ajudai-nos a ver em cada uma das nossas fraquezas<br \/>\numa nova possibilidade<br \/>\npara fazer transparecer o poder da vossa Cruz,<br \/>\nque d\u00e1 vida e esperan\u00e7a.<br \/>\nV\u00f3s que viveis e reinais pelos s\u00e9culos dos s\u00e9culos. Amen.<\/p>\n<p style=\"text-align: justify;\"><strong>XII ESTA\u00c7\u00c3O<\/strong><\/p>\n<p style=\"text-align: justify;\"><strong>Jesus morre na cruz<\/strong><\/p>\n<p style=\"text-align: justify;\"><em>Por volta do meio-dia, as trevas cobriram toda a regi\u00e3o at\u00e9 \u00e0s tr\u00eas horas da tarde. O Sol tinha-se eclipsado e o v\u00e9u do templo rasgou-se ao meio. Dando um forte grito, Jesus exclamou: \u00abPai, nas tuas m\u00e3os entrego o meu esp\u00edrito\u00bb. Dito isto, expirou<\/em>\u00a0(<em>Lc<\/em>\u00a023, 44-46).<\/p>\n<p style=\"text-align: justify;\"><strong>Medita\u00e7\u00e3o<\/strong><\/p>\n<p style=\"text-align: justify;\">H\u00e1 pouco tempo, depois de ter falado do assunto na escola, escrevi um artigo sobre as crian\u00e7as v\u00edtimas da m\u00e1fia. Pergunto-me: Como se podem realizar a\u00e7\u00f5es t\u00e3o horr\u00edveis? \u00c9 justo perdoar estas coisas? E eu\u2026 seria capaz de o fazer?<\/p>\n<p style=\"text-align: justify;\">Ao morrer na cruz, Jesus deu a todos a salva\u00e7\u00e3o. N\u00e3o veio chamar os justos, mas os pecadores que t\u00eam a humildade e a coragem de se converter.<\/p>\n<p style=\"text-align: justify;\"><strong>Ora\u00e7\u00e3o das crian\u00e7as<\/strong><\/p>\n<p style=\"text-align: justify;\">Jesus, dai-nos a for\u00e7a de perdoar, V\u00f3s que dissestes: \u00abHaver\u00e1 mais alegria no C\u00e9u por um s\u00f3 pecador que se converte, do que por noventa e nove justos que n\u00e3o necessitam de convers\u00e3o\u00bb.<\/p>\n<p style=\"text-align: justify;\"><strong>Oremos!<\/strong><\/p>\n<p style=\"text-align: justify;\">Senhor Jesus,<br \/>\nque morrestes na cruz por n\u00f3s,<br \/>\nacolhei a nossa vida<br \/>\nde modo que se una \u00e0 vossa<br \/>\ncomo oferta perene e definitiva.<br \/>\nV\u00f3s que viveis e reinais pelos s\u00e9culos dos s\u00e9culos. Amen.<\/p>\n<p style=\"text-align: justify;\"><strong>XIII ESTA\u00c7\u00c3O<\/strong><\/p>\n<p style=\"text-align: justify;\"><strong>O corpo de Jesus \u00e9 descido da cruz<\/strong><\/p>\n<p style=\"text-align: justify;\"><em>Ao cair da tarde, veio um homem rico de Arimateia, chamado Jos\u00e9, que tamb\u00e9m se tornara disc\u00edpulo de Jesus. Foi ter com Pilatos e pediu-lhe o corpo de Jesus. Pilatos ordenou que lho entregassem<\/em>\u00a0(<em>Mt<\/em>\u00a027, 57-58).<\/p>\n<p style=\"text-align: justify;\"><strong>Medita\u00e7\u00e3o<\/strong><\/p>\n<p style=\"text-align: justify;\">Da ambul\u00e2ncia desceram homens, que pareciam astronautas munidos de toucas, luvas, m\u00e1scaras e viseiras, e levaram o av\u00f4 que, j\u00e1 h\u00e1 alguns dias, sentia dificuldade em respirar.<\/p>\n<p style=\"text-align: justify;\">Foi a \u00faltima vez que vi o av\u00f4; morreu poucos dias depois no hospital, sofrendo \u2013 imagino \u2013 tamb\u00e9m pela solid\u00e3o.<\/p>\n<p style=\"text-align: justify;\">N\u00e3o pude estar \u00e0 beira dele fisicamente, dizer-lhe adeus e dar-lhe conforto.<\/p>\n<p style=\"text-align: justify;\">Rezei por ele todos os dias; pude assim acompanh\u00e1-lo nesta sua \u00faltima viagem terrena.<\/p>\n<p style=\"text-align: justify;\"><strong>Ora\u00e7\u00e3o das crian\u00e7as<\/strong><\/p>\n<p style=\"text-align: justify;\">Agradecemo-Vos, Jesus, por nos terdes dado a for\u00e7a da esperan\u00e7a com a vossa morte na cruz.<\/p>\n<p style=\"text-align: justify;\"><strong>Oremos!<\/strong><\/p>\n<p style=\"text-align: justify;\">\u00d3 Senhor, Pai bom,<br \/>\nconcedei-nos sentir-Vos vizinho<br \/>\ncomo presen\u00e7a consoladora e reconciliadora,<br \/>\nat\u00e9 quando, por um dom da vossa provid\u00eancia,<br \/>\nnos chamardes para sermos um s\u00f3 convosco.<br \/>\nPor Cristo Senhor nosso. Amen.<\/p>\n<p style=\"text-align: justify;\"><strong>XIV ESTA\u00c7\u00c3O<\/strong><\/p>\n<p style=\"text-align: justify;\"><strong>O corpo de Jesus \u00e9 depositado no sepulcro<\/strong><\/p>\n<p style=\"text-align: justify;\"><em>Jos\u00e9 tomou o corpo, envolveu-o num len\u00e7ol limpo e depositou-o num t\u00famulo novo, que tinha mandado talhar na rocha. Depois rolou uma grande pedra contra a porta do t\u00famulo e retirou-se<\/em>\u00a0(<em>Mt<\/em>\u00a027, 59-60).<\/p>\n<p style=\"text-align: justify;\"><strong>Medita\u00e7\u00e3o<\/strong><\/p>\n<p style=\"text-align: justify;\">Querido Jesus, chamo-me Sara, tenho doze anos e quero agradecer-Vos porque hoje me ensinastes a fazer o bem em nome do vosso amor.<\/p>\n<p style=\"text-align: justify;\">Ensinastes-me a superar todos os sofrimentos, confiando-me a V\u00f3s; a amar o outro como meu irm\u00e3o; a levantar-me depois das quedas; a servir os outros; a libertar-me dos preconceitos; a reconhecer o essencial e sobretudo a unir cada dia a minha vida \u00e0 vossa.<\/p>\n<p style=\"text-align: justify;\">Gra\u00e7as ao vosso gesto de amor infinito, hoje sei que a morte n\u00e3o \u00e9 o fim de tudo.<\/p>\n<p style=\"text-align: justify;\"><strong>Ora\u00e7\u00e3o das crian\u00e7as<\/strong><\/p>\n<p style=\"text-align: justify;\">Jesus, ajudai-nos a n\u00e3o abandonar as nossas ora\u00e7\u00f5es quando sentimos o nosso cora\u00e7\u00e3o pesado frente \u00e0 pedra do vosso sepulcro.<\/p>\n<p style=\"text-align: justify;\"><strong>Oremos!<\/strong><\/p>\n<p style=\"text-align: justify;\">\u00d3 Senhor, Pai bom,<br \/>\nquando o percurso da vida nos mostra hist\u00f3rias dif\u00edceis,<br \/>\ndai-nos a esperan\u00e7a da P\u00e1scoa,<br \/>\npassagem da morte \u00e0 ressurrei\u00e7\u00e3o.<br \/>\nPor Cristo Senhor nosso. Amen.<\/p>\n<p style=\"text-align: justify;\"><strong>Ora\u00e7\u00e3o Final<\/strong><\/p>\n<p style=\"text-align: justify;\">Senhor, Pai bom, comemoramos, este ano tamb\u00e9m, a Via-Sacra do vosso Filho Jesus, e fizemo-lo com as vozes e as ora\u00e7\u00f5es das crian\u00e7as, por V\u00f3s mesmo apontadas como exemplo para entrar no vosso Reino.<\/p>\n<p style=\"text-align: justify;\">Como elas, ajudai-nos a tornar-nos pequeninos, necessitados de tudo, abertos \u00e0 vida. Fazei-nos readquirir a pureza do olhar e do cora\u00e7\u00e3o.<\/p>\n<p style=\"text-align: justify;\">Pedimo-Vos que aben\u00e7oeis e protejais todas as crian\u00e7as do mundo, para que possam crescer em idade, sabedoria e gra\u00e7a, a fim de conhecerem e seguirem o projeto bom que V\u00f3s pensastes para cada uma.<\/p>\n<p style=\"text-align: justify;\">Aben\u00e7oai tamb\u00e9m os pais e quantos colaboram com eles na educa\u00e7\u00e3o destes vossos filhos, para que, dando vida e amor, se sintam sempre unidos a V\u00f3s.<\/p>\n<p style=\"text-align: justify;\">Por Cristo Senhor nosso. Amen.<\/p>\n","protected":false},"excerpt":{"rendered":"<p>O Papa Francisco encomendou a prepara\u00e7\u00e3o das medita\u00e7\u00f5es da Via-Sacra da Sexta-feira Santa 2021 a um grupo de escoteiros da regi\u00e3o italiana de Umbria e \u00e0 par\u00f3quia romana Santos M\u00e1rtires de Uganda que realizam uma \u201ccatequese &#8216;para e com&#8217; pessoas com defici\u00eancia\u201d. Pelo segundo ano consecutivo, a ora\u00e7\u00e3o da Via-Sacra da Sexta-Feira Santa n\u00e3o acontecer\u00e1 [&hellip;]<\/p>\n","protected":false},"author":1,"featured_media":66888,"comment_status":"open","ping_status":"closed","sticky":false,"template":"","format":"standard","meta":{"footnotes":""},"categories":[4],"tags":[],"class_list":["post-66887","post","type-post","status-publish","format-standard","has-post-thumbnail","hentry","category-cotidiano"],"_links":{"self":[{"href":"https:\/\/catolicanet.net\/wp-cnet\/wp-json\/wp\/v2\/posts\/66887","targetHints":{"allow":["GET"]}}],"collection":[{"href":"https:\/\/catolicanet.net\/wp-cnet\/wp-json\/wp\/v2\/posts"}],"about":[{"href":"https:\/\/catolicanet.net\/wp-cnet\/wp-json\/wp\/v2\/types\/post"}],"author":[{"embeddable":true,"href":"https:\/\/catolicanet.net\/wp-cnet\/wp-json\/wp\/v2\/users\/1"}],"replies":[{"embeddable":true,"href":"https:\/\/catolicanet.net\/wp-cnet\/wp-json\/wp\/v2\/comments?post=66887"}],"version-history":[{"count":1,"href":"https:\/\/catolicanet.net\/wp-cnet\/wp-json\/wp\/v2\/posts\/66887\/revisions"}],"predecessor-version":[{"id":66889,"href":"https:\/\/catolicanet.net\/wp-cnet\/wp-json\/wp\/v2\/posts\/66887\/revisions\/66889"}],"wp:featuredmedia":[{"embeddable":true,"href":"https:\/\/catolicanet.net\/wp-cnet\/wp-json\/wp\/v2\/media\/66888"}],"wp:attachment":[{"href":"https:\/\/catolicanet.net\/wp-cnet\/wp-json\/wp\/v2\/media?parent=66887"}],"wp:term":[{"taxonomy":"category","embeddable":true,"href":"https:\/\/catolicanet.net\/wp-cnet\/wp-json\/wp\/v2\/categories?post=66887"},{"taxonomy":"post_tag","embeddable":true,"href":"https:\/\/catolicanet.net\/wp-cnet\/wp-json\/wp\/v2\/tags?post=66887"}],"curies":[{"name":"wp","href":"https:\/\/api.w.org\/{rel}","templated":true}]}}