{"id":66806,"date":"2021-03-28T08:50:28","date_gmt":"2021-03-28T11:50:28","guid":{"rendered":"https:\/\/catolicanet.net\/wp-cnet\/?p=66806"},"modified":"2021-03-27T21:53:59","modified_gmt":"2021-03-28T00:53:59","slug":"reflexao-para-o-domingo-de-ramos","status":"publish","type":"post","link":"https:\/\/catolicanet.net\/wp-cnet\/reflexao-para-o-domingo-de-ramos\/","title":{"rendered":"Reflex\u00e3o para o Domingo de Ramos"},"content":{"rendered":"<figure class=\"article__image\" style=\"text-align: justify;\"><span class=\"didascalia_img\">Evangelho do Domingo\u00a0<\/span><\/figure>\n<div class=\"article__meta\">\n<div class=\"article__subTitle\" style=\"text-align: justify;\">\u201cAnunciamos Senhor, a vossa morte e proclamamos a vossa ressurrei\u00e7\u00e3o, vinde Senhor Jesus!\u201d, aclamamos a cada consagra\u00e7\u00e3o do p\u00e3o e do vinho.<\/div>\n<div class=\"title__separator\" style=\"text-align: justify;\"><\/div>\n<div class=\"article__text \">\n<p style=\"text-align: justify;\"><b>Padre Cesar Agusuto, SJ &#8211; Vatican News<\/b><\/p>\n<p style=\"text-align: justify;\">Neste domingo, que abre a Semana Santa, a Liturgia nos prop\u00f5e refletirmos sobre a entrada de Jesus em Jerusal\u00e9m, para ser aclamado como Filho de Davi e para, alguns dias depois, ser julgado e condenado como um grande malfeitor, um bandido que subleva o povo.<\/p>\n<p style=\"text-align: justify;\">Estamos chegando no auge, no pico do Ano Lit\u00fargico, com a solenidade das solenidades que \u00e9 a P\u00e1scoa da Ressurrei\u00e7\u00e3o do Senhor, no domingo pr\u00f3ximo.<\/p>\n<div style=\"text-align: justify;\">\n<div class=\"article__embed article__embed--unwrap article__embed--dark\">\n<div class=\"article__innerTitle\">Ou\u00e7a e compartilhe<\/div>\n<div>\n<!--[if lt IE 9]><script>document.createElement('audio');<\/script><![endif]-->\n<audio class=\"wp-audio-shortcode\" id=\"audio-66806-1\" preload=\"none\" style=\"width: 100%;\" controls=\"controls\"><source type=\"audio\/mpeg\" src=\"https:\/\/media.vaticannews.va\/media\/audio\/s1\/2021\/03\/26\/13\/135983981_F135983981.mp3?_=1\" \/><a href=\"https:\/\/media.vaticannews.va\/media\/audio\/s1\/2021\/03\/26\/13\/135983981_F135983981.mp3\">https:\/\/media.vaticannews.va\/media\/audio\/s1\/2021\/03\/26\/13\/135983981_F135983981.mp3<\/a><\/audio>\n<\/div>\n<\/div>\n<\/div>\n<p style=\"text-align: justify;\">Nesta Semana, vamos refletir sobre a entrega de Jesus na Nova e Eterna Alian\u00e7a, na quinta-feira e na paix\u00e3o e morte de Jesus, na sexta. Tendo o s\u00e1bado como um dia de esperan\u00e7a, aguardando a realiza\u00e7\u00e3o da promessa do Senhor, de que ressuscitaria, passamos estes dias ao lado da Virgem Maria, a Nossa Senhora das Dores, a M\u00e3e da Esperan\u00e7a, em casa, no aguardo da Vida Nova.<\/p>\n<p style=\"text-align: justify;\">Esta Semana Santa, de 2021, como a do ano passado, de 2020, ter\u00e1 suas celebra\u00e7\u00f5es diferentes, em muitas cidades ser\u00e3o transmitidas online, com todos os fi\u00e9is leigos em casa, protegendo-se da pandemia. Isso nos afervora o sentimento de medita\u00e7\u00e3o e contempla\u00e7\u00e3o, j\u00e1 que nada ser\u00e1 motivo de distra\u00e7\u00e3o, mas sim, de uni\u00e3o com o Cristo que sofre sua paix\u00e3o, tamb\u00e9m nos irm\u00e3os que est\u00e3o enfermos e, muitos, agonizantes, al\u00e9m de estar presente naqueles que fazem o papel de cireneu, os m\u00e9dicos e enfermeiros e todos da \u00e1rea da sa\u00fade, que lidam direta ou indiretamente a favor daqueles que sofrem.<\/p>\n<p style=\"text-align: justify;\">Veremos a Virgem Dolorosa tamb\u00e9m nas pessoas que, aflitas, acompanham, de longe, o sofrimento dos amados, dos queridos, daqueles que importam em suas vidas. Por que n\u00e3o citar aquelas pessoas que como Maria, outras mulheres, Jo\u00e3o Evangelista e Jos\u00e9 de Arimat\u00e9ia fazem um cortejo f\u00fanebre, mesmo apenas com o cora\u00e7\u00e3o, e sepultam ou cremam os corpos de seus entes queridos?<\/p>\n<p style=\"text-align: justify;\">Esta semana ser\u00e1 Santa em todos os sentidos. Vamos viv\u00ea-la na dimens\u00e3o unitiva com todos os que padecem em nosso mundo.<\/p>\n<p style=\"text-align: justify;\">A primeira leitura da missa deste domingo, extra\u00edda de Isa\u00edas 50, 4-7, inicia dizendo que o Senhor deu ao personagem principal do texto, capacidade de confortar pessoa abatida e para ouvir, como disc\u00edpulo. Ao mesmo tempo, o personagem principal sofre agress\u00f5es e afrontas, mas n\u00e3o perde o \u00e2nimo porque sabe que o Senhor \u00e9 o seu aux\u00edlio e n\u00e3o sair\u00e1 humilhado dessa situa\u00e7\u00e3o de ultrajes. A cena pode ser aplicada ao Cristo, em sua paix\u00e3o, e a n\u00f3s, em situa\u00e7\u00f5es de profundo sofrimento. A esperan\u00e7a em Deus permanece. O Senhor pode n\u00e3o nos livrar de vexames e afrontas, mas Ele nos liberta dentro dessa situa\u00e7\u00e3o e nos mantem, apesar das humilha\u00e7\u00f5es, com nossa dignidade intoc\u00e1vel. O salmo responsorial, Sl 21 (22) descreve com tragicidade o que acontece com o Servo do Senhor, mas ser\u00e1 o Sl 23(22), o que nos falar\u00e1 do sentimento mais profundo durante a experi\u00eancia de atroz sofrimento: \u201cAinda que eu caminhe por vale tenebroso nenhum mal temerei, pois est\u00e1s junto a mim &#8230; minha morada \u00e9 a casa do Senhor por dias sem fim.\u201d<\/p>\n<p style=\"text-align: justify;\">Na segunda leitura, tirada de Filipenses 2, 6-11, S\u00e3o Paulo nos fala explicitamente de Jesus Cristo ao fazer a kenosis de si mesmo, isto \u00e9, ao se esvaziar da postura de Filho de Deus para se preencher com a condi\u00e7\u00e3o de escravo e se igualar aos seres humanos.<\/p>\n<p style=\"text-align: justify;\">Vivemos essa entrega do Senhor a cada Eucaristia, onde ele assume nosso lugar e sendo homem e Deus, faz a alian\u00e7a nova e eterna com o Pai, renovada a cada sim dado ao Pai, quando sa\u00edmos de n\u00f3s mesmos e aceitamos morrer e abra\u00e7ar a vida nova.<\/p>\n<p style=\"text-align: justify;\">A Quinta-Feira Santa e a Sexta-Feira Santa celebram especialmente essa entrega do Senhor, que tamb\u00e9m pode, aos poucos, ir se tornando a nossa, quando conscientes no dia de nosso Batismo, demos o Sim radical ao Senhor da Vida, a cada dificuldade o vamos repetindo, at\u00e9 o Sim absoluto dado na hora de nossa morte.<\/p>\n<p style=\"text-align: justify;\">\u201cAnunciamos Senhor, a vossa morte e proclamamos a vossa ressurrei\u00e7\u00e3o, vinde Senhor Jesus!\u201d, aclamamos a cada consagra\u00e7\u00e3o do p\u00e3o e do vinho. A\u00ed, jaz a esperan\u00e7a, ou melhor, a certeza de que a vida dar\u00e1 sua palavra final com a ressurrei\u00e7\u00e3o. A do Senhor j\u00e1 aclamada, e a nossa, imbricada na Dele.<\/p>\n<\/div>\n<\/div>\n","protected":false},"excerpt":{"rendered":"<p>Evangelho do Domingo\u00a0 \u201cAnunciamos Senhor, a vossa morte e proclamamos a vossa ressurrei\u00e7\u00e3o, vinde Senhor Jesus!\u201d, aclamamos a cada consagra\u00e7\u00e3o do p\u00e3o e do vinho. Padre Cesar Agusuto, SJ &#8211; Vatican News Neste domingo, que abre a Semana Santa, a Liturgia nos prop\u00f5e refletirmos sobre a entrada de Jesus em Jerusal\u00e9m, para ser aclamado como [&hellip;]<\/p>\n","protected":false},"author":1,"featured_media":66808,"comment_status":"open","ping_status":"closed","sticky":false,"template":"","format":"standard","meta":{"footnotes":""},"categories":[13,3],"tags":[],"class_list":["post-66806","post","type-post","status-publish","format-standard","has-post-thumbnail","hentry","category-featured","category-vaticano"],"_links":{"self":[{"href":"https:\/\/catolicanet.net\/wp-cnet\/wp-json\/wp\/v2\/posts\/66806","targetHints":{"allow":["GET"]}}],"collection":[{"href":"https:\/\/catolicanet.net\/wp-cnet\/wp-json\/wp\/v2\/posts"}],"about":[{"href":"https:\/\/catolicanet.net\/wp-cnet\/wp-json\/wp\/v2\/types\/post"}],"author":[{"embeddable":true,"href":"https:\/\/catolicanet.net\/wp-cnet\/wp-json\/wp\/v2\/users\/1"}],"replies":[{"embeddable":true,"href":"https:\/\/catolicanet.net\/wp-cnet\/wp-json\/wp\/v2\/comments?post=66806"}],"version-history":[{"count":1,"href":"https:\/\/catolicanet.net\/wp-cnet\/wp-json\/wp\/v2\/posts\/66806\/revisions"}],"predecessor-version":[{"id":66809,"href":"https:\/\/catolicanet.net\/wp-cnet\/wp-json\/wp\/v2\/posts\/66806\/revisions\/66809"}],"wp:featuredmedia":[{"embeddable":true,"href":"https:\/\/catolicanet.net\/wp-cnet\/wp-json\/wp\/v2\/media\/66808"}],"wp:attachment":[{"href":"https:\/\/catolicanet.net\/wp-cnet\/wp-json\/wp\/v2\/media?parent=66806"}],"wp:term":[{"taxonomy":"category","embeddable":true,"href":"https:\/\/catolicanet.net\/wp-cnet\/wp-json\/wp\/v2\/categories?post=66806"},{"taxonomy":"post_tag","embeddable":true,"href":"https:\/\/catolicanet.net\/wp-cnet\/wp-json\/wp\/v2\/tags?post=66806"}],"curies":[{"name":"wp","href":"https:\/\/api.w.org\/{rel}","templated":true}]}}