{"id":66780,"date":"2021-03-26T14:38:12","date_gmt":"2021-03-26T17:38:12","guid":{"rendered":"https:\/\/catolicanet.net\/wp-cnet\/?p=66780"},"modified":"2021-03-27T20:53:38","modified_gmt":"2021-03-27T23:53:38","slug":"hosana-ao-filho-de-davi","status":"publish","type":"post","link":"https:\/\/catolicanet.net\/wp-cnet\/hosana-ao-filho-de-davi\/","title":{"rendered":"Hosana ao Filho de Davi!"},"content":{"rendered":"<p style=\"text-align: justify;\">A liturgia deste \u00faltimo Domingo da Quaresma convida-nos a contemplar esse Deus que, por amor, desceu ao nosso encontro, partilhou a nossa humanidade, fez-Se servo dos homens, deixou-Se matar para que o ego\u00edsmo e o pecado fossem vencidos. A cruz (que a liturgia deste domingo coloca no horizonte pr\u00f3ximo de Jesus) apresenta-nos a li\u00e7\u00e3o suprema, o \u00faltimo passo desse caminho de vida nova que, em Jesus, Deus nos prop\u00f5e: a doa\u00e7\u00e3o da vida por amor.<\/p>\n<p style=\"text-align: justify;\">A primeira leitura(Is 50,4-7) apresenta-nos um profeta an\u00f4nimo, chamado por Deus a testemunhar no meio das na\u00e7\u00f5es a Palavra da salva\u00e7\u00e3o. Apesar do sofrimento e da persegui\u00e7\u00e3o, o profeta confiou em Deus e concretizou, com teimosa fidelidade, os projetos de Deus. Os primeiros crist\u00e3os viram neste \u201cservo\u201d a figura de Jesus. A palavra de Isa\u00edas \u00e9 uma das mais belas da B\u00edblia. \u00c9 o terceiro c\u00e2ntico do servo referido pelo profeta Isa\u00edas. Esse terceiro c\u00e2ntico descreve o servo como um fiel disc\u00edpulo e um aut\u00eantico profeta, que n\u00e3o teme as contrariedades nem as persegui\u00e7\u00f5es, t\u00e3o pouco foge da miss\u00e3o, pois Deus \u00e9 seu auxiliador. Isso porque ele agradece a Deus por ter um ouvido de disc\u00edpulo e l\u00edngua que diz palavras de conforto. Eis o terceiro canto do servo, daquele que sofre, mas confia em Deus. Um canto misterioso, mas que lemos \u00e0 luz da miss\u00e3o e da vida de Jesus.<\/p>\n<p style=\"text-align: justify;\">A segunda leitura(Fl 2,6-11) apresenta-nos o exemplo de Cristo. Ele prescindiu do orgulho e da arrog\u00e2ncia, para escolher a obedi\u00eancia ao Pai e o servi\u00e7o aos homens, at\u00e9 ao dom da vida. \u00c9 esse mesmo caminho de vida que a Palavra de Deus nos prop\u00f5e. Aqui temos um Jesus despojado. N\u00e3o teve medo e, como aut\u00eantico servo, viveu a experi\u00eancia humana at\u00e9 a morte. Deus, por\u00e9m, recompensou sua fidelidade, exaltando-o na gl\u00f3ria e tornando-o Senhor.<\/p>\n<p style=\"text-align: justify;\">O Evangelho(Mc 14,1-15.47) convida-nos a contemplar a paix\u00e3o e morte de Jesus: \u00e9 o momento supremo de uma vida feita dom e servi\u00e7o, a fim de libertar os homens de tudo aquilo que gera ego\u00edsmo e escravid\u00e3o. Na cruz, revela-se o amor de Deus &#8211; esse amor que n\u00e3o guarda nada para si, mas que se faz dom total. Hoje, neste Domingo de Ramos e da Paix\u00e3o, entramos com Ele em Jerusal\u00e9m. \u00c9 uma entrada carregada de simbolismo e gestos profundos: Ele entra como Rei, mas humilde e sem pompas; \u00e9 reconhecido pelo povo, mas ser\u00e1 condenado; vem como libertador, mas nunca usar\u00e1 de viol\u00eancia; vem como um soberano, mas as suas a\u00e7\u00f5es s\u00e3o de servi\u00e7o.<\/p>\n<p style=\"text-align: justify;\">Enquanto Jesus est\u00e1 \u00e0 mesa, a sua morte est\u00e1 sendo tramada; enquanto acolhe uma mulher que lhe oferece uma singular hospitalidade, a hostilidade est\u00e1 sendo preparada contra Ele. At\u00e9 mesmo um de seus disc\u00edpulos tem seu cora\u00e7\u00e3o convertido ao mal, pelo poder do dinheiro e pela gan\u00e2ncia que destr\u00f3i. Ele n\u00e3o aprendeu, como o servo, a ter ouvidos e l\u00e1bios de disc\u00edpulo, mesmo estando ao lado do Mestre. O Mestre sofre a morte, a pedra fecha o seu t\u00famulo, mas a sua vida n\u00e3o \u00e9 feita escrava das trevas.<\/p>\n<p style=\"text-align: justify;\">Jesus com a sua condena\u00e7\u00e3o, morte e ressurrei\u00e7\u00e3o salva a humanidade. Sua fidelidade o leva a n\u00e3o se desviar nem desistir da miss\u00e3o que o Pai lhe confiou. Com os ramos nas m\u00e3os, seguimos os passos de Jesus em sua entrada em Jerusal\u00e9m e em seu percurso rumo \u00e0 cruz. Iniciemos a Semana Santa, neste novo normal da COVID-19, celebrando o centro do grande acontecimento de nossa f\u00e9: o mist\u00e9rio da paix\u00e3o, morte e ressurrei\u00e7\u00e3o do Senhor!<\/p>\n","protected":false},"excerpt":{"rendered":"<p>A liturgia deste \u00faltimo Domingo da Quaresma convida-nos a contemplar esse Deus que, por amor, desceu ao nosso encontro, partilhou a nossa humanidade, fez-Se servo dos homens, deixou-Se matar para que o ego\u00edsmo e o pecado fossem vencidos. A cruz (que a liturgia deste domingo coloca no horizonte pr\u00f3ximo de Jesus) apresenta-nos a li\u00e7\u00e3o suprema, [&hellip;]<\/p>\n","protected":false},"author":10,"featured_media":55817,"comment_status":"open","ping_status":"closed","sticky":false,"template":"","format":"standard","meta":{"footnotes":""},"categories":[9],"tags":[],"class_list":["post-66780","post","type-post","status-publish","format-standard","has-post-thumbnail","hentry","category-artigos"],"_links":{"self":[{"href":"https:\/\/catolicanet.net\/wp-cnet\/wp-json\/wp\/v2\/posts\/66780","targetHints":{"allow":["GET"]}}],"collection":[{"href":"https:\/\/catolicanet.net\/wp-cnet\/wp-json\/wp\/v2\/posts"}],"about":[{"href":"https:\/\/catolicanet.net\/wp-cnet\/wp-json\/wp\/v2\/types\/post"}],"author":[{"embeddable":true,"href":"https:\/\/catolicanet.net\/wp-cnet\/wp-json\/wp\/v2\/users\/10"}],"replies":[{"embeddable":true,"href":"https:\/\/catolicanet.net\/wp-cnet\/wp-json\/wp\/v2\/comments?post=66780"}],"version-history":[{"count":1,"href":"https:\/\/catolicanet.net\/wp-cnet\/wp-json\/wp\/v2\/posts\/66780\/revisions"}],"predecessor-version":[{"id":66781,"href":"https:\/\/catolicanet.net\/wp-cnet\/wp-json\/wp\/v2\/posts\/66780\/revisions\/66781"}],"wp:featuredmedia":[{"embeddable":true,"href":"https:\/\/catolicanet.net\/wp-cnet\/wp-json\/wp\/v2\/media\/55817"}],"wp:attachment":[{"href":"https:\/\/catolicanet.net\/wp-cnet\/wp-json\/wp\/v2\/media?parent=66780"}],"wp:term":[{"taxonomy":"category","embeddable":true,"href":"https:\/\/catolicanet.net\/wp-cnet\/wp-json\/wp\/v2\/categories?post=66780"},{"taxonomy":"post_tag","embeddable":true,"href":"https:\/\/catolicanet.net\/wp-cnet\/wp-json\/wp\/v2\/tags?post=66780"}],"curies":[{"name":"wp","href":"https:\/\/api.w.org\/{rel}","templated":true}]}}