{"id":66770,"date":"2021-03-26T10:03:12","date_gmt":"2021-03-26T13:03:12","guid":{"rendered":"https:\/\/catolicanet.net\/wp-cnet\/?p=66770"},"modified":"2021-03-26T13:05:58","modified_gmt":"2021-03-26T16:05:58","slug":"bispos-apresentam-em-videos-os-resultados-de-projetos-apoiados-com-recursos-da-coleta-da-solidariedade","status":"publish","type":"post","link":"https:\/\/catolicanet.net\/wp-cnet\/bispos-apresentam-em-videos-os-resultados-de-projetos-apoiados-com-recursos-da-coleta-da-solidariedade\/","title":{"rendered":"BISPOS APRESENTAM, EM V\u00cdDEOS, OS RESULTADOS DE PROJETOS APOIADOS COM RECURSOS DA COLETA DA SOLIDARIEDADE"},"content":{"rendered":"<p style=\"text-align: justify;\">O bispo da diocese de Janu\u00e1ria (MG), dom Jos\u00e9 Moreira da Silva, divulgou um v\u00eddeo de 10 minutos no qual apresenta os resultados dos recursos arrecadados com as Coletas da Solidariedade dos \u00faltimos tr\u00eas anos investidos em projetos em sua diocese por meio do Fundo Nacional de Solidariedade (FNS). \u201cMeu irm\u00e3o e minha irm\u00e3 veja neste v\u00eddeo, o que a Coleta tem apoiado aqui na diocese\u201d, disse.<\/p>\n<p style=\"text-align: justify;\">O v\u00eddeo apresenta os projetos que receberam apoio do FNS desde 2017, como o \u201cM\u00e3os de Arte\u201d, desenvolvido na par\u00f3quia Santo Agostinho, na chapada Ga\u00facha. O objetivo do projeto foi promover a gera\u00e7\u00e3o de renda por meio do artesanato para mulheres.<\/p>\n<p style=\"text-align: justify;\"><img loading=\"lazy\" decoding=\"async\" class=\"alignleft wp-image-261374 size-medium lazyloaded\" src=\"https:\/\/eadn-wc02-718006.nxedge.io\/cdn\/wp-content\/uploads\/2021\/03\/Nuncio-Apostolico-no-Brasil-300x177.png\" sizes=\"auto, (max-width: 300px) 100vw, 300px\" srcset=\"https:\/\/eadn-wc02-718006.nxedge.io\/cdn\/wp-content\/uploads\/2021\/03\/Nuncio-Apostolico-no-Brasil-300x177.png 300w, https:\/\/eadn-wc02-718006.nxedge.io\/cdn\/wp-content\/uploads\/2021\/03\/Nuncio-Apostolico-no-Brasil-500x295.png 500w, https:\/\/eadn-wc02-718006.nxedge.io\/cdn\/wp-content\/uploads\/2021\/03\/Nuncio-Apostolico-no-Brasil.jpg 529w\" alt=\"\" width=\"300\" height=\"177\" data-ll-status=\"loaded\" \/>Outros projetos apresentados no v\u00eddeo foram o de extrativismo Sustent\u00e1vel dos Rios dos Cochos, sobre o qual foi publicada a mat\u00e9ria neste Portal, e o projeto Cozinha Sertaneja, no Vale do Perua\u00e7u, inaugurado com a visita \u00e0 \u00e9poca do ent\u00e3o N\u00fancio Apost\u00f3lico no Brasil,\u00a0 dom Giovanni d\u2019Aniello, no anivers\u00e1rio de 60 anos da diocese.<\/p>\n<p style=\"text-align: justify;\">O v\u00eddeo apresenta o depoimento das pessoas beneficiadas pelos projetos, como o da Escola Fam\u00edlia Agr\u00edcola (EFA) Tabocal de S\u00e3o Francisco, voltada para oferecer ensino m\u00e9dio profissionalizante para os filhos e jovens dos agricultores familiares. A EFA \u00e9 refer\u00eancia de educa\u00e7\u00e3o do campo na regi\u00e3o. A aluna do terceiro ano, Vanessa Madureira, agradece a contribui\u00e7\u00e3o do FNS.\u00a0 Segundo ela, falar de Escola Fam\u00edlia Agr\u00edcola para o aluno do campo \u00e9 a mesma coisa que falar de Esperan\u00e7a e da possibilidade de ver o futuro com um olhar diferente.<\/p>\n<h3 style=\"text-align: justify;\">FNS na diocese de Janu\u00e1ria (MG)<\/h3>\n<div class=\"play\" style=\"text-align: justify;\">\n<p><iframe loading=\"lazy\" title=\"Projetos apoiados pelo FNS na Diocese de Janu\u00e1ria (MG)\" width=\"696\" height=\"392\" src=\"https:\/\/www.youtube.com\/embed\/m5YYQ2iGC-M?feature=oembed\" frameborder=\"0\" allow=\"accelerometer; autoplay; clipboard-write; encrypted-media; gyroscope; picture-in-picture\" allowfullscreen><\/iframe><\/p>\n<\/div>\n<div style=\"text-align: justify;\"><\/div>\n<p style=\"text-align: justify;\">Em outro v\u00eddeo, de 22 minutos, produzido pelo Observat\u00f3rio de Evangeliza\u00e7\u00e3o da Pontif\u00edcia Universidade Cat\u00f3lica do Paran\u00e1 (PUCPR), especialistas e lideran\u00e7as religiosas falam sobre o tema da Campanha da Fraternidade deste ano e sobre o gesto concreto da Coleta da Solidariedade, a ser realizada no pr\u00f3ximo Domingo de Ramos, 28 de mar\u00e7o. O v\u00eddeo mostra tamb\u00e9m os projetos, em Curitiba (PR), que receberam apoio do Fundo Diocesano de Solidariedade.<\/p>\n<p style=\"text-align: justify;\">O padre Vilson Groh, que mant\u00e9m uma rede de solidariedade, coordenada pelo Instituto que leva o seu nome, o IVC,\u00a0 fala no document\u00e1rio sobre o tema deste ano. \u201cA campanha constr\u00f3i uma perspectiva do que a gente chama de di\u00e1logos amorosos, de compromisso e de recuperar de novo a dimens\u00e3o comunit\u00e1ria, capaz de trazer o outro e outra para sentar \u00e0 mesa do direito \u00e0 partilha, do teto, da terra e do trabalho\u201d, afirmou.<\/p>\n<p style=\"text-align: justify;\">O arcebispo de Curitiba (PR) e presidente da Comiss\u00e3o Episcopal Pastoral para a Anima\u00e7\u00e3o B\u00edblico-Catequ\u00e9tica da CNBB, dom Jos\u00e9 Ant\u00f4nio Peruzzo, falou que a Campanha da Fraternidade 2021 refor\u00e7a a sensibilidade ecum\u00eanica, a fraternidade e o di\u00e1logo como compromisso de amor.<\/p>\n<blockquote><p>\u201cTodos dizem que querem ser fraternos desde que o outro se cale\u201d, afirmou. O arcebispo falou da necessidade de se educar os comportamentos tendo em vista a solidariedade num contexto de confus\u00e3o de ideias.<\/p><\/blockquote>\n<p style=\"text-align: justify;\">Ao se aproximar do fim da quaresma,\u00a0 o arcebispo agradece as doa\u00e7\u00f5es ao Fundo Diocesano de Solidariedade, reafirma o convite da Campanha da Fraternidade Ecum\u00eanica 2021 e faz um convite ao gesto concreto de doa\u00e7\u00e3o \u00e0 Coleta da Solidariedade 2021, no Domingo de Ramos, 28 de mar\u00e7o, nas comunidades e par\u00f3quias do Brasil.<\/p>\n<h3 style=\"text-align: justify;\">Fundo Diocesano de Solidariedade em Curitiba (PR):<\/h3>\n<div class=\"ast-oembed-container\">\n<div class=\"rll-youtube-player\" data-src=\"https:\/\/www.youtube.com\/embed\/nq03bvFbrns\" data-id=\"nq03bvFbrns\" data-query=\"rel=0\">\n<div data-id=\"nq03bvFbrns\" data-query=\"rel=0\" data-src=\"https:\/\/www.youtube.com\/embed\/nq03bvFbrns\">\n<p><iframe loading=\"lazy\" title=\"Observat\u00f3rio de Evangeliza\u00e7\u00e3o da PUCPR explica a CFE 2021 e a Coleta da Solidariedade\" width=\"696\" height=\"392\" src=\"https:\/\/www.youtube.com\/embed\/nq03bvFbrns?feature=oembed\" frameborder=\"0\" allow=\"accelerometer; autoplay; clipboard-write; encrypted-media; gyroscope; picture-in-picture\" allowfullscreen><\/iframe><\/p>\n<div class=\"play\"><\/div>\n<\/div>\n<\/div>\n<\/div>\n<p>&nbsp;<\/p>\n","protected":false},"excerpt":{"rendered":"<p>O bispo da diocese de Janu\u00e1ria (MG), dom Jos\u00e9 Moreira da Silva, divulgou um v\u00eddeo de 10 minutos no qual apresenta os resultados dos recursos arrecadados com as Coletas da Solidariedade dos \u00faltimos tr\u00eas anos investidos em projetos em sua diocese por meio do Fundo Nacional de Solidariedade (FNS). \u201cMeu irm\u00e3o e minha irm\u00e3 veja [&hellip;]<\/p>\n","protected":false},"author":1,"featured_media":66771,"comment_status":"open","ping_status":"closed","sticky":false,"template":"","format":"standard","meta":{"footnotes":""},"categories":[7],"tags":[],"class_list":["post-66770","post","type-post","status-publish","format-standard","has-post-thumbnail","hentry","category-cnbb"],"_links":{"self":[{"href":"https:\/\/catolicanet.net\/wp-cnet\/wp-json\/wp\/v2\/posts\/66770","targetHints":{"allow":["GET"]}}],"collection":[{"href":"https:\/\/catolicanet.net\/wp-cnet\/wp-json\/wp\/v2\/posts"}],"about":[{"href":"https:\/\/catolicanet.net\/wp-cnet\/wp-json\/wp\/v2\/types\/post"}],"author":[{"embeddable":true,"href":"https:\/\/catolicanet.net\/wp-cnet\/wp-json\/wp\/v2\/users\/1"}],"replies":[{"embeddable":true,"href":"https:\/\/catolicanet.net\/wp-cnet\/wp-json\/wp\/v2\/comments?post=66770"}],"version-history":[{"count":1,"href":"https:\/\/catolicanet.net\/wp-cnet\/wp-json\/wp\/v2\/posts\/66770\/revisions"}],"predecessor-version":[{"id":66772,"href":"https:\/\/catolicanet.net\/wp-cnet\/wp-json\/wp\/v2\/posts\/66770\/revisions\/66772"}],"wp:featuredmedia":[{"embeddable":true,"href":"https:\/\/catolicanet.net\/wp-cnet\/wp-json\/wp\/v2\/media\/66771"}],"wp:attachment":[{"href":"https:\/\/catolicanet.net\/wp-cnet\/wp-json\/wp\/v2\/media?parent=66770"}],"wp:term":[{"taxonomy":"category","embeddable":true,"href":"https:\/\/catolicanet.net\/wp-cnet\/wp-json\/wp\/v2\/categories?post=66770"},{"taxonomy":"post_tag","embeddable":true,"href":"https:\/\/catolicanet.net\/wp-cnet\/wp-json\/wp\/v2\/tags?post=66770"}],"curies":[{"name":"wp","href":"https:\/\/api.w.org\/{rel}","templated":true}]}}