{"id":66737,"date":"2021-03-24T10:10:28","date_gmt":"2021-03-24T13:10:28","guid":{"rendered":"https:\/\/catolicanet.net\/wp-cnet\/?p=66737"},"modified":"2021-03-24T16:11:53","modified_gmt":"2021-03-24T19:11:53","slug":"5-fatos-fascinantes-sobre-a-vida-terrena-de-jesus","status":"publish","type":"post","link":"https:\/\/catolicanet.net\/wp-cnet\/5-fatos-fascinantes-sobre-a-vida-terrena-de-jesus\/","title":{"rendered":"5 fatos fascinantes sobre a vida terrena de Jesus"},"content":{"rendered":"<h2 class=\"subtitle\" style=\"text-align: justify;\">Que l\u00edngua Jesus falou? Que tipo de comida ele comeu?<\/h2>\n<p style=\"text-align: justify;\">Embora muito tenha sido escrito sobre os milagres e o ensinamento de Jesus, \u00e0s vezes esquecemos o elemento humano de sua vida terrena.<\/p>\n<p style=\"text-align: justify;\">Jesus nasceu, cresceu e, como as Escrituras explicam sucintamente, \u201cJesus chorou\u201d.<\/p>\n<p style=\"text-align: justify;\">Jesus tamb\u00e9m falava a l\u00edngua da \u00e9poca e comia os alimentos que eram comuns no Oriente M\u00e9dio.<\/p>\n<p style=\"text-align: justify;\">Tudo isso nos lembra que Jesus andou nesta terra, mostrando-nos o caminho para a vida eterna com ele.<\/p>\n<p style=\"text-align: justify;\">Aqui est\u00e3o 5 fatos particularmente fascinantes sobre Jesus que nos d\u00e3o uma vis\u00e3o sobre o lado humano de sua vida terrena.<\/p>\n<h3 style=\"text-align: justify;\"><a href=\"https:\/\/pt.aleteia.org\/2018\/01\/22\/afinal-qual-era-a-lingua-que-jesus-falava\/\" target=\"_self\" rel=\"noopener\">Que l\u00edngua Jesus falou?<\/a><\/h3>\n<p style=\"text-align: justify;\">Sabemos o que Jesus disse durante sua vida gra\u00e7as aos quatro evangelhos. Mas nem todo mundo sabe qual l\u00edngua ele usou para comunicar sua mensagem. A maioria dos historiadores concorda em pensar que Jesus falava principalmente aramaico, embora tamb\u00e9m fosse fluente em hebraico e grego. O aramaico era de fato a l\u00edngua mais falada na Terra Santa durante a vida de Jesus, e \u00e9 por isso que Mel Gibson o escolheu como idioma para seu filme A Paix\u00e3o de Cristo.<\/p>\n<h3 style=\"text-align: justify;\"><a href=\"https:\/\/pt.aleteia.org\/2019\/10\/24\/7-alimentos-saudaveis-que-jesus-comeu\/\" target=\"_self\" rel=\"noopener\">7 alimentos saud\u00e1veis \u200b\u200bque Jesus comeu<\/a><\/h3>\n<p style=\"text-align: justify;\">Muitas vezes, a abordagem mais simples para nutrir nossos corpos pode ser a mais ben\u00e9fica. Uma maneira perfeita de simplificar seria seguir a dieta mediterr\u00e2nea cl\u00e1ssica a que o pr\u00f3prio Jesus estava acostumado. As Escrituras mostram que a dieta mediterr\u00e2nea de Jesus inclu\u00eda figos, peixes, cordeiro, vinho e azeite.<\/p>\n<h3 style=\"text-align: justify;\"><a href=\"https:\/\/pt.aleteia.org\/2019\/07\/02\/a-heranca-de-sao-jose-para-jesus\/\" target=\"_self\" rel=\"noopener\">Jesus e Jos\u00e9 eram realmente carpinteiros?<\/a><\/h3>\n<p style=\"text-align: justify;\">A maioria das tradu\u00e7\u00f5es usa a palavra \u201ccarpinteiro\u201d para descrever a atividade de Jesus e Jos\u00e9. Mas a palavra grega que lemos nos Evangelhos de Mateus e Marcos pode ser lida de muitas maneiras diferentes. A palavra que os Evangelhos usam \u00e9 \u201ct\u00e9kt\u014dn\u201d, um termo comum usado para artes\u00e3os e marceneiros (ent\u00e3o, sim, pode ser traduzido como \u201ccarpinteiro\u201d). Mas tamb\u00e9m, curiosamente, pode se referir a pedreiros, construtores, trabalhadores da constru\u00e7\u00e3o ou mesmo para aqueles que se destacam em seu of\u00edcio e s\u00e3o capazes de ensinar os outros (como o\u00a0<em>maestro<\/em>\u00a0italiano). A tradu\u00e7\u00e3o latina que encontramos na Vulgata, \u201cfaber\u201d, na verdade preserva os significados muito diferentes que o grego \u201ct\u00e9kt\u014dn\u201d tem. Um \u201cfaber\u201d \u00e9 um termo geral usado para trabalhadores e artes\u00e3os em geral.<\/p>\n<h3 style=\"text-align: justify;\"><a href=\"https:\/\/pt.aleteia.org\/2019\/07\/14\/o-nome-de-jesus-era-realmente-jesus\/\" target=\"_self\" rel=\"noopener\">O nome de Jesus era realmente \u201cJesus\u201d?<\/a><\/h3>\n<p style=\"text-align: justify;\">O nome\u00a0<em>Yeshua<\/em>\u00a0(a forma original do nome hebraico, sendo uma deriva\u00e7\u00e3o do antigo\u00a0<em>Yehoshua<\/em>) era relativamente popular na Jud\u00e9ia na \u00e9poca de Jesus. Pode-se encontrar nas obras de Fl\u00e1vio Josefo, o historiador do s\u00e9culo I, pelo menos 20 pessoas diferentes chamadas\u00a0<em>Iesous<\/em>. Al\u00e9m disso, ele n\u00e3o \u00e9 o primeiro personagem a ser chamado de\u00a0<em>Yeshua<\/em>\u00a0(Josu\u00e9) na B\u00edblia (lembra do Livro de Josu\u00e9 no Antigo Testamento?). O nome, etimologicamente, significa \u201cDeus salva\u201d, \u201cYahweh \u00e9 a salva\u00e7\u00e3o\u201d, \u201cYah salva\u201d. Este \u00e9 realmente o nome que todos os Evangelhos usam para se referir a Jesus.<\/p>\n<h3 style=\"text-align: justify;\"><a href=\"https:\/\/pt.aleteia.org\/2020\/04\/27\/como-era-o-rosto-de-jesus-o-que-sabemos-e-isto\/\" target=\"_self\" rel=\"noopener\">O que Jesus realmente se parecia?<\/a><\/h3>\n<p style=\"text-align: justify;\">Jesus Cristo provavelmente tinha altura mediana, olhos castanhos, cabelos pretos e pele morena \u2013 as caracter\u00edsticas mais comuns dos homens de sua \u00e9poca, de acordo com vest\u00edgios arqueol\u00f3gicos, textos hist\u00f3ricos e representa\u00e7\u00f5es pict\u00f3ricas de pessoas da Jud\u00e9ia do s\u00e9culo 1. Ao contr\u00e1rio do \u00edcone de cabelos compridos que todos conhecemos, o \u201cRei dos Reis\u201d provavelmente tinha cabelo curto e barba aparada \u2013 uma t\u00e1tica de higiene popular que poderia prevenir os piolhos.<\/p>\n<p style=\"text-align: justify;\">\n","protected":false},"excerpt":{"rendered":"<p>Que l\u00edngua Jesus falou? Que tipo de comida ele comeu? Embora muito tenha sido escrito sobre os milagres e o ensinamento de Jesus, \u00e0s vezes esquecemos o elemento humano de sua vida terrena. Jesus nasceu, cresceu e, como as Escrituras explicam sucintamente, \u201cJesus chorou\u201d. Jesus tamb\u00e9m falava a l\u00edngua da \u00e9poca e comia os alimentos [&hellip;]<\/p>\n","protected":false},"author":1,"featured_media":66738,"comment_status":"open","ping_status":"closed","sticky":false,"template":"","format":"standard","meta":{"footnotes":""},"categories":[4],"tags":[],"class_list":["post-66737","post","type-post","status-publish","format-standard","has-post-thumbnail","hentry","category-cotidiano"],"_links":{"self":[{"href":"https:\/\/catolicanet.net\/wp-cnet\/wp-json\/wp\/v2\/posts\/66737","targetHints":{"allow":["GET"]}}],"collection":[{"href":"https:\/\/catolicanet.net\/wp-cnet\/wp-json\/wp\/v2\/posts"}],"about":[{"href":"https:\/\/catolicanet.net\/wp-cnet\/wp-json\/wp\/v2\/types\/post"}],"author":[{"embeddable":true,"href":"https:\/\/catolicanet.net\/wp-cnet\/wp-json\/wp\/v2\/users\/1"}],"replies":[{"embeddable":true,"href":"https:\/\/catolicanet.net\/wp-cnet\/wp-json\/wp\/v2\/comments?post=66737"}],"version-history":[{"count":1,"href":"https:\/\/catolicanet.net\/wp-cnet\/wp-json\/wp\/v2\/posts\/66737\/revisions"}],"predecessor-version":[{"id":66739,"href":"https:\/\/catolicanet.net\/wp-cnet\/wp-json\/wp\/v2\/posts\/66737\/revisions\/66739"}],"wp:featuredmedia":[{"embeddable":true,"href":"https:\/\/catolicanet.net\/wp-cnet\/wp-json\/wp\/v2\/media\/66738"}],"wp:attachment":[{"href":"https:\/\/catolicanet.net\/wp-cnet\/wp-json\/wp\/v2\/media?parent=66737"}],"wp:term":[{"taxonomy":"category","embeddable":true,"href":"https:\/\/catolicanet.net\/wp-cnet\/wp-json\/wp\/v2\/categories?post=66737"},{"taxonomy":"post_tag","embeddable":true,"href":"https:\/\/catolicanet.net\/wp-cnet\/wp-json\/wp\/v2\/tags?post=66737"}],"curies":[{"name":"wp","href":"https:\/\/api.w.org\/{rel}","templated":true}]}}