{"id":66691,"date":"2021-03-23T10:41:07","date_gmt":"2021-03-23T13:41:07","guid":{"rendered":"https:\/\/catolicanet.net\/wp-cnet\/?p=66691"},"modified":"2021-03-23T12:41:59","modified_gmt":"2021-03-23T15:41:59","slug":"estudo-do-hospital-do-papa-descobre-como-criancas-neutralizam-o-coronavirus","status":"publish","type":"post","link":"https:\/\/catolicanet.net\/wp-cnet\/estudo-do-hospital-do-papa-descobre-como-criancas-neutralizam-o-coronavirus\/","title":{"rendered":"Estudo do Hospital do Papa descobre como crian\u00e7as neutralizam o coronav\u00edrus"},"content":{"rendered":"<h2 class=\"subtitle\" style=\"text-align: justify;\">A exposi\u00e7\u00e3o das crian\u00e7as a outros v\u00edrus pode ser o motivo pelo qual o organismo delas reage mais rapidamente ao coronav\u00edrus<\/h2>\n<p style=\"text-align: justify;\">Uma pesquisa do Hospital Bambino Ges\u00f9 de Roma, o \u201cHospital do Papa\u201d, identificou as caracter\u00edsticas imunol\u00f3gicas que fazem com que as crian\u00e7as sejam mais propensas a neutralizar o coronav\u00edrus logo na primeira semana de infec\u00e7\u00e3o.<\/p>\n<p style=\"text-align: justify;\">O estudo aconteceu em parceria com a Universidade de P\u00e1dua e o Instituto Zooprofil\u00e1tico Experimental de Veneza. A revista cient\u00edfica\u00a0<a href=\"https:\/\/www.cell.com\/cell-reports\/fulltext\/S2211-1247(21)00166-2\" target=\"_blank\" rel=\"noopener\">Cell Reports<\/a>\u00a0publicou os resultados da pesquisa.<\/p>\n<p style=\"text-align: justify;\">O objetivo principal foi responder \u00e0 seguinte quest\u00e3o: por que a maioria das crian\u00e7as infectadas com o coronav\u00edrus SARS-CoV-2 supera a infec\u00e7\u00e3o rapidamente ou desenvolve apenas sintomas leves?<\/p>\n<p style=\"text-align: justify;\">Al\u00e9m disso, o estudo ainda tentou chegar ao motivo pelo qual algumas crian\u00e7as s\u00e3o capazes de neutralizar o v\u00edrus antes de outras. A resposta estava nas caracter\u00edsticas imunol\u00f3gicas das crian\u00e7as.<\/p>\n<h3 class=\"ad_inline\" style=\"text-align: justify;\">Resultados da pesquisa do Hospital do Papa<\/h3>\n<p style=\"text-align: justify;\">A pesquisa Hospital do Papa contou com a participa\u00e7\u00e3o de 66 pacientes com idades entre 1 e 15 anos. Todos estavam internados no Centro Covid do Bambino Ges\u00f9 de Palidoro em 2020.<\/p>\n<div class=\"nativo-inread\" style=\"text-align: justify;\"><\/div>\n<p style=\"text-align: justify;\">De acordo com um comunicado de imprensa do hospital, \u201cas investiga\u00e7\u00f5es laboratoriais mostraram como o perfil imunol\u00f3gico das crian\u00e7as, que depois de uma semana j\u00e1 conseguiam neutralizar o v\u00edrus, estava caracterizado por um grande n\u00famero de linf\u00f3citos T e B espec\u00edficos contra o SARS-CoV -2, capazes de se reproduzir rapidamente ao entrar em contato com o pat\u00f3geno e de produzir um grande n\u00famero de anticorpos para neutraliz\u00e1-los\u201d.<\/p>\n<p style=\"text-align: justify;\">O comunicado ainda afirma que \u201cnas crian\u00e7as com este perfil imunol\u00f3gico particular detectou-se uma carga viral muito baixa uma semana depois, capaz de anular efetivamente a sua capacidade infecciosa e, portanto, a possibilidade de cont\u00e1gio, tamb\u00e9m na presen\u00e7a de uma PCR ainda positiva\u201d.<\/p>\n<h3 style=\"text-align: justify;\">Rela\u00e7\u00e3o com outros v\u00edrus<\/h3>\n<p style=\"text-align: justify;\">Al\u00e9m disso, o estudo revela que \u201ca presen\u00e7a de linf\u00f3citos T e B espec\u00edficos contra o coronav\u00edrus parece estar relacionada \u00e0 exposi\u00e7\u00e3o de crian\u00e7as a outros v\u00edrus sazonais. Os pacientes com maior capacidade de neutralizar rapidamente a SARS-CoV-2, na verdade, eram aqueles que j\u00e1 haviam entrado em contato, ao longo de sua hist\u00f3ria m\u00e9dica, com um n\u00famero elevado de outros v\u00edrus do resfriado\u201d.<\/p>\n<p style=\"text-align: justify;\">De fato, o resultado deste estudo do Hospital do Papa permitir\u00e1 no futuro \u201cadotar melhores estrat\u00e9gias terap\u00eauticas, verificar a efic\u00e1cia da vacina\u00e7\u00e3o em crian\u00e7as e projetar medidas de quarentena personalizadas\u201d.<\/p>\n<p style=\"text-align: justify;\">(Com\u00a0<a href=\"https:\/\/www.acidigital.com\/noticias\/hospital-do-papa-descobre-como-criancas-neutralizam-o-coronavirus-30076\" target=\"_blank\" rel=\"noopener\"><em>ACI Digital<\/em><\/a>)<\/p>\n","protected":false},"excerpt":{"rendered":"<p>A exposi\u00e7\u00e3o das crian\u00e7as a outros v\u00edrus pode ser o motivo pelo qual o organismo delas reage mais rapidamente ao coronav\u00edrus Uma pesquisa do Hospital Bambino Ges\u00f9 de Roma, o \u201cHospital do Papa\u201d, identificou as caracter\u00edsticas imunol\u00f3gicas que fazem com que as crian\u00e7as sejam mais propensas a neutralizar o coronav\u00edrus logo na primeira semana de [&hellip;]<\/p>\n","protected":false},"author":1,"featured_media":66692,"comment_status":"open","ping_status":"closed","sticky":false,"template":"","format":"standard","meta":{"footnotes":""},"categories":[4],"tags":[],"class_list":["post-66691","post","type-post","status-publish","format-standard","has-post-thumbnail","hentry","category-cotidiano"],"_links":{"self":[{"href":"https:\/\/catolicanet.net\/wp-cnet\/wp-json\/wp\/v2\/posts\/66691","targetHints":{"allow":["GET"]}}],"collection":[{"href":"https:\/\/catolicanet.net\/wp-cnet\/wp-json\/wp\/v2\/posts"}],"about":[{"href":"https:\/\/catolicanet.net\/wp-cnet\/wp-json\/wp\/v2\/types\/post"}],"author":[{"embeddable":true,"href":"https:\/\/catolicanet.net\/wp-cnet\/wp-json\/wp\/v2\/users\/1"}],"replies":[{"embeddable":true,"href":"https:\/\/catolicanet.net\/wp-cnet\/wp-json\/wp\/v2\/comments?post=66691"}],"version-history":[{"count":1,"href":"https:\/\/catolicanet.net\/wp-cnet\/wp-json\/wp\/v2\/posts\/66691\/revisions"}],"predecessor-version":[{"id":66693,"href":"https:\/\/catolicanet.net\/wp-cnet\/wp-json\/wp\/v2\/posts\/66691\/revisions\/66693"}],"wp:featuredmedia":[{"embeddable":true,"href":"https:\/\/catolicanet.net\/wp-cnet\/wp-json\/wp\/v2\/media\/66692"}],"wp:attachment":[{"href":"https:\/\/catolicanet.net\/wp-cnet\/wp-json\/wp\/v2\/media?parent=66691"}],"wp:term":[{"taxonomy":"category","embeddable":true,"href":"https:\/\/catolicanet.net\/wp-cnet\/wp-json\/wp\/v2\/categories?post=66691"},{"taxonomy":"post_tag","embeddable":true,"href":"https:\/\/catolicanet.net\/wp-cnet\/wp-json\/wp\/v2\/tags?post=66691"}],"curies":[{"name":"wp","href":"https:\/\/api.w.org\/{rel}","templated":true}]}}