{"id":66685,"date":"2021-03-23T10:19:36","date_gmt":"2021-03-23T13:19:36","guid":{"rendered":"https:\/\/catolicanet.net\/wp-cnet\/?p=66685"},"modified":"2021-03-23T12:20:51","modified_gmt":"2021-03-23T15:20:51","slug":"conselho-missionario-de-seminaristas-prepara-assembleia-nacional","status":"publish","type":"post","link":"https:\/\/catolicanet.net\/wp-cnet\/conselho-missionario-de-seminaristas-prepara-assembleia-nacional\/","title":{"rendered":"CONSELHO MISSION\u00c1RIO DE SEMINARISTAS PREPARA ASSEMBLEIA NACIONAL"},"content":{"rendered":"<p style=\"text-align: justify;\">A coordena\u00e7\u00e3o nacional dos Conselhos Mission\u00e1rios de Seminaristas (COMISEs) e as Pontif\u00edcias Obras Mission\u00e1rias (POM) divulgaram nesta semana a carta convite para a 2\u00aa Assembleia Nacional de coordenadores regionais dos COMISEs. Ser\u00e1 realizada de forma virtual de 16 a 18 de abril de 2021.<\/p>\n<p style=\"text-align: justify;\">Al\u00e9m de ser um espa\u00e7o para avaliar a caminhada realiza at\u00e9 ent\u00e3o, a Assembleia tamb\u00e9m ir\u00e1 eleger a nova coordena\u00e7\u00e3o nacional dos COMISEs e definir o Plano Trienal de Anima\u00e7\u00e3o e A\u00e7\u00e3o dos COMISEs 2021-2023.<\/p>\n<p style=\"text-align: justify;\">Confira a carta na \u00edntegra:<\/p>\n<p style=\"text-align: justify;\">\n<p style=\"text-align: justify;\">Bras\u00edlia, 15 de mar\u00e7o 2021<\/p>\n<p style=\"text-align: justify;\"><em>\u201cAssinalamos com alegria o surgimento dos Conselhos Mission\u00e1rios de Seminaristas (COMISE) em muitas casas de forma\u00e7\u00e3o presbiteral pelo Brasil afora; o objetivo desta articula\u00e7\u00e3o \u00e9 garantir uma forma\u00e7\u00e3o mission\u00e1ria aos candidatos ao minist\u00e9rio ordenado, atrav\u00e9s de iniciativas espec\u00edficas de anima\u00e7\u00e3o e engajamento, de modo que \u00abn\u00e3o exista um s\u00f3 cl\u00e9rigo em que n\u00e3o arda este sagrado fogo de caridade pelo apostolado mission\u00e1rio\u00bb\u201d (Estudos da CNBB 108, Miss\u00e3o e coopera\u00e7\u00e3o mission\u00e1ria, 34).<\/em><\/p>\n<p style=\"text-align: justify;\"><strong>Caro seminarista, coordenador regional de COMISE<\/strong><\/p>\n<p style=\"text-align: justify;\">As Pontif\u00edcias Obras Mission\u00e1rias (POM) e a coordena\u00e7\u00e3o nacional dos COMISEs t\u00eam a alegria de convocar a 2\u00aa Assembleia Nacional de coordenadores regionais dos Conselhos Mission\u00e1rios de Seminaristas (COMISEs).<\/p>\n<p style=\"text-align: justify;\">A Assembleia acontecer\u00e1, de forma virtual, nos dias de 16 a 18 de abril de 2021.<\/p>\n<p style=\"text-align: justify;\">Conforme o artigo 28\u00ba do Regimento Interno do COMISE, da Assembleia Nacional dos COMISEs participam, de direito, os coordenadores regionais, o diretor das Pontif\u00edcias Obras Mission\u00e1rias (POM), o secret\u00e1rio nacional da Pontif\u00edcia Uni\u00e3o Mission\u00e1ria, o presidente da Organiza\u00e7\u00e3o dos Semin\u00e1rios e Institutos do Brasil (OSIB) ou seu representante e o assessor da Comiss\u00e3o Mission\u00e1ria da CNBB.<\/p>\n<p style=\"text-align: justify;\">Objetivos da Assembleia (cf. artigo 29 do Regimento Interno do COMISE):<\/p>\n<ul style=\"text-align: justify;\">\n<li>Ajudar na cria\u00e7\u00e3o, fortalecimento e articula\u00e7\u00e3o dos COMISEs nos semin\u00e1rios e casas religiosas,<\/li>\n<li>Sensibilizar sobre a necessidade da caminhada sinodal e de comunh\u00e3o,<\/li>\n<li>Avaliar a caminhada dos COMISEs no Brasil,<\/li>\n<li>Avaliar a realiza\u00e7\u00e3o das decis\u00f5es do Plano Trienal de A\u00e7\u00e3o 2017-2020,<\/li>\n<li>Eleger a nova coordena\u00e7\u00e3o nacional dos COMISEs,<\/li>\n<li>Fazer a escolha das prioridades do COMISE,<\/li>\n<li>Aprovar o Plano Trienal de Anima\u00e7\u00e3o e A\u00e7\u00e3o dos COMISEs 2021-2023,<\/li>\n<li>Aprovar o Regimento Interno do COMISE.<\/li>\n<li>Por tratar-se do compromisso mais importante do tri\u00eanio do coordenador regional do COMISE, esperamos que a sua participa\u00e7\u00e3o seja de tempo integral. Por isso, contamos, tamb\u00e9m, com a compreens\u00e3o e colabora\u00e7\u00e3o do seu reitor e\/ou formador.<\/li>\n<\/ul>\n<p style=\"text-align: justify;\">A sinodalidade est\u00e1 se tornando uma caracter\u00edstica evidente na caminhada da Igreja nesses \u00faltimos tempos. Estamos convictos de que precisamos fortalecer ainda mais essa caminhada sinodal tamb\u00e9m no \u00e2mbito de nossas atividades referentes \u00e0 forma\u00e7\u00e3o, articula\u00e7\u00e3o e atua\u00e7\u00e3o dos COMISEs.<\/p>\n<p style=\"text-align: justify;\">Desde j\u00e1, agradecemos seu envolvimento e sua colabora\u00e7\u00e3o com o processo de prepara\u00e7\u00e3o dessa Assembleia, atrav\u00e9s do envio de respostas do seu Regional ao Question\u00e1rio, encaminhado no in\u00edcio de 2020.<\/p>\n<p style=\"text-align: justify;\">Em tempo h\u00e1bil, ser\u00e3o enviadas informa\u00e7\u00f5es referentes ao acesso \u00e0 plataforma que ser\u00e1 usada para o desenvolvimento das atividades da Assembleia.<\/p>\n<p style=\"text-align: justify;\">Estamos \u00e0 disposi\u00e7\u00e3o para mais informa\u00e7\u00f5es.<\/p>\n<p style=\"text-align: justify;\"><strong>Pe. Maur\u00edcio da Silva Jardim<br \/>\n<\/strong>Diretor das POM<\/p>\n<p style=\"text-align: justify;\"><strong>Pe. Ant\u00f4nio Niemiec CSsR<br \/>\n<\/strong>Secret\u00e1rio da Pontif\u00edcia Uni\u00e3o Mission\u00e1ria<\/p>\n<p style=\"text-align: justify;\"><strong>Di\u00e1cono Lucas Tadeu da Silva<\/strong><br \/>\nCoordenador Nacional dos COMISEs<\/p>\n","protected":false},"excerpt":{"rendered":"<p>A coordena\u00e7\u00e3o nacional dos Conselhos Mission\u00e1rios de Seminaristas (COMISEs) e as Pontif\u00edcias Obras Mission\u00e1rias (POM) divulgaram nesta semana a carta convite para a 2\u00aa Assembleia Nacional de coordenadores regionais dos COMISEs. Ser\u00e1 realizada de forma virtual de 16 a 18 de abril de 2021. Al\u00e9m de ser um espa\u00e7o para avaliar a caminhada realiza at\u00e9 [&hellip;]<\/p>\n","protected":false},"author":1,"featured_media":66686,"comment_status":"open","ping_status":"closed","sticky":false,"template":"","format":"standard","meta":{"footnotes":""},"categories":[7,13],"tags":[],"class_list":["post-66685","post","type-post","status-publish","format-standard","has-post-thumbnail","hentry","category-cnbb","category-featured"],"_links":{"self":[{"href":"https:\/\/catolicanet.net\/wp-cnet\/wp-json\/wp\/v2\/posts\/66685","targetHints":{"allow":["GET"]}}],"collection":[{"href":"https:\/\/catolicanet.net\/wp-cnet\/wp-json\/wp\/v2\/posts"}],"about":[{"href":"https:\/\/catolicanet.net\/wp-cnet\/wp-json\/wp\/v2\/types\/post"}],"author":[{"embeddable":true,"href":"https:\/\/catolicanet.net\/wp-cnet\/wp-json\/wp\/v2\/users\/1"}],"replies":[{"embeddable":true,"href":"https:\/\/catolicanet.net\/wp-cnet\/wp-json\/wp\/v2\/comments?post=66685"}],"version-history":[{"count":1,"href":"https:\/\/catolicanet.net\/wp-cnet\/wp-json\/wp\/v2\/posts\/66685\/revisions"}],"predecessor-version":[{"id":66687,"href":"https:\/\/catolicanet.net\/wp-cnet\/wp-json\/wp\/v2\/posts\/66685\/revisions\/66687"}],"wp:featuredmedia":[{"embeddable":true,"href":"https:\/\/catolicanet.net\/wp-cnet\/wp-json\/wp\/v2\/media\/66686"}],"wp:attachment":[{"href":"https:\/\/catolicanet.net\/wp-cnet\/wp-json\/wp\/v2\/media?parent=66685"}],"wp:term":[{"taxonomy":"category","embeddable":true,"href":"https:\/\/catolicanet.net\/wp-cnet\/wp-json\/wp\/v2\/categories?post=66685"},{"taxonomy":"post_tag","embeddable":true,"href":"https:\/\/catolicanet.net\/wp-cnet\/wp-json\/wp\/v2\/tags?post=66685"}],"curies":[{"name":"wp","href":"https:\/\/api.w.org\/{rel}","templated":true}]}}