{"id":66623,"date":"2021-03-19T10:22:21","date_gmt":"2021-03-19T13:22:21","guid":{"rendered":"https:\/\/catolicanet.net\/wp-cnet\/?p=66623"},"modified":"2021-03-19T14:23:28","modified_gmt":"2021-03-19T17:23:28","slug":"ano-de-sao-jose-3","status":"publish","type":"post","link":"https:\/\/catolicanet.net\/wp-cnet\/ano-de-sao-jose-3\/","title":{"rendered":"Ano de S\u00e3o Jos\u00e9"},"content":{"rendered":"<p style=\"text-align: center;\">\u201c<em>Eis o servo fiel e prudente, a quem o Senhor confiou a sua casa<\/em>\u201d (Lc 12,24).<\/p>\n<p style=\"text-align: justify;\">\u00a0\u00a0\u00a0\u00a0\u00a0\u00a0\u00a0\u00a0 Durante a nossa caminhada quaresmal, temos a gra\u00e7a de celebrar a solenidade daquele que \u00e9 modelo e exemplo de cuidado com as coisas de Deus: no dia 19 de mar\u00e7o, a Igreja celebra a solenidade do Glorioso Patriarca S\u00e3o Jos\u00e9. Homem justo, segundo a Escritura, escolhido por Deus para ser o guardi\u00e3o dos tesouros de Deus: seu filho feito Homem, Jesus Cristo, a Virgem Maria e, como consequ\u00eancia, o corpo m\u00edstico de Cristo, que \u00e9 a Igreja.<\/p>\n<p style=\"text-align: justify;\">\u00a0\u00a0\u00a0\u00a0\u00a0\u00a0\u00a0\u00a0 Neste ano, a celebra\u00e7\u00e3o desta solenidade reveste-se de um significado todo especial: em 2021 celebramos os 150 anos da Proclama\u00e7\u00e3o de S\u00e3o Jos\u00e9 como Patrono da Igreja Universal. Esta proclama\u00e7\u00e3o deu-se no dia 08 de dezembro do ano de 1870, pelo beato Pio IX. Para marcar intensamente esta data, o Papa Francisco publicou em 08 de dezembro de 2020 a Carta Apost\u00f3lica <em>PATRIS CORDE <\/em>(com cora\u00e7\u00e3o de pai), onde estabelece o ano de 2021 como o Ano de S\u00e3o Jos\u00e9, convidando a Igreja a olhar de forma especial para esta figura que tanto tem a nos ensinar em nosso caminho de f\u00e9.<\/p>\n<p style=\"text-align: justify;\">\u00a0\u00a0\u00a0\u00a0\u00a0\u00a0\u00a0\u00a0 Dentre tantas coisas, o Papa destaca, na Carta Apost\u00f3lica, o quanto a contempla\u00e7\u00e3o da figura de S\u00e3o Jos\u00e9 pode nos auxiliar a viver melhor este tempo de Pandemia:<\/p>\n<p style=\"text-align: justify;\">\u201c<em>Assim ao completarem-se 150 anos da sua declara\u00e7\u00e3o como Padroeiro da Igreja Cat\u00f3lica, feita pelo Beato Pio IX a 8 de dezembro de 1870, gostaria de deixar \u00aba boca \u2013 como diz Jesus \u2013 falar da abund\u00e2ncia do cora\u00e7\u00e3o\u00bb (Mt 12, 34), para partilhar convosco algumas reflex\u00f5es pessoais sobre esta figura extraordin\u00e1ria, t\u00e3o pr\u00f3xima da condi\u00e7\u00e3o humana de cada um de n\u00f3s. Tal desejo foi crescendo ao longo destes meses de pandemia em que pudemos experimentar, no meio da crise que nos afeta, que \u00abas nossas vidas s\u00e3o tecidas e sustentadas por pessoas comuns (habitualmente esquecidas), que n\u00e3o aparecem nas manchetes dos jornais e revistas, nem nas grandes passarelas do \u00faltimo espet\u00e1culo, mas que hoje est\u00e3o, sem d\u00favida, a escrever os acontecimentos decisivos da nossa hist\u00f3ria: m\u00e9dicos, enfermeiras e enfermeiros, trabalhadores dos supermercados, pessoal da limpeza, curadores, transportadores, for\u00e7as policiais, volunt\u00e1rios, sacerdotes, religiosas e muitos \u2013 mas muitos \u2013 outros que compreenderam que ningu\u00e9m se salva sozinho. (\u2026) Quantas pessoas dia a dia exercitam a paci\u00eancia e infundem esperan\u00e7a, tendo a peito n\u00e3o semear p\u00e2nico, mas corresponsabilidade! Quantos pais, m\u00e3es, av\u00f4s e av\u00f3s, professores mostram \u00e0s nossas crian\u00e7as, com pequenos gestos do dia a dia, como enfrentar e atravessar uma crise, readaptando h\u00e1bitos, levantando o olhar e estimulando a ora\u00e7\u00e3o! Quantas pessoas rezam, se imolam e intercedem pelo bem de todos\u00bb.[6] Todos podem encontrar em S\u00e3o Jos\u00e9 \u2013 o homem que passa despercebido, o homem da presen\u00e7a quotidiana discreta e escondida \u2013 um intercessor, um amparo e uma guia nos momentos de dificuldade. S\u00e3o Jos\u00e9 lembra-nos que todos aqueles que est\u00e3o, aparentemente, escondidos ou em segundo plano, t\u00eam um protagonismo sem paralelo na hist\u00f3ria da salva\u00e7\u00e3o. A todos eles, dirijo uma palavra de reconhecimento e gratid\u00e3o.<\/em>\u201d (PC, introdu\u00e7\u00e3o).<\/p>\n<p style=\"text-align: justify;\">Pouco se fala na Sagrada Escritura do homem Jos\u00e9, mas o que se fala \u00e9 sempre para enaltecer este homem escolhido. De Jos\u00e9 sabemos que Deus lhe falou atrav\u00e9s dos anjos, em sonhos. \u00c9 testemunha da adora\u00e7\u00e3o dos pastores e dos reis magos. Testemunha a profecia proferida sobre Jesus no momento da apresenta\u00e7\u00e3o no Templo. Obedecendo ao aviso de Deus, Jos\u00e9 toma Maria e o menino, em meio \u00e0 noite, para fugir a ira de Herodes, fugindo para o Egito. Grande parte da vida oculta de Jesus foi vivida sob a miss\u00e3o da figura de S\u00e3o Jos\u00e9.<\/p>\n<p style=\"text-align: justify;\">A palavra de Deus proclamada nesta liturgia nos auxilia a contemplar as maravilhas de Deus realizadas na vida de S. Jos\u00e9. No Evangelho dessa Solenidade (Mt 1, 16.18-21.24a.) Mateus nos apresenta o relato da voca\u00e7\u00e3o de Jos\u00e9, contada a partir da narrativa da origem de Jesus Cristo. Jesus, sem ser Filho de Jos\u00e9 segundo a carne, \u00e9 o Messias descendente de Davi. J\u00e1 na genealogia se havia indicado, mas agora o Evangelho explica como isso foi poss\u00edvel: \u00e9 obra de Deus, pois \u00e9 Ele quem tem a iniciativa chamando Jos\u00e9 para ser o esposo de Maria e pai do menino. S\u00e3o Jos\u00e9 aceita com obedi\u00eancia e, por des\u00edgnio divino, exerce a paternidade adotiva sobre Jesus, dando-lhe o nome e cuidando do menino e da Virgem Maria.<\/p>\n<p style=\"text-align: justify;\">O Evangelho nos conta que Maria estava prometida em casamento a Jos\u00e9. Esta realidade correspondia ao noivado, sendo que o compromisso de casamento judaico, os esponsais, era um compromisso de uni\u00e3o matrimonial com efeitos jur\u00eddicos e morais de verdadeiro casamento. O vers\u00edculo 19, ao falar da atitude de Jos\u00e9 de querer abandonar Maria em segredo, mostra como Jos\u00e9 era justo, com uma justi\u00e7a que vai al\u00e9m dos preceitos da lei. O gesto de Jos\u00e9 \u00e9 interpretado por importantes autores da tradi\u00e7\u00e3o crist\u00e3 n\u00e3o como uma suspeita da parte de Jos\u00e9 em rela\u00e7\u00e3o a Maria, mas como uma intui\u00e7\u00e3o da a\u00e7\u00e3o de Deus nela. Segundo S\u00e3o Bernardo, Jos\u00e9 se julga indigno e pecador, e pensava que n\u00e3o deveria conviver com uma mulher que lhe causava admira\u00e7\u00e3o pela grandeza de sua admir\u00e1vel dignidade. Como n\u00e3o podia adentrar o mist\u00e9rio, decidiu deix\u00e1-la. Ficou maravilhado ante a novidade do milagre e a profundidade do mist\u00e9rio.<\/p>\n<p style=\"text-align: justify;\">Segundo a tradi\u00e7\u00e3o Judaica, colocar nome a um menino significa reconhec\u00ea-lo como filho. \u00c9 Deus quem d\u00e1 esta ordem a Jos\u00e9, a ordem de ser o coordenador do nascimento do Senhor, aquele que tem a miss\u00e3o de introduzir o Filho de Deus no mundo segundo o mandato Divino e segundo as leis humanas. Toda a vida oculta de Jesus foi confiada aos seus cuidados. Jos\u00e9 foi escolhido como guardi\u00e3o dos tesouros de Deus.<\/p>\n<p style=\"text-align: justify;\">Na primeira leitura da solenidade (2 Sm 7, 4-5a. 12-14a.16) contemplamos a profecia de Deus dirigida ao rei Davi por meio do profeta Nat\u00e3. \u00c9 feita uma promessa: Deus dar\u00e1 a Davi um reinado que durar\u00e1 para sempre. Mas este reinado eterno vir\u00e1 de um descendente dele. A profecia \u00e9 constitu\u00edda sobre uma oposi\u00e7\u00e3o: n\u00e3o ser\u00e1 Davi que far\u00e1 uma casa para o Senhor. Ser\u00e1 o Senhor que far\u00e1 uma casa, uma dinastia, para Davi. O or\u00e1culo ultrapassa a pessoa do primeiro sucessor de Davi, Salom\u00e3o, deixando entrever um descendente privilegiado em quem Deus se comprazer\u00e1. O primeiro vers\u00edculo do Evangelho de hoje vai fazer quest\u00e3o em mostrar que Jos\u00e9 \u00e9 descendente de Davi e que por sua ado\u00e7\u00e3o vai tamb\u00e9m se cumprir a promessa feita a Davi.<\/p>\n<p style=\"text-align: justify;\">O salmo 88 (Sl 88, 2-3.4-5.27. 29) faz da promessa descrita anteriormente, uma ora\u00e7\u00e3o. O salmista exalta a fidelidade de Deus e a partir dessa confian\u00e7a relembra a promessa de um reinado que durar\u00e1 para sempre. A ora\u00e7\u00e3o que se eleva a Deus neste salmo foi escutada exaltando o Filho de Davi, Jesus Cristo, como rei Eterno e cumprindo assim suas promessas.<\/p>\n<p style=\"text-align: justify;\">Na segunda leitura, (Rm 4, 13.16-18.22) a carta de S\u00e3o Paulo aos Romanos vai evocar uma promessa: a promessa feita a Abra\u00e3o, que pode ser considerado herdeiro desta e considerado pai de uma multid\u00e3o, por causa da f\u00e9. A dignidade da paternidade aqui colocada n\u00e3o vem ligada a um fator biol\u00f3gico, mas \u00e0 liberalidade Divina que a concede como um dom: tornar-se pai diante de Deus em virtude da f\u00e9. A f\u00e9 de Abra\u00e3o faz com que ele seja deposit\u00e1rio da promessa. Da mesma forma, a f\u00e9 do patriarca Jos\u00e9 faz com que tenha sido escolhido como instrumento do cumprimento da promessa feita a Davi.<\/p>\n<p style=\"text-align: justify;\">Que neste ano de S\u00e3o Jos\u00e9, possamos pedir sua intercess\u00e3o para nos livrar de todo mal e nos fazer cada dia mais servos do Filho de Deus. Que o sil\u00eancio orante e provedor de S\u00e3o Jos\u00e9 ajude a todos os homens e mulheres de boa vontade para que fazendo a vontade de Deus, na ora\u00e7\u00e3o e no trabalho, testemunhem o Cristo Ressuscitado!<\/p>\n<p style=\"text-align: justify;\">Rezemos pelo papa Francisco que completa nesta solenidade 08 anos de in\u00edcio solene do Minist\u00e9rio Petrino. Que Deus o aben\u00e7oe e o livre de todo mal. Rezemos por nossos doentes e por todos aqueles que padecem por necessidades materiais e espirituais. Rezemos por nossas fam\u00edlias, c\u00e9lula base da vida em sociedade, para que S. Jos\u00e9, protetor das fam\u00edlias, as sustente em suas dificuldades do dia a dia. Estamos iniciando hoje o ano da \u201cfam\u00edlia amoris laetitia\u201d comemorando 5 anos da assinatura desse documento pelo Papa Francisco. Que a paternidade evocada no documento sobre S\u00e3o Jos\u00e9 ajude ainda mais a aparecer a beleza da fam\u00edlia crist\u00e3 descrita no belo documento do Papa sobre a alegria da fam\u00edlia. Deus aben\u00e7oe e guarde a todos.<\/p>\n","protected":false},"excerpt":{"rendered":"<p>\u201cEis o servo fiel e prudente, a quem o Senhor confiou a sua casa\u201d (Lc 12,24). \u00a0\u00a0\u00a0\u00a0\u00a0\u00a0\u00a0\u00a0 Durante a nossa caminhada quaresmal, temos a gra\u00e7a de celebrar a solenidade daquele que \u00e9 modelo e exemplo de cuidado com as coisas de Deus: no dia 19 de mar\u00e7o, a Igreja celebra a solenidade do Glorioso Patriarca [&hellip;]<\/p>\n","protected":false},"author":5,"featured_media":55819,"comment_status":"open","ping_status":"closed","sticky":false,"template":"","format":"standard","meta":{"footnotes":""},"categories":[9],"tags":[],"class_list":["post-66623","post","type-post","status-publish","format-standard","has-post-thumbnail","hentry","category-artigos"],"_links":{"self":[{"href":"https:\/\/catolicanet.net\/wp-cnet\/wp-json\/wp\/v2\/posts\/66623","targetHints":{"allow":["GET"]}}],"collection":[{"href":"https:\/\/catolicanet.net\/wp-cnet\/wp-json\/wp\/v2\/posts"}],"about":[{"href":"https:\/\/catolicanet.net\/wp-cnet\/wp-json\/wp\/v2\/types\/post"}],"author":[{"embeddable":true,"href":"https:\/\/catolicanet.net\/wp-cnet\/wp-json\/wp\/v2\/users\/5"}],"replies":[{"embeddable":true,"href":"https:\/\/catolicanet.net\/wp-cnet\/wp-json\/wp\/v2\/comments?post=66623"}],"version-history":[{"count":1,"href":"https:\/\/catolicanet.net\/wp-cnet\/wp-json\/wp\/v2\/posts\/66623\/revisions"}],"predecessor-version":[{"id":66624,"href":"https:\/\/catolicanet.net\/wp-cnet\/wp-json\/wp\/v2\/posts\/66623\/revisions\/66624"}],"wp:featuredmedia":[{"embeddable":true,"href":"https:\/\/catolicanet.net\/wp-cnet\/wp-json\/wp\/v2\/media\/55819"}],"wp:attachment":[{"href":"https:\/\/catolicanet.net\/wp-cnet\/wp-json\/wp\/v2\/media?parent=66623"}],"wp:term":[{"taxonomy":"category","embeddable":true,"href":"https:\/\/catolicanet.net\/wp-cnet\/wp-json\/wp\/v2\/categories?post=66623"},{"taxonomy":"post_tag","embeddable":true,"href":"https:\/\/catolicanet.net\/wp-cnet\/wp-json\/wp\/v2\/tags?post=66623"}],"curies":[{"name":"wp","href":"https:\/\/api.w.org\/{rel}","templated":true}]}}