{"id":66615,"date":"2021-03-19T09:48:49","date_gmt":"2021-03-19T12:48:49","guid":{"rendered":"https:\/\/catolicanet.net\/wp-cnet\/?p=66615"},"modified":"2021-03-19T13:49:27","modified_gmt":"2021-03-19T16:49:27","slug":"sao-jose-um-verdadeiro-modelo-para-todos-os-pais","status":"publish","type":"post","link":"https:\/\/catolicanet.net\/wp-cnet\/sao-jose-um-verdadeiro-modelo-para-todos-os-pais\/","title":{"rendered":"S\u00e3o Jos\u00e9, um verdadeiro modelo para todos os pais"},"content":{"rendered":"<h2 class=\"subtitle\" style=\"text-align: justify;\">S\u00e3o Jos\u00e9 lembra a todos os pais que embora seja importante planejar, organizar e administrar nossos neg\u00f3cios &#8220;como um bom pai\u00a0&#8220;, \u00e9 preciso\u00a0tamb\u00e9m\u00a0saber renunciar a todos esses belos projetos para seguir a vontade de Deus<\/h2>\n<p style=\"text-align: justify;\">Embora a hist\u00f3ria de S\u00e3o Jos\u00e9 seja fora do comum, ele pode, com raz\u00e3o, ser tomado como modelo por todos os pais de fam\u00edlia.\u00a0Na Sagrada Fam\u00edlia, de fato, \u201cJos\u00e9 \u00e9 o pai: sua paternidade n\u00e3o prov\u00e9m de gera\u00e7\u00e3o;\u00a0no entanto, ele n\u00e3o \u00e9 \u201caparente\u201d ou apenas \u201csubstitutivo\u201d, mas possui plenamente a autenticidade da paternidade humana, do papel do pai na fam\u00edlia\u201d(Exorta\u00e7\u00e3o Apost\u00f3lica\u00a0Redemptoris\u00a0Custos\u00a0,\u00a0S\u00e3o\u00a0Jo\u00e3o Paulo II, 15 de agosto de 1989, \u00a7 21).<\/p>\n<p style=\"text-align: justify;\">Jos\u00e9 \u00e9 um verdadeiro pai. Mesmo que Jesus tenha sido concebido pelo Esp\u00edrito Santo, e n\u00e3o de uma uni\u00e3o conjugal entre Maria e Jos\u00e9, permanece o fato de que Jos\u00e9 tem o lugar de pai.\u00a0S\u00e3o Jo\u00e3o Paulo II nos lembra que esta paternidade t\u00e3o real \u00e9 \u201cconsequ\u00eancia da uni\u00e3o hipost\u00e1tica: a humanidade assumida na unidade da divina Pessoa do Verbo-Filho, Jesus Cristo.\u00a0Com a humanidade tamb\u00e9m se \u201cassume\u201d em Cristo tudo o que \u00e9 humano e, em particular, a fam\u00edlia, dimens\u00e3o primeira da sua exist\u00eancia na terra.\u00a0Neste contexto, a paternidade humana de Jos\u00e9 tamb\u00e9m \u00e9 \u201cassumida\u201d.<\/p>\n<p style=\"text-align: justify;\">Al\u00e9m disso, a pr\u00f3pria Maria, que no entanto sabe melhor do que ningu\u00e9m que Jesus foi concebido pelo Esp\u00edrito Santo, fala de Jos\u00e9 dizendo: \u201cTeu pai\u201d (Lc 2, 48).\u00a0\u201cEsta n\u00e3o \u00e9 uma frase de conveni\u00eancia: o que diz a M\u00e3e de Jesus mostra toda a realidade da Encarna\u00e7\u00e3o, que pertence ao mist\u00e9rio da Fam\u00edlia de Nazar\u00e9\u201d, nota S\u00e3o Jo\u00e3o Paulo II.\u00a0Jos\u00e9 exerceu plenamente sua miss\u00e3o de educador com Jesus.\u00a0Ele \u201ctinha a alta tarefa de criar, isto \u00e9, alimentar Jesus, de vesti-lo e de ensinar-lhe o Direito e o\u00a0of\u00edcio, de acordo com os deveres que cabiam ao pai\u201d, especifica ainda S\u00e3o Jo\u00e3o Paulo II.\u00a0Aqui, novamente, este \u00e9 um aspecto muito importante do mist\u00e9rio da Encarna\u00e7\u00e3o: plenamente Deus, e plenamente homem.\u00a0Jesus realmente teve que passar pelas etapas do crescimento de cada ser humano: Ele realmente cresceu \u201cem sabedoria, em estatura e em gra\u00e7a\u201d (Lc 2, 52).<\/p>\n<h3 style=\"text-align: justify;\"><b>Jos\u00e9 est\u00e1 dispon\u00edvel para a vontade de Deus<\/b><\/h3>\n<p style=\"text-align: justify;\">Pai de uma crian\u00e7a excepcional, S\u00e3o Jos\u00e9 n\u00e3o se julgava isento da miss\u00e3o educativa que lhe era devida.\u00a0Jos\u00e9 estava dispon\u00edvel para a vontade de Deus: quer se tratasse de levar para casa Maria, sua esposa, que estava gr\u00e1vida, de enfrentar o nascimento de Jesus em condi\u00e7\u00f5es inc\u00f4modas para dizer o m\u00ednimo, ou de precisar fugir. Para a loucura de Herodes, S\u00e3o Jos\u00e9 acolhe o imprevisto, mesmo o incompreens\u00edvel, com o cora\u00e7\u00e3o em paz.<\/p>\n<p style=\"text-align: justify;\">Ele lembra a todos os pais que se \u00e9 importante planejar, organizar, administrar nossos neg\u00f3cios \u201ccomo um bom pai\u201d, \u00e9 necess\u00e1rio saber desistir de todos esses belos projetos para seguir a vontade de Deus, por mais confusa que ela seja.\u00a0E nunca se preocupe porque Deus conhece melhor o que cada fam\u00edlia precisa.<\/p>\n<h3 style=\"text-align: justify;\"><b>Jos\u00e9 mostra que o trabalho \u00e9 uma express\u00e3o de amor<\/b><\/h3>\n<div class=\"nativo-inread\" style=\"text-align: justify;\"><\/div>\n<p style=\"text-align: justify;\">Jos\u00e9 \u00e9 um trabalhador: ele nos mostra que o trabalho \u00e9 (ou deveria ser) uma express\u00e3o de amor.\u00a0Entre tudo o que Jos\u00e9 ensinou a Jesus, \u201cuma virtude teve um papel importante: a consci\u00eancia profissional\u201d, explica S\u00e3o Jo\u00e3o Paulo II.\u00a0S\u00e3o Jos\u00e9, mais do que qualquer outra pessoa, vivia um trabalho santo.\u00a0Ele nos diz que o valor de um trabalho n\u00e3o \u00e9 medido pelo dinheiro que se ganha, mas pelo amor que colocamos ao faz\u00ea-lo.<\/p>\n<p style=\"text-align: justify;\">E n\u00e3o h\u00e1 d\u00favida de que ele, que teve a alegria de exercer uma profiss\u00e3o e o orgulho de ensin\u00e1-la a seu filho, est\u00e1 particularmente pr\u00f3ximo da situa\u00e7\u00e3o dos pais privados de emprego, que sentem dolorosamente a humilha\u00e7\u00e3o do desemprego e a ang\u00fastia do amanh\u00e3 incerto.<\/p>\n<div id=\"article-desk-content-p6-ad_cp1_2021_03_19_sao-jose-um-verdadeiro-modelo-para-todos-os-pais\" class=\"css-y9mcup\" style=\"text-align: justify;\" data-google-query-id=\"CJ-4hevnvO8CFTMzuQYdjpUA8g\">\n<div id=\"google_ads_iframe_64500793\/PT_DESK_ARTICLE_WELCOME_1X1_0__container__\"><\/div>\n<\/div>\n<h3 style=\"text-align: justify;\"><b>Jos\u00e9 lembra que basta cumprir o nosso dever confiando totalmente em Deus<\/b><\/h3>\n<p style=\"text-align: justify;\">Jos\u00e9 \u00e9 humilde: n\u00e3o se orgulha de ter sido escolhido para ser o pai do Filho de Deus, mas tamb\u00e9m n\u00e3o se refugia numa dita \u201cindignidade\u201d.\u00a0Ele poderia ter se sentido oprimido pela tarefa que lhe incumbia, recusando-a dizendo: \u201cEu n\u00e3o sou capaz disso\u201d.\u00a0Mas Jos\u00e9 n\u00e3o est\u00e1 voltado para si mesmo, n\u00e3o confia na pr\u00f3pria for\u00e7a: tudo espera de Deus.<\/p>\n<p style=\"text-align: justify;\">Ele faz o que Deus lhe pede para fazer, com confian\u00e7a.\u00a0Ele n\u00e3o tem \u201ccomplexos\u201d com Jesus: ocupa o seu lugar de pai, com autoridade, porque \u00e9 o seu lugar de direito.\u00a0Ele nos lembra que basta cumprir o seu dever, com muita humildade, com muita simplicidade, todos os dias, sem se preocupar com os pr\u00f3prios limites, mas confiando totalmente em Deus.\u00a0Ele convida os pais a ocuparem o lugar de pais, sem timidez, sem complica\u00e7\u00f5es, porque \u00e9 isso que Deus lhes confiou.<\/p>\n","protected":false},"excerpt":{"rendered":"<p>S\u00e3o Jos\u00e9 lembra a todos os pais que embora seja importante planejar, organizar e administrar nossos neg\u00f3cios &#8220;como um bom pai\u00a0&#8220;, \u00e9 preciso\u00a0tamb\u00e9m\u00a0saber renunciar a todos esses belos projetos para seguir a vontade de Deus Embora a hist\u00f3ria de S\u00e3o Jos\u00e9 seja fora do comum, ele pode, com raz\u00e3o, ser tomado como modelo por todos [&hellip;]<\/p>\n","protected":false},"author":1,"featured_media":66616,"comment_status":"open","ping_status":"closed","sticky":false,"template":"","format":"standard","meta":{"footnotes":""},"categories":[4],"tags":[],"class_list":["post-66615","post","type-post","status-publish","format-standard","has-post-thumbnail","hentry","category-cotidiano"],"_links":{"self":[{"href":"https:\/\/catolicanet.net\/wp-cnet\/wp-json\/wp\/v2\/posts\/66615","targetHints":{"allow":["GET"]}}],"collection":[{"href":"https:\/\/catolicanet.net\/wp-cnet\/wp-json\/wp\/v2\/posts"}],"about":[{"href":"https:\/\/catolicanet.net\/wp-cnet\/wp-json\/wp\/v2\/types\/post"}],"author":[{"embeddable":true,"href":"https:\/\/catolicanet.net\/wp-cnet\/wp-json\/wp\/v2\/users\/1"}],"replies":[{"embeddable":true,"href":"https:\/\/catolicanet.net\/wp-cnet\/wp-json\/wp\/v2\/comments?post=66615"}],"version-history":[{"count":1,"href":"https:\/\/catolicanet.net\/wp-cnet\/wp-json\/wp\/v2\/posts\/66615\/revisions"}],"predecessor-version":[{"id":66617,"href":"https:\/\/catolicanet.net\/wp-cnet\/wp-json\/wp\/v2\/posts\/66615\/revisions\/66617"}],"wp:featuredmedia":[{"embeddable":true,"href":"https:\/\/catolicanet.net\/wp-cnet\/wp-json\/wp\/v2\/media\/66616"}],"wp:attachment":[{"href":"https:\/\/catolicanet.net\/wp-cnet\/wp-json\/wp\/v2\/media?parent=66615"}],"wp:term":[{"taxonomy":"category","embeddable":true,"href":"https:\/\/catolicanet.net\/wp-cnet\/wp-json\/wp\/v2\/categories?post=66615"},{"taxonomy":"post_tag","embeddable":true,"href":"https:\/\/catolicanet.net\/wp-cnet\/wp-json\/wp\/v2\/tags?post=66615"}],"curies":[{"name":"wp","href":"https:\/\/api.w.org\/{rel}","templated":true}]}}