{"id":66594,"date":"2021-03-19T10:22:29","date_gmt":"2021-03-19T13:22:29","guid":{"rendered":"https:\/\/catolicanet.net\/wp-cnet\/?p=66594"},"modified":"2021-03-19T13:23:37","modified_gmt":"2021-03-19T16:23:37","slug":"o-papa-as-familias-na-abertura-do-ano-da-familia-a-igreja-esta-com-voces","status":"publish","type":"post","link":"https:\/\/catolicanet.net\/wp-cnet\/o-papa-as-familias-na-abertura-do-ano-da-familia-a-igreja-esta-com-voces\/","title":{"rendered":"O Papa \u00e0s fam\u00edlias na abertura do Ano da Fam\u00edlia: a Igreja est\u00e1 com voc\u00eas"},"content":{"rendered":"<div class=\"article__subTitle\" style=\"text-align: justify;\">\u201cN\u00e3o basta reiterar o valor e a import\u00e2ncia da doutrina, se n\u00e3o nos tornarmos guardi\u00f5es da beleza da fam\u00edlia e cuidar compassivamente de sua fragilidade e de suas feridas\u201d, afirma Francisco em sua mensagem na abertura do &#8220;Ano da Fam\u00edlia&#8221;, destacando que a franqueza do an\u00fancio evang\u00e9lico e a ternura do acompanhamento s\u00e3o os dois aspectos cora\u00e7\u00e3o de toda pastoral familiar. O Papa enfatiza que o Ano dedicado \u00e0 fam\u00edlia ser\u00e1 um tempo prop\u00edcio para levar adiante a reflex\u00e3o sobre a Exorta\u00e7\u00e3o apost\u00f3lica p\u00f3s-sinodal Amoris laetitia<\/div>\n<div class=\"title__separator\" style=\"text-align: justify;\"><\/div>\n<div class=\"article__text \">\n<p style=\"text-align: justify;\"><b>Raimundo de Lima &#8211; Vatican News<\/b><\/p>\n<div style=\"text-align: justify;\">\n<div class=\"article__embed article__embed--unwrap article__embed--dark\">\n<div class=\"article__innerTitle\">Ou\u00e7a a reportagem e compartilhe<\/div>\n<div>\n<!--[if lt IE 9]><script>document.createElement('audio');<\/script><![endif]-->\n<audio class=\"wp-audio-shortcode\" id=\"audio-66594-1\" preload=\"none\" style=\"width: 100%;\" controls=\"controls\"><source type=\"audio\/mpeg\" src=\"https:\/\/media.vaticannews.va\/media\/audio\/s1\/2021\/03\/19\/15\/135974492_F135974492.mp3?_=1\" \/><a href=\"https:\/\/media.vaticannews.va\/media\/audio\/s1\/2021\/03\/19\/15\/135974492_F135974492.mp3\">https:\/\/media.vaticannews.va\/media\/audio\/s1\/2021\/03\/19\/15\/135974492_F135974492.mp3<\/a><\/audio>\n<\/div>\n<\/div>\n<\/div>\n<p style=\"text-align: justify;\">\u201cSomos chamados a acompanhar, a ouvir, a aben\u00e7oar o caminho das fam\u00edlias; n\u00e3o apenas a delinear a dire\u00e7\u00e3o, mas a fazer o caminho com elas; a entrar nas casas com discri\u00e7\u00e3o e com amor, para dizer aos esposos: a Igreja est\u00e1 com voc\u00eas, o Senhor se faz pr\u00f3ximo de voc\u00eas, queremos ajud\u00e1-los a custodiar o dom que receberam.\u201d<\/p>\n<p style=\"text-align: justify;\">\u00c9 o que diz o Papa Francisco na mensagem enviada aos participantes do webinar, um Simp\u00f3sio de estudos sobre o tema \u201cO nosso amor cotidiano\u201d, organizado pelo Dicast\u00e9rio para os Leigos, a Fam\u00edlia e a Vida junto com Diocese de Roma e o Pontif\u00edcio Instituto Teol\u00f3gico Jo\u00e3o Paulo II, para abrir o Ano do Fam\u00edlia, por ocasi\u00e3o do quinto anivers\u00e1rio de publica\u00e7\u00e3o da\u00a0<i>Amoris laetitia<\/i>, esta sexta-feira, 19 de mar\u00e7o, na solenidade de S\u00e3o Jos\u00e9.<\/p>\n<h2 style=\"text-align: justify;\">Quinto anivers\u00e1rio da Amoris laetitia<\/h2>\n<p style=\"text-align: justify;\">J\u00e1 no in\u00edcio de sua mensagem, Francisco recorda este quinto anivers\u00e1rio da referida Exorta\u00e7\u00e3o apost\u00f3lica p\u00f3s-sinodal sobre a beleza e a alegria do amor conjugal e familiar.<\/p>\n<p style=\"text-align: justify;\">\u201cNeste anivers\u00e1rio, convidei a viver um ano de releitura do Documento e de reflex\u00e3o sobre o tema, at\u00e9 a celebra\u00e7\u00e3o do X Dia Mundial das Fam\u00edlias que, se Deus quiser, ter\u00e1 lugar em Roma em 26 de junho de 2022\u201d, ressalta o Pont\u00edfice referindo-se a este \u201cAno da Fam\u00edlia Amoris laetitia\u201d.<\/p>\n<p style=\"text-align: justify;\">Olhando para estes cinco anos transcorridos, o Santo Padre afirma que a\u00a0<i>Amoris laetitia<\/i>\u00a0tra\u00e7ou o in\u00edcio de um caminho buscando incentivar uma nova abordagem pastoral para a realidade da fam\u00edlia. \u201cA principal inten\u00e7\u00e3o do Documento &#8211; destaca &#8211; \u00e9 comunicar, em um tempo e cultura profundamente mudados, que hoje \u00e9 necess\u00e1rio um novo olhar sobre a fam\u00edlia por parte da Igreja.\u201d<\/p>\n<h2 style=\"text-align: justify;\">Guardi\u00f5es da beleza da fam\u00edlia<\/h2>\n<p style=\"text-align: justify;\">\u201cN\u00e3o basta reiterar o valor e a import\u00e2ncia da doutrina, se n\u00e3o nos tornarmos guardi\u00f5es da beleza da fam\u00edlia e cuidar compassivamente de sua fragilidade e de suas feridas\u201d, prossegue o Papa em sua mensagem, destacando que a franqueza do an\u00fancio evang\u00e9lico e a ternura do acompanhamento s\u00e3o os dois aspectos cora\u00e7\u00e3o de toda pastoral familiar.<\/p>\n<div style=\"text-align: justify;\">\n<div class=\"article__embed article__embed--border embed_style\">\n<blockquote><p>\u201cPor um lado &#8211; destaca -, anunciamos aos casais, aos c\u00f4njuges e \u00e0s fam\u00edlias uma Palavra que os ajuda a compreender o significado aut\u00eantico de sua uni\u00e3o e de seu amor, sinal e imagem do amor trinit\u00e1rio e da alian\u00e7a entre Cristo e a Igreja.\u201d<\/p><\/blockquote>\n<\/div>\n<\/div>\n<p style=\"text-align: justify;\">O Papa reitera que a Igreja reafirma aos c\u00f4njuges crist\u00e3os o valor do casamento como projeto de Deus, como fruto de sua Gra\u00e7a e como um chamado a ser vivido com totalidade, fidelidade e gratuidade.<\/p>\n<h2 style=\"text-align: justify;\">Fermento de fraternidade e amor na sociedade<\/h2>\n<p style=\"text-align: justify;\">\u201cEste \u00e9 a estrada para que os relacionamentos, mesmo atrav\u00e9s de um caminho marcado por fracassos, quedas e mudan\u00e7as, possam se abrir para a plenitude da alegria e da realiza\u00e7\u00e3o humana e se tornar um fermento de fraternidade e amor na sociedade.\u201d<\/p>\n<p style=\"text-align: justify;\">Por outro lado, observa o Pont\u00edfice, este an\u00fancio jamais pode e deve ser dado do alto e de fora:<\/p>\n<div style=\"text-align: justify;\">\n<div class=\"article__embed article__embed--border embed_style\">\n<blockquote><p>\u201cA Igreja est\u00e1 encarnada na realidade hist\u00f3rica como foi seu Mestre, e quando ela proclama o Evangelho da fam\u00edlia, o faz mergulhando na vida real, conhecendo de perto as fadigas di\u00e1rias dos c\u00f4njuges e pais, seus problemas, seus sofrimentos, todas aquelas situa\u00e7\u00f5es pequenas e grandes que pesam e \u00e0s vezes dificultam seu caminho. Este \u00e9 o contexto concreto em que se vive o amor cotidiano.\u201d<\/p><\/blockquote>\n<\/div>\n<\/div>\n<p style=\"text-align: justify;\">Anunciar o Evangelho, acompanhando as pessoas e colocando-nos a servi\u00e7o de sua felicidade: desta forma \u2013 afirma o Papa \u2013 \u201cpodemos ajudar as fam\u00edlias a caminhar de modo que responda a sua voca\u00e7\u00e3o e miss\u00e3o, conscientes da beleza dos la\u00e7os e de seu fundamento no amor de Deus Pai, Filho e Esp\u00edrito Santo\u201d.<\/p>\n<h2 style=\"text-align: justify;\">Pandemia tem colocado \u00e0 prova os la\u00e7os familiares<\/h2>\n<p style=\"text-align: justify;\">Neste tempo de pandemia, enfatiza Francisco, em meio a tantas dificuldades psicol\u00f3gicas e econ\u00f4micas e sanit\u00e1rias, tudo isso se tornou evidente:<\/p>\n<p style=\"text-align: justify;\">\u201cOs la\u00e7os familiares foram e continuam sendo duramente colocados \u00e0 prova, mas permanecem ao mesmo tempo o ponto de refer\u00eancia mais firme, o apoio mais forte, a prote\u00e7\u00e3o insubstitu\u00edvel para a estabilidade de toda a comunidade humana e social.\u201d<\/p>\n<h2 style=\"text-align: justify;\">Defendamos a fam\u00edlia daquilo que compromete sua beleza<\/h2>\n<p style=\"text-align: justify;\">Ressaltando que o ano dedicado \u00e0 fam\u00edlia, que se inicia nesta sexta-feira, 19 de mar\u00e7o, ser\u00e1 um tempo prop\u00edcio para levar adiante a reflex\u00e3o sobre a\u00a0<i>Amoris laetitia<\/i>, O Santo Padre conclui com uma premente exorta\u00e7\u00e3o:<\/p>\n<p style=\"text-align: justify;\">\u201cApoiemos a fam\u00edlia! Defendamo-la daquilo que compromete sua beleza. Aproximemo-nos deste mist\u00e9rio de amor com admira\u00e7\u00e3o, discri\u00e7\u00e3o e ternura. E nos comprometamos a salvaguardar seus preciosos e delicados la\u00e7os: filhos, pais, av\u00f3s&#8230; H\u00e1 necessidade desses la\u00e7os para viver e viver bem, para tornar a humanidade mais fraterna.\u201d<\/p>\n<\/div>\n","protected":false},"excerpt":{"rendered":"<p>\u201cN\u00e3o basta reiterar o valor e a import\u00e2ncia da doutrina, se n\u00e3o nos tornarmos guardi\u00f5es da beleza da fam\u00edlia e cuidar compassivamente de sua fragilidade e de suas feridas\u201d, afirma Francisco em sua mensagem na abertura do &#8220;Ano da Fam\u00edlia&#8221;, destacando que a franqueza do an\u00fancio evang\u00e9lico e a ternura do acompanhamento s\u00e3o os dois [&hellip;]<\/p>\n","protected":false},"author":1,"featured_media":66595,"comment_status":"open","ping_status":"closed","sticky":false,"template":"","format":"standard","meta":{"footnotes":""},"categories":[3],"tags":[],"class_list":["post-66594","post","type-post","status-publish","format-standard","has-post-thumbnail","hentry","category-vaticano"],"_links":{"self":[{"href":"https:\/\/catolicanet.net\/wp-cnet\/wp-json\/wp\/v2\/posts\/66594","targetHints":{"allow":["GET"]}}],"collection":[{"href":"https:\/\/catolicanet.net\/wp-cnet\/wp-json\/wp\/v2\/posts"}],"about":[{"href":"https:\/\/catolicanet.net\/wp-cnet\/wp-json\/wp\/v2\/types\/post"}],"author":[{"embeddable":true,"href":"https:\/\/catolicanet.net\/wp-cnet\/wp-json\/wp\/v2\/users\/1"}],"replies":[{"embeddable":true,"href":"https:\/\/catolicanet.net\/wp-cnet\/wp-json\/wp\/v2\/comments?post=66594"}],"version-history":[{"count":1,"href":"https:\/\/catolicanet.net\/wp-cnet\/wp-json\/wp\/v2\/posts\/66594\/revisions"}],"predecessor-version":[{"id":66596,"href":"https:\/\/catolicanet.net\/wp-cnet\/wp-json\/wp\/v2\/posts\/66594\/revisions\/66596"}],"wp:featuredmedia":[{"embeddable":true,"href":"https:\/\/catolicanet.net\/wp-cnet\/wp-json\/wp\/v2\/media\/66595"}],"wp:attachment":[{"href":"https:\/\/catolicanet.net\/wp-cnet\/wp-json\/wp\/v2\/media?parent=66594"}],"wp:term":[{"taxonomy":"category","embeddable":true,"href":"https:\/\/catolicanet.net\/wp-cnet\/wp-json\/wp\/v2\/categories?post=66594"},{"taxonomy":"post_tag","embeddable":true,"href":"https:\/\/catolicanet.net\/wp-cnet\/wp-json\/wp\/v2\/tags?post=66594"}],"curies":[{"name":"wp","href":"https:\/\/api.w.org\/{rel}","templated":true}]}}