{"id":66591,"date":"2021-03-19T10:21:08","date_gmt":"2021-03-19T13:21:08","guid":{"rendered":"https:\/\/catolicanet.net\/wp-cnet\/?p=66591"},"modified":"2021-03-19T13:22:05","modified_gmt":"2021-03-19T16:22:05","slug":"francisco-na-primeira-missa-a-semente-de-um-magisterio","status":"publish","type":"post","link":"https:\/\/catolicanet.net\/wp-cnet\/francisco-na-primeira-missa-a-semente-de-um-magisterio\/","title":{"rendered":"Francisco, na primeira missa a semente de um magist\u00e9rio"},"content":{"rendered":"<figure class=\"article__image\" style=\"text-align: justify;\"><span class=\"didascalia_img\">Papa Francisco na missa com a comunidade filipina\u00a0 (Vatican Media)<\/span><\/figure>\n<div class=\"article__meta\">\n<div class=\"article__subTitle\" style=\"text-align: justify;\">Padre Luigi Maria Epicoco, te\u00f3logo e decano do Instituto Superior Ci\u00eancias Religiosas Fides et Ratio da cidade de L&#8217;Aquila, rel\u00ea as palavras pronunciadas pelo Papa em 19 de mar\u00e7o, h\u00e1 oito anos, durante a missa do in\u00edcio de seu pontificado: nesses pensamentos encontramos ensinamentos que s\u00f3 oito anos depois entendemos plenamente.<\/div>\n<div class=\"title__separator\" style=\"text-align: justify;\"><\/div>\n<div class=\"article__text \">\n<p style=\"text-align: justify;\"><b>Eugenio Bonanata, Silvonei Jos\u00e9 \u2013 Vatican News<\/b><\/p>\n<p style=\"text-align: justify;\">H\u00e1 um aspecto marcante da Missa com a qual o Papa \u201cque veio quase do fim do mundo&#8221; come\u00e7a sua miss\u00e3o como chefe da Igreja. \u00c9 um 19 de mar\u00e7o e \u00e9 leg\u00edtimo esperar uma refer\u00eancia \u00e0 figura de S\u00e3o Jos\u00e9. Na realidade, a homilia daquela missa que foi a primeira a mostrar o cora\u00e7\u00e3o de Francisco ao mundo est\u00e1 inteiramente centrada nas qualidades do Esposo de Maria. Estes pensamentos sobre Jos\u00e9 &#8220;guardi\u00e3o&#8221; s\u00e3o uma pista, mas &#8220;somente ap\u00f3s oito anos podemos entender a import\u00e2ncia daquelas palavras&#8221;, diz o te\u00f3logo padre Luigi Maria Epicoco numa entrevista dada \u00e0 TV italiana Telepace, que ser\u00e1 transmitida em um especial nesta noite de sexta-feira.<\/p>\n<h2 style=\"text-align: justify;\">Curar o mundo \u00e9 curar o homem<\/h2>\n<p style=\"text-align: justify;\">Naquela homilia, reflete o te\u00f3logo, o novo Papa prefigura &#8220;tudo o que vimos desdobrar-se sucessivamente nos documentos, nos gestos, nas escolhas e nas viagens&#8221;. Naqueles momentos se evidencia um dos pilares do magist\u00e9rio que Francisco prefigurou imediatamente ap\u00f3s sua elei\u00e7\u00e3o, quando do Balc\u00e3o das B\u00ean\u00e7\u00e3os ele convidou as pessoas a rezar pela fraternidade, e novamente durante o Angelus com a refer\u00eancia \u00e0 centralidade da miseric\u00f3rdia. Na voca\u00e7\u00e3o de guardi\u00e3o de Jos\u00e9 tamb\u00e9m se evidenciam as premissas da\u00a0<i>Laudato si&#8217;<\/i>, a grande arquitetura concebida por Francisco para dizer \u00e0 humanidade que o homem se salva junto com a terra que ele habita. \u00c9 a abordagem da ecologia integral, que o Papa j\u00e1 antecipava naquela ocasi\u00e3o ao pedir o &#8220;favor&#8221; aos muitos chefes de Estado e de governo que vieram prestar-lhe homenagem, para aumentar o compromisso de seus pa\u00edses nesta dire\u00e7\u00e3o. A cust\u00f3dia \u00e9 uma &#8220;voca\u00e7\u00e3o que n\u00e3o diz respeito somente a n\u00f3s crist\u00e3os&#8221;, disse o Papa, explicando a necessidade de cuidar tamb\u00e9m dos relacionamentos, da fam\u00edlia, das amizades. Por isso, sublinha padre Epicoco, uma evid\u00eancia com a qual Francisco manteve, e mant\u00e9m, &#8220;que para cuidar do mundo \u00e9 preciso levar as pessoas a s\u00e9rio&#8221;.<\/p>\n<p style=\"text-align: justify;\">Uma homilia, a de 19 de mar\u00e7o, h\u00e1 oito anos, que cont\u00e9m as sementes de um jardim que est\u00e1 prestes a brotar. E anos mais tarde, em dezembro passado, Francisco anunciou a convoca\u00e7\u00e3o de um ano especial dedicado a S\u00e3o Jos\u00e9 em concomit\u00e2ncia com o 150\u00ba anivers\u00e1rio de sua proclama\u00e7\u00e3o como patrono da Igreja. Uma decis\u00e3o tomada com a carta apost\u00f3lica Patris corde, n\u00e3o por acaso amadurecida em um momento de tribula\u00e7\u00e3o como o vivido no presente.<\/p>\n<h2 style=\"text-align: justify;\">A verdade dos gestos entre os &#8220;mercadores de palavras&#8221;<\/h2>\n<p style=\"text-align: justify;\">&#8220;O Papa &#8211; \u00e9 a opini\u00e3o do te\u00f3logo -, quer nos dizer que nestas circunst\u00e2ncias dif\u00edceis temos algu\u00e9m para nos inspirar e para nos confiar&#8221;. De acordo com as indica\u00e7\u00f5es dadas durante a homilia de 19 de mar\u00e7o de 2013, o convite \u00e9 para colocar as decis\u00f5es pessoais, especialmente complicadas, nas m\u00e3os do santo, inspirando-se em seu exemplo que \u00e9 uma mistura de muita f\u00e9, poucas palavras e muita concretude. &#8220;Em um mundo como o nosso, feito de apar\u00eancias e mercadores de palavras, precisamos daqueles que s\u00e3o capazes de deixar os fatos, os gestos e acima de tudo as escolhas falarem por si mesmos&#8221;, comenta padre Epicoco. &#8220;Ao inv\u00e9s de reclamar, devemos aprender a ser criativos com as circunst\u00e2ncias adversas&#8221;, conclui o padre que escreveu um livro intitulado &#8216;Con cuore di padre&#8217; (Com cora\u00e7\u00e3o de pai &#8211; Edi\u00e7\u00f5es S\u00e3o Paulo) contendo ora\u00e7\u00f5es e medita\u00e7\u00f5es para acompanhar os leitores neste caminho desejado por Francisco.<\/p>\n<\/div>\n<\/div>\n","protected":false},"excerpt":{"rendered":"<p>Papa Francisco na missa com a comunidade filipina\u00a0 (Vatican Media) Padre Luigi Maria Epicoco, te\u00f3logo e decano do Instituto Superior Ci\u00eancias Religiosas Fides et Ratio da cidade de L&#8217;Aquila, rel\u00ea as palavras pronunciadas pelo Papa em 19 de mar\u00e7o, h\u00e1 oito anos, durante a missa do in\u00edcio de seu pontificado: nesses pensamentos encontramos ensinamentos que [&hellip;]<\/p>\n","protected":false},"author":1,"featured_media":66592,"comment_status":"open","ping_status":"closed","sticky":false,"template":"","format":"standard","meta":{"footnotes":""},"categories":[3],"tags":[],"class_list":["post-66591","post","type-post","status-publish","format-standard","has-post-thumbnail","hentry","category-vaticano"],"_links":{"self":[{"href":"https:\/\/catolicanet.net\/wp-cnet\/wp-json\/wp\/v2\/posts\/66591","targetHints":{"allow":["GET"]}}],"collection":[{"href":"https:\/\/catolicanet.net\/wp-cnet\/wp-json\/wp\/v2\/posts"}],"about":[{"href":"https:\/\/catolicanet.net\/wp-cnet\/wp-json\/wp\/v2\/types\/post"}],"author":[{"embeddable":true,"href":"https:\/\/catolicanet.net\/wp-cnet\/wp-json\/wp\/v2\/users\/1"}],"replies":[{"embeddable":true,"href":"https:\/\/catolicanet.net\/wp-cnet\/wp-json\/wp\/v2\/comments?post=66591"}],"version-history":[{"count":1,"href":"https:\/\/catolicanet.net\/wp-cnet\/wp-json\/wp\/v2\/posts\/66591\/revisions"}],"predecessor-version":[{"id":66593,"href":"https:\/\/catolicanet.net\/wp-cnet\/wp-json\/wp\/v2\/posts\/66591\/revisions\/66593"}],"wp:featuredmedia":[{"embeddable":true,"href":"https:\/\/catolicanet.net\/wp-cnet\/wp-json\/wp\/v2\/media\/66592"}],"wp:attachment":[{"href":"https:\/\/catolicanet.net\/wp-cnet\/wp-json\/wp\/v2\/media?parent=66591"}],"wp:term":[{"taxonomy":"category","embeddable":true,"href":"https:\/\/catolicanet.net\/wp-cnet\/wp-json\/wp\/v2\/categories?post=66591"},{"taxonomy":"post_tag","embeddable":true,"href":"https:\/\/catolicanet.net\/wp-cnet\/wp-json\/wp\/v2\/tags?post=66591"}],"curies":[{"name":"wp","href":"https:\/\/api.w.org\/{rel}","templated":true}]}}