{"id":66520,"date":"2021-03-17T10:10:01","date_gmt":"2021-03-17T13:10:01","guid":{"rendered":"https:\/\/catolicanet.net\/wp-cnet\/?p=66520"},"modified":"2021-03-17T13:11:19","modified_gmt":"2021-03-17T16:11:19","slug":"papa-francisco-sao-jose-homem-sabio-a-quem-confiar-a-vida","status":"publish","type":"post","link":"https:\/\/catolicanet.net\/wp-cnet\/papa-francisco-sao-jose-homem-sabio-a-quem-confiar-a-vida\/","title":{"rendered":"Papa Francisco: S\u00e3o Jos\u00e9, homem s\u00e1bio a quem confiar a vida"},"content":{"rendered":"<div class=\"article__subTitle\" style=\"text-align: justify;\">No final da Audi\u00eancia Geral, o Papa recordou a Solenidade de S\u00e3o Jos\u00e9, sexta-feira 19 de mar\u00e7o, e o in\u00edcio do Ano da Fam\u00edlia Amoris laetitia. Do esposo de Maria, para o qual convocou um Ano especial, Francisco sublinhou sua capacidade de &#8220;compreender e colocar em pr\u00e1tica o Evangelho&#8221;.<\/div>\n<div class=\"title__separator\" style=\"text-align: justify;\"><\/div>\n<div class=\"article__text \">\n<p style=\"text-align: justify;\"><b>Benedetta Capelli \u2013 Vatican News<\/b><\/p>\n<p style=\"text-align: justify;\">&#8220;Um grande santo&#8221; a quem entregar a pr\u00f3pria exist\u00eancia. Assim, o Papa Francisco recordou a pr\u00f3xima Solenidade de S\u00e3o Jos\u00e9, na\u00a0<b>sauda\u00e7\u00e3o em italiano,\u00a0<\/b>no final da Audi\u00eancia Geral, desta quarta-feira (17\/03). &#8220;Sejam s\u00e1bios como ele, prontos para compreender e colocar em pr\u00e1tica o Evangelho&#8221;, acrescentou o Pont\u00edfice.<\/p>\n<p style=\"text-align: justify;\"><i>Na vida, no trabalho, na fam\u00edlia, nos momentos de alegria e tristeza S\u00e3o Jos\u00e9 procurou e amou constantemente o Senhor, merecendo o elogio das Escrituras como um homem justo e s\u00e1bio. Invoc\u00e1-lo sempre, especialmente nos momentos dif\u00edceis que voc\u00eas possam encontrar. A todos a minha b\u00ean\u00e7\u00e3o!<\/i><\/p>\n<p style=\"text-align: justify;\">Tamb\u00e9m na\u00a0<b>sauda\u00e7\u00e3o em polon\u00eas<\/b>, Francisco recordou S\u00e3o Jos\u00e9 e o in\u00edcio do\u00a0<b>Ano da Fam\u00edlia Amoris Laetitia<\/b>:<\/p>\n<p style=\"text-align: justify;\"><i>Que Maria, Rainha da Pol\u00f4nia, obtenha para as fam\u00edlias a vis\u00e3o evang\u00e9lica do matrim\u00f4nio, na compreens\u00e3o rec\u00edproca e no respeito pela vida humana. Aben\u00e7oo de cora\u00e7\u00e3o todos voc\u00eas e todos aqueles que participar\u00e3o das iniciativas promovidas para as celebra\u00e7\u00f5es do Ano mencionado.<\/i><\/p>\n<h2 style=\"text-align: justify;\">O cora\u00e7\u00e3o de Pai<\/h2>\n<p style=\"text-align: justify;\">N\u00e3o uma figura silenciosa, mas um homem que escuta, que aceita o plano de Deus para sua vida e de sua fam\u00edlia. S\u00e3o Jos\u00e9 \u00e9 um santo amado sobretudo pelo Papa Francisco que lhe dedicou uma intensa carta apost\u00f3lica &#8220;<b>Patris Corde &#8211; com um Cora\u00e7\u00e3o de Pai<\/b>&#8221; em mem\u00f3ria dos 150 anos da declara\u00e7\u00e3o como Padroeiro universal da Igreja, e ao mesmo tempo lhe dedicou o\u00a0<b>Ano de S\u00e3o Jos\u00e9<\/b> at\u00e9 8 de dezembro de 2021. Francisco destaca diferentes caracter\u00edsticas do pai putativo de Jesus. Ele o chama de pai amado, pai na ternura, na obedi\u00eancia e no acolhimento, pai de coragem criativa, trabalhador, sempre na penumbra.<\/p>\n<h2 style=\"text-align: justify;\">Aquele que acolhe a fragilidade<\/h2>\n<p style=\"text-align: justify;\">Em algumas dessas caracter\u00edsticas se concentrou o Comit\u00ea de S\u00e3o Jos\u00e9 que re\u00fane v\u00e1rias realidades diferentes, mas todas inspiradas ao Padroeiro universal da Igreja, como os Oblatos, os Josefinos de Murialdo, as Irm\u00e3s Murialdinas, as Franciscanas Mission\u00e1rias do Menino Jesus e muitas outras. Desde ter\u00e7a-feira (16\/03), no canal YouTube do Comit\u00ea de S\u00e3o Jos\u00e9, \u00e0s 15h, \u00e9 poss\u00edvel assistir v\u00eddeos que oferecem reflex\u00f5es de biblistas, religiosos e religiosas sobre os aspectos de S\u00e3o Jos\u00e9 como &#8220;pai na obedi\u00eancia&#8221; ou &#8220;pai no acolhimento&#8221;, com imagens que v\u00eam de Roma, N\u00e1poles e Asti, cidades onde existem bas\u00edlicas ou santu\u00e1rios dedicados ao esposo de Maria. O\u00a0<b>pe. Luigi Testa<\/b>, Oblato de S\u00e3o Jos\u00e9, \u00e9 um dos membros do Comit\u00ea de S\u00e3o Jos\u00e9:<\/p>\n<p style=\"text-align: justify;\"><b>Pe. Testa:<\/b>\u00a0O Papa Francisco esclarece desde o in\u00edcio da Carta, que embora o Evangelho fale pouco sobre S\u00e3o Jos\u00e9, diz &#8220;o suficiente&#8221;. Esta j\u00e1 \u00e9 uma primeira afirma\u00e7\u00e3o importante porque geralmente, na prega\u00e7\u00e3o comum ou na linguagem comum, sempre se diz que pouco se sabe sobre Jos\u00e9, mas os dados b\u00edblicos nos dizem que se sabe o suficiente. Depois, esta Carta Apost\u00f3lica \u00e9 muito significativa porque sonda o cora\u00e7\u00e3o de S\u00e3o Jos\u00e9 como se estivesse entrando nas pregas deste cora\u00e7\u00e3o. Al\u00e9m do fato de que n\u00e3o o considera apenas como um cora\u00e7\u00e3o de ternura, um cora\u00e7\u00e3o capaz de obedi\u00eancia, de acolhimento, de coragem criativa e trabalhador, mas \u00e9 significativo que na figura de S\u00e3o Jos\u00e9 o Papa v\u00ea uma figura comum, que pode ser um ponto de refer\u00eancia para muitas pessoas. Tudo isso se declina na vida espiritual, na vida ordin\u00e1ria, na vida cotidiana.<\/p>\n<p style=\"text-align: justify;\"><b>A seu ver, qual \u00e9 a relev\u00e2ncia de S\u00e3o Jos\u00e9 hoje? Como podemos olhar para ele neste tempo de pandemia que condiciona nossa vida, condiciona tamb\u00e9m muitas escolhas?<\/b><\/p>\n<p style=\"text-align: justify;\"><b>Pe. Testa:\u00a0<\/b>S\u00e3o Jos\u00e9 nos ensina antes de tudo a acolher nossas fraquezas com profunda ternura, a acolher as situa\u00e7\u00f5es de fragilidade, de precariedade que vemos em n\u00f3s e ao nosso redor com a atitude de confian\u00e7a, de delicadeza, de aten\u00e7\u00e3o, evitando o des\u00e2nimo. Ajuda-nos a saber ler nas pregas da hist\u00f3ria a possibilidade de ouvir a voz do Senhor que vem para nos tranquilizar e n\u00e3o nos deixa \u00e0 merc\u00ea de n\u00f3s mesmos. Diante das dificuldades, diz o Papa Francisco, pode haver a atitude de quem abandona o campo ou a atitude de quem de alguma forma se inventa, Jos\u00e9 deve se esfor\u00e7ar, deve se ocupar. Pensemos nesta pandemia, como em nossas atividades pastorais tivemos que nos projetar de outras maneiras, em outras modalidades para chegar \u00e0s pessoas e estar perto delas.<\/p>\n<p style=\"text-align: justify;\"><b>Sexta-feira \u00e9 o dia de S\u00e3o Jos\u00e9 e tamb\u00e9m come\u00e7a o Ano de Amoris laetitia, um ano especial dedicado \u00e0 fam\u00edlia. De que forma S\u00e3o Jos\u00e9 pode ser um farol para a fam\u00edlia de hoje?<\/b><\/p>\n<p style=\"text-align: justify;\"><b>Pe. Testa:<\/b>\u00a0S\u00e3o Jos\u00e9 n\u00e3o \u00e9 apenas um personagem em si, mas uma pessoa em rela\u00e7\u00e3o. Toda sua vida foi determinada por Maria e Jesus. Ele teve que acolher Maria como sua esposa, acolher Jesus como filho, respondeu a uma miss\u00e3o particular. A fam\u00edlia constitui o fundamento essencial tamb\u00e9m para a vida de Jesus. Jesus nasceu dentro do matrim\u00f4nio, mesmo que por obra do Esp\u00edrito Santo. Portanto, neste ano dedicado a S\u00e3o Jos\u00e9 e depois no Ano da Fam\u00edlia para recordar os 5 anos de Amoris laetitia, a figura do pai putativo se encaixa perfeitamente porque na fam\u00edlia de Nazar\u00e9 temos o reflexo da Trindade celeste. S\u00e3o Jos\u00e9 \u00e9 aquele que se torna senhor em sua casa, mas como sinal da cust\u00f3dia. Da\u00ed a aten\u00e7\u00e3o e a delicadeza para com a mulher, para com Maria, porque Jos\u00e9 nos ensina muito deste ponto de vista ainda hoje. De fato, existem mulheres que vivem dramas em suas situa\u00e7\u00f5es familiares. H\u00e1 aten\u00e7\u00e3o e delicadeza para com Jesus porque o faz crescer, aprendendo tamb\u00e9m a morrer como pai. Portanto, existe este cuidado e aten\u00e7\u00e3o pela fam\u00edlia e por cada fam\u00edlia e, em seguida, um cuidado maior pela Igreja, fam\u00edlia dos filhos de Deus.<\/p>\n<p style=\"text-align: justify;\"><b>Alguns dias atr\u00e1s, falando aos confessores, Francisco sugeriu rezar a S\u00e3o Jos\u00e9 para que eles pudessem receber o dom da paternidade. Como o senhor reflete a paternidade da Igreja ligada a S\u00e3o Jos\u00e9 em sua vida de religioso?<\/b><\/p>\n<p style=\"text-align: justify;\"><b>Pe. Testa:<\/b>\u00a0Esta paternidade requer aten\u00e7\u00e3o, delicadeza, desapego, senso de maturidade, obla\u00e7\u00e3o. Somos Oblatos de S\u00e3o Jos\u00e9, portanto, oferecidos a Deus como S\u00e3o Jos\u00e9 aos cuidados dos interesses de Jesus. N\u00e3o devemos cultivar nossos interesses pessoais ou a afirma\u00e7\u00e3o de n\u00f3s mesmos, mas para dar espa\u00e7o ao outro, atrav\u00e9s da escuta e do sil\u00eancio. S\u00e3o Jos\u00e9 \u00e9 um mestre nisso porque \u00e9 o homem da escuta, mas tamb\u00e9m o homem do sil\u00eancio, n\u00e3o porque est\u00e1 calado e n\u00e3o tem nada a dizer ou n\u00e3o tem palavras, mas porque a sua \u00e9 uma atitude profundamente contemplativa, de acolhimento desta Palavra, esperando o aceno de Deus. Na experi\u00eancia confessional, esta aten\u00e7\u00e3o e delicadeza s\u00e3o necess\u00e1rias para que o outro se sinta acolhido pelo que \u00e9, n\u00e3o tanto pelo pecado que cometeu ou pelo erro que cometeu, mas porque \u00e9 uma pessoa que deve ser acompanhada, ajudada e, acima de tudo, apoiada em sua fragilidade.<\/p>\n<p style=\"text-align: justify;\"><b>Quais frutos o senhor gostaria de ver colhidos durante este ano dedicado a S\u00e3o Jos\u00e9? Qual \u00e9 o seu desejo?<\/b><\/p>\n<p style=\"text-align: justify;\"><b>Pe. Testa:<\/b>\u00a0O meu desejo \u00e9 de que se aprofunde S\u00e3o Jos\u00e9 do ponto de vista da reflex\u00e3o teol\u00f3gica, a partir dos dados b\u00edblicos, sua figura como parte essencial dos mist\u00e9rios da vida de Cristo Senhor. Depois, eu espero que o amor por este grande santo cres\u00e7a, n\u00e3o apenas a devo\u00e7\u00e3o, mas tamb\u00e9m o conhecimento teol\u00f3gico, o conhecimento dos mist\u00e9rios de Cristo, porque ele tem muito a dizer \u00e0 vida di\u00e1ria sobre o sentido e o papel da paternidade, que n\u00e3o \u00e9 algo a ser colocado de lado.<\/p>\n<\/div>\n","protected":false},"excerpt":{"rendered":"<p>No final da Audi\u00eancia Geral, o Papa recordou a Solenidade de S\u00e3o Jos\u00e9, sexta-feira 19 de mar\u00e7o, e o in\u00edcio do Ano da Fam\u00edlia Amoris laetitia. Do esposo de Maria, para o qual convocou um Ano especial, Francisco sublinhou sua capacidade de &#8220;compreender e colocar em pr\u00e1tica o Evangelho&#8221;. Benedetta Capelli \u2013 Vatican News &#8220;Um [&hellip;]<\/p>\n","protected":false},"author":1,"featured_media":66521,"comment_status":"open","ping_status":"closed","sticky":false,"template":"","format":"standard","meta":{"footnotes":""},"categories":[3],"tags":[],"class_list":["post-66520","post","type-post","status-publish","format-standard","has-post-thumbnail","hentry","category-vaticano"],"_links":{"self":[{"href":"https:\/\/catolicanet.net\/wp-cnet\/wp-json\/wp\/v2\/posts\/66520","targetHints":{"allow":["GET"]}}],"collection":[{"href":"https:\/\/catolicanet.net\/wp-cnet\/wp-json\/wp\/v2\/posts"}],"about":[{"href":"https:\/\/catolicanet.net\/wp-cnet\/wp-json\/wp\/v2\/types\/post"}],"author":[{"embeddable":true,"href":"https:\/\/catolicanet.net\/wp-cnet\/wp-json\/wp\/v2\/users\/1"}],"replies":[{"embeddable":true,"href":"https:\/\/catolicanet.net\/wp-cnet\/wp-json\/wp\/v2\/comments?post=66520"}],"version-history":[{"count":1,"href":"https:\/\/catolicanet.net\/wp-cnet\/wp-json\/wp\/v2\/posts\/66520\/revisions"}],"predecessor-version":[{"id":66522,"href":"https:\/\/catolicanet.net\/wp-cnet\/wp-json\/wp\/v2\/posts\/66520\/revisions\/66522"}],"wp:featuredmedia":[{"embeddable":true,"href":"https:\/\/catolicanet.net\/wp-cnet\/wp-json\/wp\/v2\/media\/66521"}],"wp:attachment":[{"href":"https:\/\/catolicanet.net\/wp-cnet\/wp-json\/wp\/v2\/media?parent=66520"}],"wp:term":[{"taxonomy":"category","embeddable":true,"href":"https:\/\/catolicanet.net\/wp-cnet\/wp-json\/wp\/v2\/categories?post=66520"},{"taxonomy":"post_tag","embeddable":true,"href":"https:\/\/catolicanet.net\/wp-cnet\/wp-json\/wp\/v2\/tags?post=66520"}],"curies":[{"name":"wp","href":"https:\/\/api.w.org\/{rel}","templated":true}]}}