{"id":66488,"date":"2021-03-16T10:45:01","date_gmt":"2021-03-16T13:45:01","guid":{"rendered":"https:\/\/catolicanet.net\/wp-cnet\/?p=66488"},"modified":"2021-03-16T17:47:29","modified_gmt":"2021-03-16T20:47:29","slug":"a-esperanca-do-iraque-no-sorriso-de-uma-menina","status":"publish","type":"post","link":"https:\/\/catolicanet.net\/wp-cnet\/a-esperanca-do-iraque-no-sorriso-de-uma-menina\/","title":{"rendered":"A esperan\u00e7a do Iraque no sorriso de uma menina"},"content":{"rendered":"<p style=\"text-align: justify;\"><span class=\"didascalia_img\">Mosul. Entre os escombros uma menina olha para um militar com equipamentos de combate que a acaricia, a pega no colo e ela sorri \u00a0 (Vatican Media)<\/span><\/p>\n<div class=\"article__subTitle\" style=\"text-align: justify;\">A viagem do Papa ao Iraque deixou uma nova luz em uma terra devastada por uma guerra que dura dez anos, mostrando ao mundo a sede de paz e fraternidade de uma popula\u00e7\u00e3o que quer recome\u00e7ar a viver<\/div>\n<div class=\"title__separator\" style=\"text-align: justify;\"><\/div>\n<div class=\"article__text \">\n<p style=\"text-align: justify;\"><b>Massimiliano Menichetti<\/b><\/p>\n<p style=\"text-align: justify;\">&#8220;Para n\u00f3s foi como acordar de um pesadelo, n\u00e3o acredit\u00e1vamos em nossos olhos, realmente o pa\u00eds pode recome\u00e7ar novamente&#8221;. Estas simples palavras cont\u00eam a esperan\u00e7a de um povo inteiro, o povo iraquiano, que abra\u00e7ou o Papa de 5 a 8 de mar\u00e7o passado. A imagem desta viagem est\u00e1 representada em uma foto em Mosul, a que foi a antiga capital do \u00cdsis, onde os escombros est\u00e3o repletos por milhares de balas, onde olhando igrejas, casas, mesquitas destru\u00eddas e deformadas, percebe-se a viol\u00eancia dos combates, a f\u00faria do homem que destr\u00f3i, pisoteia, aniquila seu irm\u00e3o.<\/p>\n<p style=\"text-align: justify;\">Nesse contexto, onde o horror parecia prevalecer, o Papa foi saudado pelo canto das crian\u00e7as que acenavam com ramos de oliveira. Outros, n\u00e3o muito longe do encontro, brincavam em um espa\u00e7o no ch\u00e3o de terra; o asfalto s\u00f3 restou nas ruas centrais. Uma menina de quatro ou cinco anos, vestida com um abrigo floreado cor de rosa e de chinelos, se afasta de seus amiguinhos e caminha para tr\u00e1s. Sem se dar conta, ela para na frente das pernas de um soldado. Ela olha para ele, passando os olhos por toda a sua figura, dos p\u00e9s \u00e0 cabe\u00e7a. O soldado com bombas na cintura, capacete, \u00f3culos para se proteger do sol, dobra o pesco\u00e7o e encontra o olhar da menina, seu rosto sujo de terra como o resto de seu corpo. Atr\u00e1s deles apenas os escombros do que antes eram casas. Seus olhares se encontram apesar das lentes escuras, o homem acaricia a menina na cabe\u00e7a e a levanta. Ela explode em um sorriso, que ele devolve um instante depois. Nessa imagem est\u00e1 todo o presente e o futuro do Iraque.<\/p>\n<div style=\"text-align: justify;\">\n<div class=\"article__embed article__embed--unwrap article__embed--dark\">\n<div class=\"article__innerTitle\">Ou\u00e7a e compartilhe<\/div>\n<div>\n<!--[if lt IE 9]><script>document.createElement('audio');<\/script><![endif]-->\n<audio class=\"wp-audio-shortcode\" id=\"audio-66488-1\" preload=\"none\" style=\"width: 100%;\" controls=\"controls\"><source type=\"audio\/mpeg\" src=\"https:\/\/media.vaticannews.va\/media\/audio\/s1\/2021\/03\/16\/10\/135970034_F135970034.mp3?_=1\" \/><a href=\"https:\/\/media.vaticannews.va\/media\/audio\/s1\/2021\/03\/16\/10\/135970034_F135970034.mp3\">https:\/\/media.vaticannews.va\/media\/audio\/s1\/2021\/03\/16\/10\/135970034_F135970034.mp3<\/a><\/audio>\n<\/div>\n<\/div>\n<\/div>\n<p style=\"text-align: justify;\">A viagem de Francisco foi memor\u00e1vel, o primeiro Papa a p\u00f4r os p\u00e9s na terra de Abra\u00e3o. Ele encorajou e confirmou na f\u00e9 a comunidade crist\u00e3, que junto com os mu\u00e7ulmanos e as minorias presentes, como os yazidis, tem passado por sofrimentos indescrit\u00edveis. Uma viagem hist\u00f3rica para a ponte realizada com os xiitas depois daquela com os sunitas em Abu Dhabi, pela acolhida que ele recebeu, mas sobretudo pela luz do bem e da reden\u00e7\u00e3o que ele trouxe a um lugar devastado pela guerra, viol\u00eancia e persegui\u00e7\u00e3o perpetrada pelo \u00cdsis, e que agora vive os flagelos da pobreza e da pandemia da covid-19.<\/p>\n<p style=\"text-align: justify;\">O que impressiona \u00e9 a militariza\u00e7\u00e3o: em todos os lugares, homens com equipamento de guerra, com grossos coletes \u00e0 prova de balas, cintos com granadas de m\u00e3o, capacetes com viseiras de precis\u00e3o e armas pesadas; dezenas de pick-ups ao longo das estradas com metralhadoras, tanques e carros blindados. Ao longo das ruas, enquanto a comitiva papal passava, as pessoas que n\u00e3o estavam autorizadas a ficar nas bordas com bandeiras e faixas estavam a dezenas de metros de dist\u00e2ncia com as m\u00e3os para atr\u00e1s. Muitas bandeiras do Vaticano, amarelas e brancas, foram hasteadas ao longo dos muros com arame farpado em Bagd\u00e1, Nassirya, Ur, Mosul, Qaraqosh, Erbil.<\/p>\n<p style=\"text-align: justify;\">Em 2020 o Iraque sofreu cerca de 1.400 a\u00e7\u00f5es terroristas, n\u00e3o se encontra emprego, as dificuldades econ\u00f4micas s\u00e3o uma realidade dram\u00e1tica, mas o pa\u00eds n\u00e3o \u00e9 apenas isso, mesmo que esta seja a narrativa predominante, muitas vezes a \u00fanica. Uma hist\u00f3ria que n\u00e3o deixa espa\u00e7o para os que ajudam os outros, para os que est\u00e3o comprometidos com uma realidade de partilha e reconstru\u00e7\u00e3o.<\/p>\n<div style=\"text-align: justify;\">\n<div class=\"article__embed article__embed--unwrap\">\n<figure><picture><img decoding=\"async\" class=\"loaded\" src=\"https:\/\/www.vaticannews.va\/content\/dam\/vaticannews\/agenzie\/images\/srv\/2021\/03\/05\/2021-03-05-viaggio-apostolico-in-iraq\/1614948927754.JPG\/_jcr_content\/renditions\/cq5dam.thumbnail.cropped.750.422.jpeg\" alt=\"Sauda\u00e7\u00f5es ao Papa no Iraque ao longo das ruas\" data-original=\"\/content\/dam\/vaticannews\/agenzie\/images\/srv\/2021\/03\/05\/2021-03-05-viaggio-apostolico-in-iraq\/1614948927754.JPG\/_jcr_content\/renditions\/cq5dam.thumbnail.cropped.750.422.jpeg\" data-was-processed=\"true\" \/><\/picture><\/figure>\n<div class=\"photo_embed--Title\">Sauda\u00e7\u00f5es ao Papa no Iraque ao longo das ruas<\/div>\n<\/div>\n<\/div>\n<p style=\"text-align: justify;\">A viagem do Papa lan\u00e7ou uma luz diferente sobre o pa\u00eds e, pela primeira vez em d\u00e9cadas, falou-se de modo positivo sobre o Iraque, de acolhida, de perspectivas, de futuro. Crist\u00e3os e mu\u00e7ulmanos entregaram a Francisco seus sofrimentos, mas tamb\u00e9m a pr\u00f3pria f\u00e9, a pr\u00f3pria for\u00e7a, o desejo de permanecer, fazendo renascer uma terra que no passado foi o ber\u00e7o de antigas civiliza\u00e7\u00f5es e um exemplo de coexist\u00eancia pac\u00edfica. Todos ouviram o que eles chamavam de &#8220;as grandes palavras&#8221; pronunciadas por um homem s\u00e1bio.<\/p>\n<p style=\"text-align: justify;\">Os crist\u00e3os se encontraram em ora\u00e7\u00e3o com o Sucessor de Pedro, tornando-se uma luz para o mundo inteiro. Um povo concreto, marcado por hist\u00f3rias de sofrimento indescrit\u00edvel, que procura superar o \u00f3dio e n\u00e3o aceita se tornar um reservat\u00f3rio de terror e fundamentalismo. O Papa trouxe um novo fermento, em uma realidade acostumada a ser descrita com cores escuras e mortais. Em Bagd\u00e1, onde muros e per\u00edmetros blindados protegem os fi\u00e9is nas igrejas e mesquitas, edif\u00edcios pouco habitados se alternam com pra\u00e7as iluminadas festivamente e bairros muito pobres, onde a arquitetura mostra a descontinuidade dos estilos e as destrui\u00e7\u00f5es dos combates.<\/p>\n<p style=\"text-align: justify;\">Francisco recordou os m\u00e1rtires, condenando todas as formas de fundamentalismo, abra\u00e7ou a comunidade crist\u00e3 e todas as pessoas que sofreram e continuam sofrendo. Apesar da pandemia, fam\u00edlias inteiras se reuniram atr\u00e1s dos ve\u00edculos blindados chamados a formar cord\u00f5es e separa\u00e7\u00f5es, nem que fosse para ver por um instante &#8220;o homem de paz&#8221; que veio de longe. Em Ur dos Caldeus, onde foi realizado o esperado encontro inter-religioso, o vento do deserto soprava entre as redes de prote\u00e7\u00e3o colocadas ao longo do trajeto que iniciava no aeroporto de Nassirya. Aqui, onde segundo a tradi\u00e7\u00e3o encontra-se a casa de Abra\u00e3o, atr\u00e1s de um dos maiores Zigurates do mundo, podia-se ver as estrelas do c\u00e9u em plena luz do dia, o firmamento que o Papa indicou como uma b\u00fassola, para caminhar sobre a terra, para construir caminhos de encontro, di\u00e1logo e paz.<\/p>\n<p style=\"text-align: justify;\">Os presentes falavam de um &#8220;encontro extraordin\u00e1rio, inimagin\u00e1vel&#8221;, dando gra\u00e7as a Deus em diferentes l\u00ednguas. Foi inesquec\u00edvel a alegria e a emo\u00e7\u00e3o da comunidade de Qaraqosh, onde a maioria dos habitantes s\u00e3o crist\u00e3os. O Papa ouviu as feridas e o testemunho de f\u00e9 daqueles que viram \u00cdsis mat\u00e1-los: filhos, esposas, irm\u00e3os. Ele ouviu pedirem perd\u00e3o para os assassinos. Aqui, nos rostos dos idosos e dos jovens, vestidos para a ocasi\u00e3o, corriam l\u00e1grimas quando o Papa dizia as palavras &#8220;Voc\u00eas n\u00e3o est\u00e3o sozinhos&#8221;. A sauda\u00e7\u00e3o de esperan\u00e7a do Iraque ao Papa tornou-se vis\u00edvel no grande est\u00e1dio de Erbil, no Curdist\u00e3o iraquiano, onde muitos iraquianos e s\u00edrios encontraram ref\u00fagio. Mais de 10 miil pessoas, vindas de todas as partes do pa\u00eds, rezaram com Francisco, esperando em recolhimento e sil\u00eancio, com uma nova esperan\u00e7a em seus cora\u00e7\u00f5es: que \u00e9 poss\u00edvel um Iraque diferente &#8230;<\/p>\n<\/div>\n","protected":false},"excerpt":{"rendered":"<p>Mosul. Entre os escombros uma menina olha para um militar com equipamentos de combate que a acaricia, a pega no colo e ela sorri \u00a0 (Vatican Media) A viagem do Papa ao Iraque deixou uma nova luz em uma terra devastada por uma guerra que dura dez anos, mostrando ao mundo a sede de paz [&hellip;]<\/p>\n","protected":false},"author":1,"featured_media":66489,"comment_status":"open","ping_status":"closed","sticky":false,"template":"","format":"standard","meta":{"footnotes":""},"categories":[3],"tags":[],"class_list":["post-66488","post","type-post","status-publish","format-standard","has-post-thumbnail","hentry","category-vaticano"],"_links":{"self":[{"href":"https:\/\/catolicanet.net\/wp-cnet\/wp-json\/wp\/v2\/posts\/66488","targetHints":{"allow":["GET"]}}],"collection":[{"href":"https:\/\/catolicanet.net\/wp-cnet\/wp-json\/wp\/v2\/posts"}],"about":[{"href":"https:\/\/catolicanet.net\/wp-cnet\/wp-json\/wp\/v2\/types\/post"}],"author":[{"embeddable":true,"href":"https:\/\/catolicanet.net\/wp-cnet\/wp-json\/wp\/v2\/users\/1"}],"replies":[{"embeddable":true,"href":"https:\/\/catolicanet.net\/wp-cnet\/wp-json\/wp\/v2\/comments?post=66488"}],"version-history":[{"count":1,"href":"https:\/\/catolicanet.net\/wp-cnet\/wp-json\/wp\/v2\/posts\/66488\/revisions"}],"predecessor-version":[{"id":66490,"href":"https:\/\/catolicanet.net\/wp-cnet\/wp-json\/wp\/v2\/posts\/66488\/revisions\/66490"}],"wp:featuredmedia":[{"embeddable":true,"href":"https:\/\/catolicanet.net\/wp-cnet\/wp-json\/wp\/v2\/media\/66489"}],"wp:attachment":[{"href":"https:\/\/catolicanet.net\/wp-cnet\/wp-json\/wp\/v2\/media?parent=66488"}],"wp:term":[{"taxonomy":"category","embeddable":true,"href":"https:\/\/catolicanet.net\/wp-cnet\/wp-json\/wp\/v2\/categories?post=66488"},{"taxonomy":"post_tag","embeddable":true,"href":"https:\/\/catolicanet.net\/wp-cnet\/wp-json\/wp\/v2\/tags?post=66488"}],"curies":[{"name":"wp","href":"https:\/\/api.w.org\/{rel}","templated":true}]}}