{"id":66450,"date":"2021-03-13T10:30:29","date_gmt":"2021-03-13T13:30:29","guid":{"rendered":"https:\/\/catolicanet.net\/wp-cnet\/?p=66450"},"modified":"2021-03-13T23:33:59","modified_gmt":"2021-03-14T02:33:59","slug":"oito-anos-com-o-papa-francisco-levar-a-alegria-do-evangelho-ao-mundo-inteiro","status":"publish","type":"post","link":"https:\/\/catolicanet.net\/wp-cnet\/oito-anos-com-o-papa-francisco-levar-a-alegria-do-evangelho-ao-mundo-inteiro\/","title":{"rendered":"Oito anos com o Papa Francisco: levar a alegria do Evangelho ao mundo inteiro"},"content":{"rendered":"<div class=\"article__subTitle\" style=\"text-align: justify;\">Em 13 de mar\u00e7o de 2013, o Cardeal Jorge M\u00e1rio Bergoglio foi eleito \u00e0 C\u00e1tedra de Pedro: primeiro Papa jesu\u00edta e americano e o primeiro com o nome de Francisco. Estes oito anos de Pontificado foram caracterizados por iniciativas e reformas, para envolver todos os crist\u00e3os em um novo impulso mission\u00e1rio, com o intuito de levar o amor de Jesus a toda a humanidade<\/div>\n<div class=\"title__separator\" style=\"text-align: justify;\"><\/div>\n<div class=\"article__text \">\n<p style=\"text-align: justify;\"><b>Vatican News<\/b><\/p>\n<p style=\"text-align: justify;\">\u201cProximidade, Assembleias Sinodais e impulso mission\u00e1rio\u201d: eis as bases fundamentais do Pontificado de Francisco, eleito h\u00e1 oito anos como Sucessor de Pedro.<\/p>\n<p style=\"text-align: justify;\">A perspectiva do seu Pontificado partiu de baixo, com uma maior aten\u00e7\u00e3o \u00e0s &#8220;periferias&#8221; existenciais e geogr\u00e1ficas do mundo, como ponto de partida do seu modo de ser e agir. Ao convidar os fi\u00e9is a retomar &#8220;o frescor original do Evangelho&#8221;, pediu-lhes um maior fervor e dinamismo, para que o amor de Jesus pudesse chegar realmente a todos. A Igreja que Bergoglio queria era uma Igreja \u201cem sa\u00edda\u201d, de portas abertas, um hospital de campanha, sem temer a \u201crevolu\u00e7\u00e3o da ternura e o milagre da delicadeza\u201d.<\/p>\n<div style=\"text-align: justify;\">\n<div class=\"article__embed article__embed--unwrap article__embed--dark\">\n<div class=\"article__innerTitle\">Ou\u00e7a e compartilhe!<\/div>\n<div>\n<!--[if lt IE 9]><script>document.createElement('audio');<\/script><![endif]-->\n<audio class=\"wp-audio-shortcode\" id=\"audio-66450-1\" preload=\"none\" style=\"width: 100%;\" controls=\"controls\"><source type=\"audio\/mpeg\" src=\"https:\/\/media.vaticannews.va\/media\/audio\/s1\/2021\/03\/13\/08\/135967260_F135967260.mp3?_=1\" \/><a href=\"https:\/\/media.vaticannews.va\/media\/audio\/s1\/2021\/03\/13\/08\/135967260_F135967260.mp3\">https:\/\/media.vaticannews.va\/media\/audio\/s1\/2021\/03\/13\/08\/135967260_F135967260.mp3<\/a><\/audio>\n<\/div>\n<\/div>\n<\/div>\n<h2 style=\"text-align: justify;\"><b>Novidades e a \u201cEvangelii gaudium\u201d, um texto program\u00e1tico do Pontificado<\/b><\/h2>\n<p style=\"text-align: justify;\">Jorge M\u00e1rio Bergoglio foi o primeiro Papa a escolher o nome de \u201cFrancisco&#8221;: primeiro Jesu\u00edta, de origens latino-americanas, mas tamb\u00e9m o primeiro Pont\u00edfice, dos tempos modernos, eleito ap\u00f3s a ren\u00fancia do seu antecessor. Francisco come\u00e7ou o seu Pontificado marcado pela novidade. A mais importante foi a de celebrar Missas di\u00e1rias na Casa Santa Marta, onde decidiu morar, ao inv\u00e9s da Resid\u00eancia Apost\u00f3lica. Esta foi mais uma novidade! Em suas breves homilias, pronunciadas com rigor e estilo de p\u00e1roco, buscou estabelecer um di\u00e1logo direto com os fi\u00e9is, exortando-os a um confronto imediato com a Palavra de Deus.<\/p>\n<p style=\"text-align: justify;\">No mesmo ano da sua elei\u00e7\u00e3o, Francisco surpreendeu a todos com a publica\u00e7\u00e3o de uma Exorta\u00e7\u00e3o apost\u00f3lica \u201c<i>Evangelii gaudium<\/i>\u201d: um verdadeiro \u201ctexto program\u00e1tico\u201d do seu primeiro Pontificado. No documento, o Papa exorta a uma \u201cnova Evangeliza\u00e7\u00e3o\u201d, caracterizada pela alegria, bem como \u00e0 reforma das estruturas eclesiais e \u00e0 convers\u00e3o do Papado, para que sejam mais mission\u00e1rias e pr\u00f3ximas do sentido desejado por Jesus. Ainda em\u00a0<b>2013<\/b>, o Papa instituiu um &#8220;Conselho de Cardeais&#8221; para estudar um projeto de revis\u00e3o da Constitui\u00e7\u00e3o Apost\u00f3lica &#8220;<i>Pastor bonus<\/i>&#8220;, sobre a C\u00faria Romana, que remonta ao ano de 1988.<\/p>\n<h2 style=\"text-align: justify;\"><b>A fam\u00edlia<\/b><\/h2>\n<p style=\"text-align: justify;\">A fam\u00edlia foi o foco central da pastoral do Papa Francisco, em\u00a0<b>2014<\/b>, \u00e0 qual dedicou um S\u00ednodo extraordin\u00e1rio. Para o Pont\u00edfice, a sociedade individualista contempor\u00e2nea agride duramente a fam\u00edlia, colocando em risco os direitos dos filhos e dos pais, sobretudo no \u00e2mbito da educa\u00e7\u00e3o moral e religiosa. O tema da fam\u00edlia teve seu \u00e1pice na Exorta\u00e7\u00e3o Apost\u00f3lica &#8220;<i>Amoris Laetitia<\/i>&#8220;, em 8 de abril de 2016, na qual Francisco destacou a import\u00e2ncia e a beleza da fam\u00edlia, com base no matrim\u00f4nio indissol\u00favel entre o homem e a mulher; o documento trata, com realismo, das fragilidades de algumas pessoas, que se divorciam e casam de novo, incentivando os pastores ao discernimento.<\/p>\n<p style=\"text-align: justify;\">Do ponto de vista das reformas, em 2014, foi muito significativa a institui\u00e7\u00e3o da Pontif\u00edcia Comiss\u00e3o para a Tutela dos Menores, que tem o objetivo de propor iniciativas ao Pont\u00edfice sobre \u201ca promo\u00e7\u00e3o e a responsabilidade das Igrejas particulares em rela\u00e7\u00e3o \u00e0 prote\u00e7\u00e3o de todos os menores e adultos vulner\u00e1veis\u201d.<\/p>\n<p style=\"text-align: justify;\">Sobre a a\u00e7\u00e3o diplom\u00e1tica, o ano de 2014 foi caracterizado por duas grandes iniciativas do Papa Francisco: primeiro, a &#8220;Invoca\u00e7\u00e3o pela Paz&#8221; na Terra Santa, em 8 de junho, nos Jardins do Vaticano, junto com os Presidentes de Israel, Shimon Peres, e o da Palestina, Mahmoud Abbas; segundo, o restabelecimento das rela\u00e7\u00f5es diplom\u00e1ticas entre Estados Unidos e Cuba.<\/p>\n<h2 style=\"text-align: justify;\"><b>Salvaguarda da Cria\u00e7\u00e3o<\/b><\/h2>\n<p style=\"text-align: justify;\">O ano\u00a0<b>2015\u00a0<\/b>foi dedicado \u00e0 \u201csalvaguarda da cria\u00e7\u00e3o\u201d: em 24 de maio, Francisco assinou a Enc\u00edclica &#8220;<i>Laudato s\u00ec<\/i>\u201d sobre o cuidado da nossa Casa Comum, cujo ponto central foi a ecologia integral, em que a preocupa\u00e7\u00e3o com a natureza, a equidade com os pobres e o compromisso da sociedade s\u00e3o insepar\u00e1veis. Por isso, o Pont\u00edfice instituiu o \u201cDia Mundial de Ora\u00e7\u00e3o pelo Cuidado da Cria\u00e7\u00e3o\u201d, de cunho ecum\u00eanico, que se celebra, todos os anos, no dia 1\u00b0 de setembro.<\/p>\n<p style=\"text-align: justify;\">No entanto, em rela\u00e7\u00e3o \u00e0s reformas, continuam os trabalhos para a nova Constitui\u00e7\u00e3o Apost\u00f3lica sobre a C\u00faria Romana, cujo esbo\u00e7o provis\u00f3rio foi intitulado &#8220;Pregai o Evangelho&#8221;. N\u00e3o obstante, explodiu o caso &#8220;<i>Vatileaks 2<\/i>&#8220;, sobre o vazamento de documentos reservados da Santa S\u00e9: \u201cUm ato deplor\u00e1vel\u201d, &#8211; definiu o Papa na ora\u00e7\u00e3o do Angelus de 8 de novembro, &#8211; porque \u201croubar documentos \u00e9 um crime\u201d. Depois de um regular julgamento no Tribunal do Vaticano, o caso foi encerrado, em julho de 2016, com duas condena\u00e7\u00f5es e duas absolvi\u00e7\u00f5es.<\/p>\n<h2 style=\"text-align: justify;\"><b>Jubileu Extraordin\u00e1rio da Miseric\u00f3rdia<\/b><\/h2>\n<p style=\"text-align: justify;\">O fio condutor do Pontificado de Francisco, em\u00a0<b>2016<\/b>, foi, sem d\u00favida, a \u201cmiseric\u00f3rdia\u201d. Naquele ano, foi proclamado o \u201cJubileu extraordin\u00e1rio da Miseric\u00f3rdia\u201d sobre o tema &#8220;Misericordiosos como o Pai&#8221;. A preocupa\u00e7\u00e3o com os \u00faltimos se concretizou com as \u201cSextas-feiras da Miseric\u00f3rdia\u201d, com visitas privadas que o Pont\u00edfice fez \u00e0s estruturas dedicadas ao acolhimento dos pobres, dos enfermos, dos marginalizados. Foi um Jubileu de ampla extens\u00e3o, que deu a possibilidade de abrir uma \u201cPorta Santa\u201d em todas as igrejas do mundo. Antes de abrir a Porta da Bas\u00edlica Vaticana, o Papa Francisco abriu outra, muito simb\u00f3lica: a Porta da Catedral de Bangui, na Rep\u00fablica Centro-Africana, durante a sua Viagem Apost\u00f3lica, em novembro de 2015.<\/p>\n<p style=\"text-align: justify;\">Em 2016, aconteceu um evento in\u00e9dito: em 12 de fevereiro, o Pont\u00edfice encontrou-se em Cuba com o Patriarca de Moscou e de toda a R\u00fassia, Kirill. Ambos os l\u00edderes religiosos assinaram uma Declara\u00e7\u00e3o conjunta, com a qual se comprometeram em responder aos desafios do mundo contempor\u00e2neo, inclusive o fim da persegui\u00e7\u00e3o dos crist\u00e3os e das guerras, promover o di\u00e1logo inter-religioso, ajudar os migrantes e refugiados e proteger a vida e a fam\u00edlia.<\/p>\n<h2 style=\"text-align: justify;\"><b>Dia Mundial dos Pobres<\/b><\/h2>\n<p style=\"text-align: justify;\">O ano\u00a0<b>2017\u00a0<\/b>tamb\u00e9m foi marcado por importante evento, que faz parte integrante da diplomacia de paz do Papa Francisco: em 20 de setembro de 2017, na sede das Na\u00e7\u00f5es Unidas, em Nova York, a Santa S\u00e9 foi um dos primeiros pa\u00edses a assinar e ratificar o &#8220;Tratado sobre proibi\u00e7\u00e3o das Armas nucleares&#8221;. E, em \u00e2mbito pastoral, aquele ano foi caracterizado pela celebra\u00e7\u00e3o do primeiro \u201cDia Mundial dos Pobres\u201d: um acontecimento que deveria ser \u2013 segundo o Papa &#8211; uma advert\u00eancia de que \u201ca presen\u00e7a de Jesus se manifesta\u201d sobretudo nos pobres: \u201celes abrem o caminho para o c\u00e9u e s\u00e3o o nosso passaporte para o c\u00e9u&#8221;.<\/p>\n<h2 style=\"text-align: justify;\"><b>Acordo com a China<\/b><\/h2>\n<p style=\"text-align: justify;\">Em\u00a0<b>2018<\/b>, dois acontecimentos marcaram o Pontificado de Francisco: em n\u00edvel pastoral, o \u201cS\u00ednodo sobre os Jovens\u201d representou um momento de reflex\u00e3o eclesial. O Pont\u00edfice pediu aos jovens para &#8220;escutar, serem pr\u00f3ximos e testemunhar&#8221;, porque &#8220;a f\u00e9 \u00e9 uma quest\u00e3o de encontro, n\u00e3o uma teoria&#8221;. Este apelo tornou-se bem mais forte com a Exorta\u00e7\u00e3o apost\u00f3lica p\u00f3s-sinodal &#8220;<i>Christus vivit<\/i>&#8220;, em 2019. &#8220;Agora voc\u00eas s\u00e3o de Deus&#8221;, escreveu Francisco no documento, pedindo aos jovens para enfrentar os desafios do mundo contempor\u00e2neo e dedicar mais aten\u00e7\u00e3o aos \u00faltimos.<\/p>\n<p style=\"text-align: justify;\">Em 2018, em campo diplom\u00e1tico, deu-se o Acordo Provis\u00f3rio entre a Santa S\u00e9 e a Rep\u00fablica Popular da China, assinado em Pequim, em 22 de setembro, sobre a nomea\u00e7\u00e3o dos Bispos. Em 2020, o acordo foi renovado por dois anos.<\/p>\n<h2 style=\"text-align: justify;\"><b>Luta contra os abusos<\/b><\/h2>\n<p style=\"text-align: justify;\">O ano de\u00a0<b>2018\u00a0<\/b>contou com uma p\u00e1gina muito amarga para a Igreja Cat\u00f3lica: os abusos cometidos por alguns membros do clero, como o caso concernente ao Cardeal George Pell, julgado na Austr\u00e1lia e absolvido ap\u00f3s 13 meses, passados injustamente \u200b\u200bna pris\u00e3o; o do ex-sacerdote chileno, Ferdinando Karadima, que depois foi destitu\u00eddo por Francisco do estado clerical; enfim, a publica\u00e7\u00e3o do &#8220;Relat\u00f3rio da Pensilv\u00e2nia&#8221;, nos Estados Unidos, sobre a import\u00e2ncia de combater este crime, por determina\u00e7\u00e3o do Pont\u00edfice.<\/p>\n<p style=\"text-align: justify;\">Em agosto, ao t\u00e9rmino da sua Viagem Apost\u00f3lica \u00e0 Irlanda, Francisco presidiu a um comovente &#8220;Ato Penitencial&#8221;, durante o qual pediu perd\u00e3o por este crime, em nome da Igreja. No mesmo per\u00edodo, a m\u00eddia divulgou o &#8220;Caso McCarrick&#8221;, o ex Cardeal respons\u00e1vel por abusos sexuais de menores, exonerado do estado clerical, em 2019. Sobre este fato, a Santa S\u00e9 publicou um &#8220;Relat\u00f3rio&#8221; especial, elaborado pelo Cardeal Secret\u00e1rio de Estado, a pedido do Papa, em 10 de novembro de 2020. A luta contra os abusos continuou, em 2019, com um Encontro de C\u00fapula, no Vaticano, sobre a tutela dos menores, do qual nasceu o Motu pr\u00f3prio &#8220;<i>Vos estis lux mundi<\/i>&#8220;, que obrigava os cl\u00e9rigos e religiosos a denunciar os abusos: cada diocese devia ter um sistema, que fosse facilmente acess\u00edvel ao p\u00fablico, para acolher as den\u00fancias. Al\u00e9m do mais, em dezembro, com um Rescrito, o Papa aboliu o Segredo pontif\u00edcio para os casos de abuso sexual.<\/p>\n<h2 style=\"text-align: justify;\"><b>Fraternidade, paz e unidade dos Crist\u00e3os<\/b><\/h2>\n<p style=\"text-align: justify;\">Em\u00a0<b>2019<\/b>, aconteceram tr\u00eas grandes eventos: primeiro, a assinatura do documento &#8220;Fraternidade Humana pela Paz Mundial e a Conviv\u00eancia Comum&#8221;, assinado pelo Papa Francisco e pelo Gr\u00e3o Imame de Al-Azhar, Ahamad al-Tayyeb, em Abu Dhabi, em 4 de fevereiro. O documento, um marco nas rela\u00e7\u00f5es entre o Cristianismo e o Islamismo, encorajava o fortalecimento do di\u00e1logo inter-religioso, promovia o respeito m\u00fatuo e condenava o terrorismo e a viol\u00eancia.<\/p>\n<p style=\"text-align: justify;\">O segundo evento foi a realiza\u00e7\u00e3o de um Retiro espiritual, no Vaticano, para os l\u00edderes civis e eclesi\u00e1sticos do Sul do Sud\u00e3o. O encontro espiritual deu-se em abril e concluiu-se com um ato impressionante: Francisco ajoelhou-se e beijou os p\u00e9s do Presidente da Rep\u00fablica do Sud\u00e3o do Sul, Salva Kiir Mayardit, e dos vice-Presidentes presentes, para &#8220;implorar o fim definitivo da guerra&#8221; no jovem pa\u00eds africano.<\/p>\n<p style=\"text-align: justify;\">Enfim, o terceiro e \u00faltimo evento, foi em vista da rela\u00e7\u00e3o da unidade dos Crist\u00e3os: no dia 29 de junho, Francisco doou alguns fragmentos das rel\u00edquias de S\u00e3o Pedro a uma delega\u00e7\u00e3o do Patriarcado Ecum\u00eanico de Constantinopla. Em uma Carta ao Patriarca Bartolomeu, o Santo Padre escreveu: \u201cEsta doa\u00e7\u00e3o representa uma ulterior confirma\u00e7\u00e3o do caminho das nossas Igrejas rumo \u00e0 unidade\u201d.<\/p>\n<h2 style=\"text-align: justify;\"><b>Reformas econ\u00f4micas e financeiras<\/b><\/h2>\n<p style=\"text-align: justify;\">Em agosto de\u00a0<b>2019<\/b>, no \u00e2mbito das reformas, o Pont\u00edfice renovou, com um quir\u00f3grafo, o Estatuto do IOR, nomeando um Revisor externo para controlar as contas do Banco Vaticano. Esta decis\u00e3o deu origem, em fins do ano 2020, a um novo Estatuto da Autoridade de Informa\u00e7\u00e3o Financeira, chamada Autoridade de Supervis\u00e3o e Informa\u00e7\u00e3o Financeira (Asif), como tamb\u00e9m ao\u00a0<i>Motu proprio<\/i>\u00a0&#8220;Sobre determinadas compet\u00eancias em mat\u00e9ria econ\u00f4mica e financeira\u201d, com o qual transferia \u00e0 APSA a gest\u00e3o dos fundos e bens da Secretaria de Estado, inclusive o \u00d3bolo de S\u00e3o Pedro, a fim de refor\u00e7ar o controle da Secretaria para a Economia.<\/p>\n<h2 style=\"text-align: justify;\"><b>Ora\u00e7\u00e3o em plena pandemia<\/b><\/h2>\n<p style=\"text-align: justify;\">Em\u00a0<b>2020<\/b>, o ano da pandemia do Covid-19, o Papa Francisco permaneceu ao lado dos fi\u00e9is mediante o poder da ora\u00e7\u00e3o constante. Permaneceu impressa, na mem\u00f3ria do mundo inteiro, a &#8220;<i>Statio Orbis<\/i>&#8220;, que o Pont\u00edfice presidiu sozinho, dia 27 de mar\u00e7o, diante da Bas\u00edlica Vaticana, em uma Pra\u00e7a S\u00e3o Pedro deserta e chuvosa.<\/p>\n<p style=\"text-align: justify;\">A tecnologia tamb\u00e9m ajudou a encurtar as dist\u00e2ncias necess\u00e1rias para conter os cont\u00e1gios: neste per\u00edodo de pandemia, a Audi\u00eancia Geral e a ora\u00e7\u00e3o do Angelus s\u00e3o transmitidas ao vivo por \u00e1udio-v\u00eddeos, como as Missas matutinas na Casa Santa Marta.<\/p>\n<p style=\"text-align: justify;\">Em fevereiro, foi publicada a quinta Exorta\u00e7\u00e3o Apost\u00f3lica intitulada &#8220;Querida Amaz\u00f4nia&#8221;, que re\u00fane os frutos do S\u00ednodo Especial para a Regi\u00e3o Pan-Amaz\u00f4nica, realizado no Vaticano, em 2019; em outubro, foi a vez da terceira Enc\u00edclica, &#8220;Todos Irm\u00e3os&#8221;, que, mas pegadas salientes deste Pontificado, apela \u00e0 fraternidade e \u00e0 amizade social e reitera o \u201cn\u00e3o\u201d decisivo \u00e0s guerras, para a constru\u00e7\u00e3o de um mundo melhor, com o esfor\u00e7o de todos.<\/p>\n<h2 style=\"text-align: justify;\"><b>Viagens Apost\u00f3licas com aten\u00e7\u00e3o especial \u00e0s periferias<\/b><\/h2>\n<p style=\"text-align: justify;\">O ano de 2020 concluiu-se com o an\u00fancio da hist\u00f3rica Viagem Apost\u00f3lica ao Iraque, que se realizou no fim da semana passada: pela primeira vez, um Sucessor de Pedro visita aquele pa\u00eds. Assim, ap\u00f3s 15 meses de pandemia, Francisco retoma sua miss\u00e3o de levar a luz e a beleza do Evangelho ao mundo, voltando sempre seu olhar \u00e0s periferias, onde a &#8220;fraternidade e a esperan\u00e7a&#8221; s\u00e3o urgentes.<\/p>\n<p style=\"text-align: justify;\">Por outro lado, a sua primeira Viagem como Pont\u00edfice deu-se em 8 de julho de 2013, com uma visita \u00e0 Ilha de Lampedusa, porto de desembarques desesperados. Ali, o Papa acendeu os refletores globais sobre o drama da migra\u00e7\u00e3o, um tema importante do seu Pontificado. O Santo Padre recorda sempre que \u201cos migrantes s\u00e3o, antes de tudo, pessoas, n\u00e3o apenas n\u00fameros ou quest\u00f5es sociais\u201d, mas n\u00e3o o faz apenas com palavras, mas tamb\u00e9m com gestos concretos. Em abril de 2016, ao voltar de uma visita ao campo de refugiados em Lesvos, na Gr\u00e9cia, o Papa trouxe consigo, no voo de retorno, 12 refugiados s\u00edrios, para que recebessem assist\u00eancia e acolhida em Roma.<\/p>\n<h2 style=\"text-align: justify;\"><b>Dados estat\u00edsticos<\/b><\/h2>\n<p style=\"text-align: justify;\">At\u00e9 agora, Francisco fez 25 viagens na It\u00e1lia e 33 internacionais. Os dados do seu Pontificado confirmam mais de 340 audi\u00eancias gerais, mais de 450 ora\u00e7\u00f5es do Angelus ou Regina Coeli, quase 790 homilias na Casa Santa Marta e proclamou cerca de 900 novos Santos, inclusive os 800 m\u00e1rtires de Otranto. O Papa presidiu a 7 Consist\u00f3rios, com a cria\u00e7\u00e3o de 101 Cardeais, e convocou v\u00e1rios Anos especiais, como os dedicados \u00e0 Vida Consagrada (2015-2016), \u00e0 figura de S\u00e3o Jos\u00e9 (2020-2021) e \u00e0 Fam\u00edlia \u201cAmoris Laetitia\u201d (2021-2022).<\/p>\n<p style=\"text-align: justify;\">Francisco instituiu tamb\u00e9m diversas Jornadas: a \u00faltima, em ordem cronol\u00f3gica, o Dia Mundial dos Av\u00f3s e dos Idosos, que ser\u00e1 celebrado, pela primeira vez, em julho de 2021, por ocasi\u00e3o da festa dos Santos Joaquim e Ana, \u201cAv\u00f3s\u201d de Jesus.<\/p>\n<\/div>\n","protected":false},"excerpt":{"rendered":"<p>Em 13 de mar\u00e7o de 2013, o Cardeal Jorge M\u00e1rio Bergoglio foi eleito \u00e0 C\u00e1tedra de Pedro: primeiro Papa jesu\u00edta e americano e o primeiro com o nome de Francisco. Estes oito anos de Pontificado foram caracterizados por iniciativas e reformas, para envolver todos os crist\u00e3os em um novo impulso mission\u00e1rio, com o intuito de [&hellip;]<\/p>\n","protected":false},"author":1,"featured_media":66451,"comment_status":"open","ping_status":"closed","sticky":false,"template":"","format":"standard","meta":{"footnotes":""},"categories":[13,3],"tags":[],"class_list":["post-66450","post","type-post","status-publish","format-standard","has-post-thumbnail","hentry","category-featured","category-vaticano"],"_links":{"self":[{"href":"https:\/\/catolicanet.net\/wp-cnet\/wp-json\/wp\/v2\/posts\/66450","targetHints":{"allow":["GET"]}}],"collection":[{"href":"https:\/\/catolicanet.net\/wp-cnet\/wp-json\/wp\/v2\/posts"}],"about":[{"href":"https:\/\/catolicanet.net\/wp-cnet\/wp-json\/wp\/v2\/types\/post"}],"author":[{"embeddable":true,"href":"https:\/\/catolicanet.net\/wp-cnet\/wp-json\/wp\/v2\/users\/1"}],"replies":[{"embeddable":true,"href":"https:\/\/catolicanet.net\/wp-cnet\/wp-json\/wp\/v2\/comments?post=66450"}],"version-history":[{"count":1,"href":"https:\/\/catolicanet.net\/wp-cnet\/wp-json\/wp\/v2\/posts\/66450\/revisions"}],"predecessor-version":[{"id":66452,"href":"https:\/\/catolicanet.net\/wp-cnet\/wp-json\/wp\/v2\/posts\/66450\/revisions\/66452"}],"wp:featuredmedia":[{"embeddable":true,"href":"https:\/\/catolicanet.net\/wp-cnet\/wp-json\/wp\/v2\/media\/66451"}],"wp:attachment":[{"href":"https:\/\/catolicanet.net\/wp-cnet\/wp-json\/wp\/v2\/media?parent=66450"}],"wp:term":[{"taxonomy":"category","embeddable":true,"href":"https:\/\/catolicanet.net\/wp-cnet\/wp-json\/wp\/v2\/categories?post=66450"},{"taxonomy":"post_tag","embeddable":true,"href":"https:\/\/catolicanet.net\/wp-cnet\/wp-json\/wp\/v2\/tags?post=66450"}],"curies":[{"name":"wp","href":"https:\/\/api.w.org\/{rel}","templated":true}]}}