{"id":66440,"date":"2021-03-13T10:22:44","date_gmt":"2021-03-13T13:22:44","guid":{"rendered":"https:\/\/catolicanet.net\/wp-cnet\/?p=66440"},"modified":"2021-03-13T23:23:39","modified_gmt":"2021-03-14T02:23:39","slug":"exultai-de-alegria","status":"publish","type":"post","link":"https:\/\/catolicanet.net\/wp-cnet\/exultai-de-alegria\/","title":{"rendered":"Exultai de alegria"},"content":{"rendered":"<p style=\"text-align: justify;\">\u00a0\u00a0\u00a0\u00a0\u00a0\u00a0\u00a0\u00a0\u00a0\u00a0 Estamos no IV Domingo da Quaresma, chamado de Domingo \u201c<em>Laetare<\/em>\u201d. \u201c<em>Laetare<\/em>\u201d: alegra-te, em latim. Na ant\u00edfona de entrada do Missal Romano, est\u00e1 escrito, para a Missa deste hoje: \u201cAlegra-te, Jerusal\u00e9m! Reuni-vos, v\u00f3s todos que a amais; v\u00f3s, que estais tristes, exultai de alegria! Saciai-vos com a abund\u00e2ncia de suas consola\u00e7\u00f5es\u201d. S\u00e3o palavras do Profeta Isa\u00edas, no cap\u00edtulo 66. Ap\u00f3s termos vivido na sexta e no s\u00e1bado as 24 horas para o Senhor, e aproximando-nos da P\u00e1scoa, \u00e9 muito oportuno este convite \u00e0 alegria a esta altura da Quaresma.<\/p>\n<p style=\"text-align: justify;\">J\u00e1 passamos a metade da quaresma, estamos a meio caminho para a celebra\u00e7\u00e3o da Ressurrei\u00e7\u00e3o do Senhor: a Igreja nos convida \u00e0 alegria pela aproxima\u00e7\u00e3o da Santa P\u00e1scoa. Da\u00ed hoje a cor r\u00f3sea e as flores na Igreja. \u201cAlegra-te, Jerusal\u00e9m!\u201d \u2013 Jerusal\u00e9m \u00e9 a Igreja, \u00e9 o Povo santo de Deus, o novo Israel, \u00e9 cada um de n\u00f3s. Alegremo-nos, apesar das tristezas da vida, apesar da consci\u00eancia dos nossos pecados! Alegremo-nos, porque a miseric\u00f3rdia do Senhor \u00e9 maior que nossa mis\u00e9ria humana!<\/p>\n<p style=\"text-align: justify;\">A primeira leitura (cf. 2Cr 36,14-16.19-23) \u2013 mostra que o resumo que o Livro das Cr\u00f4nicas tra\u00e7ou da hist\u00f3ria de Israel: \u201cTodos os chefes dos sacerdotes e o povo multiplicaram suas infidelidades, imitando as pr\u00e1ticas abomin\u00e1veis das na\u00e7\u00f5es pag\u00e3s. O Senhor Deus dirigia-lhes a palavra por meio de seus mensageiros, porque tinha compaix\u00e3o do seu povo. Mas, eles zombavam dos enviados de Deus, at\u00e9 que o furor do Senhor se levantou contra o seu povo e n\u00e3o teve mais jeito\u201d (2Cr 36,14-16). Com estas palavras dram\u00e1ticas, o autor sagrado nos explica o motivo do terr\u00edvel e doloroso ex\u00edlio da Babil\u00f4nia: Israel fez pouco de Deus, virou-lhe as costas; por isso mesmo, foi expulso do aconchego do Senhor na Terra que lhe fora prometida, perdeu a liberdade, o Templo, a Cidade Santa, e tornou-se escravo no ex\u00edlio de Babil\u00f4nia. Aqui aparece toda a gravidade do pecado e suas consequ\u00eancias: o ex\u00edlio do cora\u00e7\u00e3o, a escravid\u00e3o da vida!<\/p>\n<p style=\"text-align: justify;\">A Escritura Sagrada nos ensina que Deus nunca faz pouco do nosso pecado, nunca passa a m\u00e3o na nossa cabe\u00e7a, jamais faz de conta que n\u00e3o pecamos! Porque realmente nos ama, nos leva a s\u00e9rio, faz conta de n\u00f3s! Ora, o pecado, afastando-nos de Deus, nos desfigura e nos faz perder o rumo e o sentido da exist\u00eancia. Por isso mesmo, causa a ira de Deus! Pois bem, o Senhor levou, ent\u00e3o, seu povo para o terr\u00edvel deserto do ex\u00edlio para corrigi-lo e faz\u00ea-lo voltar de todo o cora\u00e7\u00e3o para Aquele que \u00e9 seu \u00fanico bem, sua verdadeira riqueza \u2013 aquele que \u00e9 o seu Deus! \u00c9 por miseric\u00f3rdia que ele corrige Israel, por miseric\u00f3rdia que nos corrige: \u201cPois o Senhor n\u00e3o rejeita para sempre: se ele aflige, ele se compadece, segundo sua grande bondade. Pois n\u00e3o \u00e9 de bom grado que ele humilha e que aflige os filhos do homem\u201d (Lm 3,31-33). Deus \u00e9 amor e miseric\u00f3rdia. A leitura do Livro das Cr\u00f4nicas nos mostrou que, uma vez Israel convertido, corrigido, o Senhor f\u00e1-lo voltar para a terra prometida. Sim, efetivamente, \u201cn\u00e3o \u00e9 de bom grado que ele humilha e que aflige os filhos do homem\u201d.<\/p>\n<p style=\"text-align: justify;\">A segunda leitura (cf. Ef 2,4-10) \u2013 est\u00e1 fortemente marcada por uma constata\u00e7\u00e3o que refor\u00e7a o racioc\u00ednio dos textos anteriores: \u00e9 pela gra\u00e7a de Deus que somos salvos, n\u00e3o pelas obras. Estas s\u00e3o tamb\u00e9m fruto do des\u00edgnio divino que nos arranca da morte para vivermos a uni\u00e3o com Cristo. Assim, a alegria deste domingo quaresmal configura-se como verdadeira bem-aventuran\u00e7a, pois \u00e9 resultado do agir de Deus que nos faz participantes da vida do seu Filho pela f\u00e9.<\/p>\n<p style=\"text-align: justify;\">\u00a0\u00a0\u00a0\u00a0\u00a0\u00a0\u00a0\u00a0\u00a0 O Evangelho (cf. Jo 3, 14-21) nos apresenta a conclus\u00e3o do di\u00e1logo de Jesus com Nicodemos: \u201cComo Mois\u00e9s levantou a serpente no deserto, assim \u00e9 necess\u00e1rio que o Filho do Homem seja levantado, para que todos os que nele crerem tenham a vida eterna. Pois Deus amou tanto o mundo que entregou o seu Filho \u00fanico, para que n\u00e3o morra todo o que nele crer, mas tenha a vida eterna\u201d (Jo 3, 14-16). No deserto, os hebreus olhavam a serpente levantada por Mois\u00e9s como sinal de cura e liberta\u00e7\u00e3o. Faz lembrar a cruz onde foi levantado o Filho do Homem. Da Cruz de Jesus brota a vida e a salva\u00e7\u00e3o para todos. Ao olhar com f\u00e9 para esse sinal, ficamos curados.<\/p>\n<p style=\"text-align: justify;\">\u00a0\u00a0\u00a0\u00a0\u00a0\u00a0\u00a0\u00a0\u00a0\u00a0 Neste tempo de convers\u00e3o, que \u00e9 a Quaresma, meditemos na Cruz, na alegria da Cruz! \u00c9 sempre o mesmo j\u00fabilo de estar com Cristo: \u201cSomente d\u2019Ele \u00e9 que cada um de n\u00f3s pode dizer com plena verdade, juntamente com S. Paulo: \u201cEle me amou e se entregou por mim\u201d (Gl 2,20). O tempo da Quaresma que conduz \u00e0 Paix\u00e3o \u2013 e portanto \u00e0 dor \u2013, compreendemos que aproximar-se da Cruz significa tamb\u00e9m aproximar-se do momento da Reden\u00e7\u00e3o, e por isso a Igreja e cada um dos seus filhos se enchem de alegria.<\/p>\n","protected":false},"excerpt":{"rendered":"<p>\u00a0\u00a0\u00a0\u00a0\u00a0\u00a0\u00a0\u00a0\u00a0\u00a0 Estamos no IV Domingo da Quaresma, chamado de Domingo \u201cLaetare\u201d. \u201cLaetare\u201d: alegra-te, em latim. Na ant\u00edfona de entrada do Missal Romano, est\u00e1 escrito, para a Missa deste hoje: \u201cAlegra-te, Jerusal\u00e9m! Reuni-vos, v\u00f3s todos que a amais; v\u00f3s, que estais tristes, exultai de alegria! Saciai-vos com a abund\u00e2ncia de suas consola\u00e7\u00f5es\u201d. S\u00e3o palavras do Profeta [&hellip;]<\/p>\n","protected":false},"author":5,"featured_media":55819,"comment_status":"open","ping_status":"closed","sticky":false,"template":"","format":"standard","meta":{"footnotes":""},"categories":[9],"tags":[],"class_list":["post-66440","post","type-post","status-publish","format-standard","has-post-thumbnail","hentry","category-artigos"],"_links":{"self":[{"href":"https:\/\/catolicanet.net\/wp-cnet\/wp-json\/wp\/v2\/posts\/66440","targetHints":{"allow":["GET"]}}],"collection":[{"href":"https:\/\/catolicanet.net\/wp-cnet\/wp-json\/wp\/v2\/posts"}],"about":[{"href":"https:\/\/catolicanet.net\/wp-cnet\/wp-json\/wp\/v2\/types\/post"}],"author":[{"embeddable":true,"href":"https:\/\/catolicanet.net\/wp-cnet\/wp-json\/wp\/v2\/users\/5"}],"replies":[{"embeddable":true,"href":"https:\/\/catolicanet.net\/wp-cnet\/wp-json\/wp\/v2\/comments?post=66440"}],"version-history":[{"count":1,"href":"https:\/\/catolicanet.net\/wp-cnet\/wp-json\/wp\/v2\/posts\/66440\/revisions"}],"predecessor-version":[{"id":66441,"href":"https:\/\/catolicanet.net\/wp-cnet\/wp-json\/wp\/v2\/posts\/66440\/revisions\/66441"}],"wp:featuredmedia":[{"embeddable":true,"href":"https:\/\/catolicanet.net\/wp-cnet\/wp-json\/wp\/v2\/media\/55819"}],"wp:attachment":[{"href":"https:\/\/catolicanet.net\/wp-cnet\/wp-json\/wp\/v2\/media?parent=66440"}],"wp:term":[{"taxonomy":"category","embeddable":true,"href":"https:\/\/catolicanet.net\/wp-cnet\/wp-json\/wp\/v2\/categories?post=66440"},{"taxonomy":"post_tag","embeddable":true,"href":"https:\/\/catolicanet.net\/wp-cnet\/wp-json\/wp\/v2\/tags?post=66440"}],"curies":[{"name":"wp","href":"https:\/\/api.w.org\/{rel}","templated":true}]}}