{"id":66395,"date":"2021-03-10T10:53:25","date_gmt":"2021-03-10T13:53:25","guid":{"rendered":"https:\/\/catolicanet.net\/wp-cnet\/?p=66395"},"modified":"2021-03-10T12:54:20","modified_gmt":"2021-03-10T15:54:20","slug":"nossa-senhora-chegou-a-marte","status":"publish","type":"post","link":"https:\/\/catolicanet.net\/wp-cnet\/nossa-senhora-chegou-a-marte\/","title":{"rendered":"Nossa Senhora chegou a Marte!"},"content":{"rendered":"<h2 class=\"subtitle\" style=\"text-align: justify;\">Expedi\u00e7\u00e3o da NASA levou o nome de Nossa Senhora das Flores ao planeta vermelho<\/h2>\n<p style=\"text-align: justify;\">No dia 18 de fevereiro de 2021, o rob\u00f4 Perseverance, da expedi\u00e7\u00e3o \u201cMars 2020\u201d, chegou a Marte para fazer estudos. Ele carregou 150 mil placas com diferentes nomes comuns na Terra. Os nomes, de fato, foram selecionados pela NASA depois de um concurso com sugest\u00f5es aberto ao p\u00fablico.Entre as sugest\u00f5es, estava a de Francisco Fern\u00e1ndez, um sargento da Aeron\u00e1utica da Espanha que mora em Barcelona, mas leva a sua cidade Natal \u00c1lora (uma localidade da prov\u00edncia de M\u00e1laga) e sua padroeira no cora\u00e7\u00e3o.<\/p>\n<p style=\"text-align: justify;\">\u201cO objetivo \u00e9 que, quando o rob\u00f4 deixar de funcionar, em seu interior estejam esse nomes, caso algu\u00e9m encontre a m\u00e1quina ou caso os humanos acabem se instalando em Marte\u201d, explicou Fernandes a\u00a0<a href=\"https:\/\/www.diariosur.es\/interior\/patrona-alora-viajara-20200203212432-nt.html\" target=\"_blank\" rel=\"noopener\">um site<\/a>.<\/p>\n<h3 style=\"text-align: justify;\"><strong>Nossa Senhora das Flores\u00a0<\/strong><\/h3>\n<p style=\"text-align: justify;\">Quando soube do concurso, Fern\u00e1ndez fez quest\u00e3o de sugerir o nome de Nossa Senhora das Flores, uma devo\u00e7\u00e3o mariana comum em \u00c1lora.<\/p>\n<p style=\"text-align: justify;\">Ele n\u00e3o comentou isso com ningu\u00e9m, at\u00e9 que a sua sugest\u00e3o fosse aceita pela NASA. A ag\u00eancia, inclusive, o enviou uma esp\u00e9cie de cart\u00e3o de embarque para a Virgem de \u00c1lora.<\/p>\n<p style=\"text-align: justify;\">\u201cN\u00e3o deixa de ser emocionante saber que daqui a anos o nome de Maria estar\u00e1 l\u00e1, no espa\u00e7o, entre o vales e desertos de Marte\u201d, comentou Fern\u00e1ndez.<\/p>\n<h3 style=\"text-align: justify;\">A devo\u00e7\u00e3o<\/h3>\n<div class=\"nativo-inread\" style=\"text-align: justify;\"><\/div>\n<p style=\"text-align: justify;\">A devo\u00e7\u00e3o a Nossa Senhora das Flores come\u00e7ou em \u00c1lora no s\u00e9culo XV, depois da conquista de Granada pelos reis cat\u00f3licos e a rendi\u00e7\u00e3o da localidade. A rainha Isabel mandou construir uma capela e, em 1502, entronizou a imagem desta devo\u00e7\u00e3o mariana.<\/p>\n<p style=\"text-align: justify;\">A capela se transformou em santu\u00e1rio da Virgem. A festa de Nossa Senhora das Flores acontece em 8 de setembro. Neste ano, certamente a celebra\u00e7\u00e3o chegar\u00e1 at\u00e9 Marte!<\/p>\n","protected":false},"excerpt":{"rendered":"<p>Expedi\u00e7\u00e3o da NASA levou o nome de Nossa Senhora das Flores ao planeta vermelho No dia 18 de fevereiro de 2021, o rob\u00f4 Perseverance, da expedi\u00e7\u00e3o \u201cMars 2020\u201d, chegou a Marte para fazer estudos. Ele carregou 150 mil placas com diferentes nomes comuns na Terra. Os nomes, de fato, foram selecionados pela NASA depois de [&hellip;]<\/p>\n","protected":false},"author":1,"featured_media":66396,"comment_status":"open","ping_status":"closed","sticky":false,"template":"","format":"standard","meta":{"footnotes":""},"categories":[4,13],"tags":[],"class_list":["post-66395","post","type-post","status-publish","format-standard","has-post-thumbnail","hentry","category-cotidiano","category-featured"],"_links":{"self":[{"href":"https:\/\/catolicanet.net\/wp-cnet\/wp-json\/wp\/v2\/posts\/66395","targetHints":{"allow":["GET"]}}],"collection":[{"href":"https:\/\/catolicanet.net\/wp-cnet\/wp-json\/wp\/v2\/posts"}],"about":[{"href":"https:\/\/catolicanet.net\/wp-cnet\/wp-json\/wp\/v2\/types\/post"}],"author":[{"embeddable":true,"href":"https:\/\/catolicanet.net\/wp-cnet\/wp-json\/wp\/v2\/users\/1"}],"replies":[{"embeddable":true,"href":"https:\/\/catolicanet.net\/wp-cnet\/wp-json\/wp\/v2\/comments?post=66395"}],"version-history":[{"count":1,"href":"https:\/\/catolicanet.net\/wp-cnet\/wp-json\/wp\/v2\/posts\/66395\/revisions"}],"predecessor-version":[{"id":66397,"href":"https:\/\/catolicanet.net\/wp-cnet\/wp-json\/wp\/v2\/posts\/66395\/revisions\/66397"}],"wp:featuredmedia":[{"embeddable":true,"href":"https:\/\/catolicanet.net\/wp-cnet\/wp-json\/wp\/v2\/media\/66396"}],"wp:attachment":[{"href":"https:\/\/catolicanet.net\/wp-cnet\/wp-json\/wp\/v2\/media?parent=66395"}],"wp:term":[{"taxonomy":"category","embeddable":true,"href":"https:\/\/catolicanet.net\/wp-cnet\/wp-json\/wp\/v2\/categories?post=66395"},{"taxonomy":"post_tag","embeddable":true,"href":"https:\/\/catolicanet.net\/wp-cnet\/wp-json\/wp\/v2\/tags?post=66395"}],"curies":[{"name":"wp","href":"https:\/\/api.w.org\/{rel}","templated":true}]}}