{"id":66392,"date":"2021-03-10T09:49:37","date_gmt":"2021-03-10T12:49:37","guid":{"rendered":"https:\/\/catolicanet.net\/wp-cnet\/?p=66392"},"modified":"2021-03-10T12:50:36","modified_gmt":"2021-03-10T15:50:36","slug":"igreja-no-brasil-se-soma-a-mobilizacao-puxada-pelo-celam-na-defesa-da-vida-das-mulheres","status":"publish","type":"post","link":"https:\/\/catolicanet.net\/wp-cnet\/igreja-no-brasil-se-soma-a-mobilizacao-puxada-pelo-celam-na-defesa-da-vida-das-mulheres\/","title":{"rendered":"IGREJA NO BRASIL SE SOMA \u00c0 MOBILIZA\u00c7\u00c3O PUXADA PELO CELAM NA DEFESA DA VIDA DAS MULHERES"},"content":{"rendered":"<p style=\"text-align: justify;\">A Comiss\u00e3o Episcopal Pastoral Especial para o Enfrentamento ao Tr\u00e1fico Humano da Confer\u00eancia e a Comiss\u00e3o Episcopal Pastoral para a Juventude da Confer\u00eancia Nacional dos Bispos do Brasil (CNBB) e um conjunto de organiza\u00e7\u00f5es da Igreja no Brasil se somam \u00e0 Campanha Continental da Igreja Cat\u00f3lica Latino-americana contra o tr\u00e1fico de pessoas e se comprometem na defesa da vida das mulheres.<\/p>\n<p style=\"text-align: justify;\">Num mundo onde h\u00e1 quem pense que tudo \u00e9 comprado e vendido, a\u00a0Igreja da Am\u00e9rica Latina e do Caribe, atrav\u00e9s da\u00a0<a href=\"https:\/\/www.cnbb.org.br\/cnbb-acolhe-e-apoia-o-fortalecimento-da-articulacao-da-rede-clamor-no-brasil\/\">Rede CLAMOR<\/a>, lan\u00e7ou, no Dia Mundial de Ora\u00e7\u00e3o e Reflex\u00e3o contra o Tr\u00e1fico de Pessoas 2021,\u00a0 a Campanha Continental contra o Tr\u00e1fico de Pessoas 2021, que tem como lema \u201cA vida n\u00e3o \u00e9 uma mercadoria, trata-se de pessoas\u201d.<\/p>\n<p style=\"text-align: justify;\">O arcebispo da arquidiocese de Belo Horizonte (MG) e presidente da CNBB, dom Walmor Oliveira de Azevedo,\u00a0<a href=\"https:\/\/www.cnbb.org.br\/dia-internacional-da-mulher-remete-ao-desafio-de-promover-respeito-e-reconhecimento-a-importancia-das-mulheres-em-toda-sociedade\/\">em mensagem divulgada no Dia Internacional da Mulher, 8 de mar\u00e7o<\/a>, chamou a aten\u00e7\u00e3o \u00a0para as graves viol\u00eancias e o feminic\u00eddio que fazem v\u00edtimas as mulheres e devem ser enfrentadas com urg\u00eancia e determina\u00e7\u00e3o.<\/p>\n<h3 style=\"text-align: justify;\">Mobiliza\u00e7\u00e3o pela vida das mulheres<\/h3>\n<p style=\"text-align: justify;\">Participam tamb\u00e9m desta mobiliza\u00e7\u00e3o a C\u00e1ritas Brasileira, o Servi\u00e7o Pastoral dos Migrantes, a Comiss\u00e3o Brasileira de Justi\u00e7a e Paz, o Instituto de Migra\u00e7\u00f5es e Direitos Humanos, a Pastoral da Mulher Marginalizada e a Pastoral Carcer\u00e1ria.<\/p>\n<p style=\"text-align: justify;\">A mobiliza\u00e7\u00e3o alerta para as v\u00e1rias formas de viol\u00eancia contra as mulheres que se agravam com a pandemia de Covid-19. Segundo a campanha, as mulheres continuam migrando for\u00e7adamente em busca de melhores condi\u00e7\u00f5es de vida para suas fam\u00edlias e s\u00e3o as maiores vitimas do tr\u00e1fico humano.<\/p>\n<p style=\"text-align: justify;\">No compromisso de proteger as mulheres v\u00edtimas,\u00a0 a campanha reafirma o acompanhamento \u00e0s sobreviventes das diversas viol\u00eancias. Na p\u00e1gina do Facebook, no endere\u00e7o abaixo, \u00e9 poss\u00edvel ter acesso aos materiais para disseminar as mensagens da campanha.<\/p>\n<div id=\"gallery-1\" class=\"gallery galleryid-260335 gallery-columns-3 gallery-size-medium\" style=\"text-align: justify;\">\n<figure class=\"gallery-item\">\n<div class=\"gallery-icon landscape\"><a class=\"rl-gallery-link\" title=\"\" href=\"https:\/\/eadn-wc02-718006.nxedge.io\/cdn\/wp-content\/uploads\/2021\/03\/Campanha-Celam.jpg\" data-rl_title=\"\" data-rl_caption=\"\" data-rel=\"lightbox-gallery-1\"><img loading=\"lazy\" decoding=\"async\" class=\"attachment-medium size-medium lazyloaded\" src=\"https:\/\/eadn-wc02-718006.nxedge.io\/cdn\/wp-content\/uploads\/2021\/03\/Campanha-Celam-300x300.jpg\" sizes=\"auto, (max-width: 300px) 100vw, 300px\" srcset=\"https:\/\/eadn-wc02-718006.nxedge.io\/cdn\/wp-content\/uploads\/2021\/03\/Campanha-Celam-300x300.jpg 300w, https:\/\/eadn-wc02-718006.nxedge.io\/cdn\/wp-content\/uploads\/2021\/03\/Campanha-Celam-150x150.jpg 150w, https:\/\/eadn-wc02-718006.nxedge.io\/cdn\/wp-content\/uploads\/2021\/03\/Campanha-Celam-768x768.jpg 768w, https:\/\/eadn-wc02-718006.nxedge.io\/cdn\/wp-content\/uploads\/2021\/03\/Campanha-Celam-800x800.jpg 800w, https:\/\/eadn-wc02-718006.nxedge.io\/cdn\/wp-content\/uploads\/2021\/03\/Campanha-Celam-500x500.jpg 500w, https:\/\/eadn-wc02-718006.nxedge.io\/cdn\/wp-content\/uploads\/2021\/03\/Campanha-Celam.jpg 1000w\" alt=\"\" width=\"300\" height=\"300\" data-ll-status=\"loaded\" \/><\/a><\/div>\n<\/figure>\n<figure class=\"gallery-item\">\n<div class=\"gallery-icon landscape\"><a class=\"rl-gallery-link\" title=\"\" href=\"https:\/\/eadn-wc02-718006.nxedge.io\/cdn\/wp-content\/uploads\/2021\/03\/8M.jpg\" data-rl_title=\"\" data-rl_caption=\"\" data-rel=\"lightbox-gallery-1\"><img loading=\"lazy\" decoding=\"async\" class=\"attachment-medium size-medium lazyloaded\" src=\"https:\/\/eadn-wc02-718006.nxedge.io\/cdn\/wp-content\/uploads\/2021\/03\/8M-300x300.jpg\" sizes=\"auto, (max-width: 300px) 100vw, 300px\" srcset=\"https:\/\/eadn-wc02-718006.nxedge.io\/cdn\/wp-content\/uploads\/2021\/03\/8M-300x300.jpg 300w, https:\/\/eadn-wc02-718006.nxedge.io\/cdn\/wp-content\/uploads\/2021\/03\/8M-150x150.jpg 150w, https:\/\/eadn-wc02-718006.nxedge.io\/cdn\/wp-content\/uploads\/2021\/03\/8M-768x768.jpg 768w, https:\/\/eadn-wc02-718006.nxedge.io\/cdn\/wp-content\/uploads\/2021\/03\/8M-800x800.jpg 800w, https:\/\/eadn-wc02-718006.nxedge.io\/cdn\/wp-content\/uploads\/2021\/03\/8M-500x500.jpg 500w, https:\/\/eadn-wc02-718006.nxedge.io\/cdn\/wp-content\/uploads\/2021\/03\/8M.jpg 1000w\" alt=\"\" width=\"300\" height=\"300\" data-ll-status=\"loaded\" \/><\/a><\/div>\n<\/figure>\n<figure class=\"gallery-item\">\n<div class=\"gallery-icon landscape\"><a class=\"rl-gallery-link\" title=\"\" href=\"https:\/\/eadn-wc02-718006.nxedge.io\/cdn\/wp-content\/uploads\/2021\/03\/Basta-de-Trafico-de-mullheres.jpg\" data-rl_title=\"\" data-rl_caption=\"\" data-rel=\"lightbox-gallery-1\"><img loading=\"lazy\" decoding=\"async\" class=\"attachment-medium size-medium lazyloaded\" src=\"https:\/\/eadn-wc02-718006.nxedge.io\/cdn\/wp-content\/uploads\/2021\/03\/Basta-de-Trafico-de-mullheres-300x300.jpg\" sizes=\"auto, (max-width: 300px) 100vw, 300px\" srcset=\"https:\/\/eadn-wc02-718006.nxedge.io\/cdn\/wp-content\/uploads\/2021\/03\/Basta-de-Trafico-de-mullheres-300x300.jpg 300w, https:\/\/eadn-wc02-718006.nxedge.io\/cdn\/wp-content\/uploads\/2021\/03\/Basta-de-Trafico-de-mullheres-150x150.jpg 150w, https:\/\/eadn-wc02-718006.nxedge.io\/cdn\/wp-content\/uploads\/2021\/03\/Basta-de-Trafico-de-mullheres-768x768.jpg 768w, https:\/\/eadn-wc02-718006.nxedge.io\/cdn\/wp-content\/uploads\/2021\/03\/Basta-de-Trafico-de-mullheres-800x800.jpg 800w, https:\/\/eadn-wc02-718006.nxedge.io\/cdn\/wp-content\/uploads\/2021\/03\/Basta-de-Trafico-de-mullheres-500x500.jpg 500w, https:\/\/eadn-wc02-718006.nxedge.io\/cdn\/wp-content\/uploads\/2021\/03\/Basta-de-Trafico-de-mullheres.jpg 1000w\" alt=\"\" width=\"300\" height=\"300\" data-ll-status=\"loaded\" \/><\/a><\/div>\n<\/figure>\n<\/div>\n<p style=\"text-align: justify;\">Saiba mais sobre a campanha:\u00a0<a href=\"https:\/\/www.facebook.com\/LAContraLaTrata\">facebook.com\/LAContraLaTrata<\/a><\/p>\n<p style=\"text-align: justify;\">#8M #\u00c9PelaVidaDasMulheres\u00a0 #ContraoTr\u00e1ficoDeMulheres<\/p>\n","protected":false},"excerpt":{"rendered":"<p>A Comiss\u00e3o Episcopal Pastoral Especial para o Enfrentamento ao Tr\u00e1fico Humano da Confer\u00eancia e a Comiss\u00e3o Episcopal Pastoral para a Juventude da Confer\u00eancia Nacional dos Bispos do Brasil (CNBB) e um conjunto de organiza\u00e7\u00f5es da Igreja no Brasil se somam \u00e0 Campanha Continental da Igreja Cat\u00f3lica Latino-americana contra o tr\u00e1fico de pessoas e se comprometem [&hellip;]<\/p>\n","protected":false},"author":1,"featured_media":66393,"comment_status":"open","ping_status":"closed","sticky":false,"template":"","format":"standard","meta":{"footnotes":""},"categories":[7],"tags":[],"class_list":["post-66392","post","type-post","status-publish","format-standard","has-post-thumbnail","hentry","category-cnbb"],"_links":{"self":[{"href":"https:\/\/catolicanet.net\/wp-cnet\/wp-json\/wp\/v2\/posts\/66392","targetHints":{"allow":["GET"]}}],"collection":[{"href":"https:\/\/catolicanet.net\/wp-cnet\/wp-json\/wp\/v2\/posts"}],"about":[{"href":"https:\/\/catolicanet.net\/wp-cnet\/wp-json\/wp\/v2\/types\/post"}],"author":[{"embeddable":true,"href":"https:\/\/catolicanet.net\/wp-cnet\/wp-json\/wp\/v2\/users\/1"}],"replies":[{"embeddable":true,"href":"https:\/\/catolicanet.net\/wp-cnet\/wp-json\/wp\/v2\/comments?post=66392"}],"version-history":[{"count":1,"href":"https:\/\/catolicanet.net\/wp-cnet\/wp-json\/wp\/v2\/posts\/66392\/revisions"}],"predecessor-version":[{"id":66394,"href":"https:\/\/catolicanet.net\/wp-cnet\/wp-json\/wp\/v2\/posts\/66392\/revisions\/66394"}],"wp:featuredmedia":[{"embeddable":true,"href":"https:\/\/catolicanet.net\/wp-cnet\/wp-json\/wp\/v2\/media\/66393"}],"wp:attachment":[{"href":"https:\/\/catolicanet.net\/wp-cnet\/wp-json\/wp\/v2\/media?parent=66392"}],"wp:term":[{"taxonomy":"category","embeddable":true,"href":"https:\/\/catolicanet.net\/wp-cnet\/wp-json\/wp\/v2\/categories?post=66392"},{"taxonomy":"post_tag","embeddable":true,"href":"https:\/\/catolicanet.net\/wp-cnet\/wp-json\/wp\/v2\/tags?post=66392"}],"curies":[{"name":"wp","href":"https:\/\/api.w.org\/{rel}","templated":true}]}}