{"id":66377,"date":"2021-03-09T10:28:05","date_gmt":"2021-03-09T13:28:05","guid":{"rendered":"https:\/\/catolicanet.net\/wp-cnet\/?p=66377"},"modified":"2021-03-09T17:56:44","modified_gmt":"2021-03-09T20:56:44","slug":"1o-ao-vivo-2021-da-6a-semana-social-brasileira-vai-refletir-sobre-os-temas-terra-territorio-e-economia","status":"publish","type":"post","link":"https:\/\/catolicanet.net\/wp-cnet\/1o-ao-vivo-2021-da-6a-semana-social-brasileira-vai-refletir-sobre-os-temas-terra-territorio-e-economia\/","title":{"rendered":"1\u00ba AO VIVO 2021 DA 6\u00aa SEMANA SOCIAL BRASILEIRA VAI REFLETIR SOBRE OS TEMAS: \u201cTERRA, TERRIT\u00d3RIO E ECONOMIA\u201d"},"content":{"rendered":"<p style=\"text-align: justify;\">No pr\u00f3ximo dia 10 de mar\u00e7o, \u00e0s 19h30, a 6\u00aa Semana Social Brasileira (SSB) promove o primeiro \u201cAo Vivo 2021\u201d. Vai ser um mutir\u00e3o de conversa, escuta, articula\u00e7\u00e3o, mobiliza\u00e7\u00e3o e forma\u00e7\u00e3o a partir do tema \u201cMutir\u00e3o pela vida: Terra, Territ\u00f3rio e Economia\u201d. O debate ser\u00e1 transmitido nas redes sociais da 6\u00aa SSB no\u00a0Facebook\u00a0e no seu canal no\u00a0Youtube.<\/p>\n<p style=\"text-align: justify;\">Participam a representante da Rede Jubileu Sul Brasil, Sandra Quintela e o representante do Movimento dos Atingidos por Barragem (MAB), Luiz Alencar Dalla Costa. A media\u00e7\u00e3o ser\u00e1 feita pelo representante da Articula\u00e7\u00e3o Brasileira da Economia de Francisco e Clara, Eduardo Brasileiro.<\/p>\n<p style=\"text-align: justify;\">Natural da cidade catarinense de It\u00e1, na divisa com o Rio Grande do Sul, atingida pela Usina Hidrel\u00e9trica de It\u00e1, no Rio Uruguai, o representante do MAB, Luiz Alencar Dalla Costa, falar\u00e1 sobre a realidade dos atingidos por barragens no pa\u00eds.<\/p>\n<blockquote><p>\u201cHistoricamente muitas popula\u00e7\u00f5es viviam e vivem, ainda, \u00e0 beira dos rios, onde tem min\u00e9rio, onde tem floresta. Regi\u00f5es onde as fam\u00edlias constru\u00edram suas vidas, criavam seus filhos, seja com qual atividade econ\u00f4mica fosse. Eram regi\u00f5es, com a alta base natural e possibilidade de produ\u00e7\u00e3o, desperta o interesse das grandes empresas. Com a interven\u00e7\u00e3o do capital, essas regi\u00f5es passam a ser de exclus\u00e3o, de explora\u00e7\u00e3o. Isso afeta diretamente a vida das pessoas. Esse \u00e9 o territ\u00f3rio dos atingidos, onde o ser humano era o sujeito e tinha sua rela\u00e7\u00e3o com a natureza. Com chegada da explora\u00e7\u00e3o, o sujeito \u00e9 o capital, as empresas, as obras. O ser humano passa ser visto como um objeto a ser descartado\u201d.<\/p><\/blockquote>\n<p>A economista, educadora popular e integrante da Coordena\u00e7\u00e3o Am\u00e9rica Latina e Caribe da Rede Jubileu Sul, Sandra Quintela, fala sobre a necessidade de reinven\u00e7\u00e3o da economia.<\/p>\n<blockquote><p>\u201c\u00c9 da economia que tiramos nosso sustento material.\u00a0 Desde a terra, desde o territ\u00f3rios vem nossa comida cotidiana. Vem a preserva\u00e7\u00e3o das florestas, dos rios, dos mares por parte das popula\u00e7\u00f5es tradicionais. \u00a0Mas, para a economia de mercado, nada disso importa.\u00a0 \u00c9 urgente reinventarmos a economia. A atual mata e destr\u00f3i!\u00a0 Precisamos de uma economia centrada na vida\u201d.<\/p><\/blockquote>\n<p style=\"text-align: justify;\">O soci\u00f3logo, educador popular e membro da Articula\u00e7\u00e3o Brasileira pela Economia de Francisco e Clara, Eduardo Brasileiro, fala sobre a busca de uma nova economia que cuida da pessoas.<\/p>\n<blockquote><p>\u201cN\u00f3s somos corpos econ\u00f4micos, nosso territ\u00f3rio \u00e9 um corpo econ\u00f4mico: produz vida, rela\u00e7\u00f5es e trocas. A l\u00f3gica da economia de mercado capitalista desterritorializa-nos, tirando a possibilidade de pensar a for\u00e7a coletiva e a organiza\u00e7\u00e3o econ\u00f4mica a partir do nosso ch\u00e3o. Se soma a isso a preda\u00e7\u00e3o das nossas terras, entregue a grupos econ\u00f4micos que dominam, exploram. Estamos em busca da economia que cuida, aprende e partilha a terra. A economia que desenvolve nos territ\u00f3rios alternativas de vida a partir da solidariedade. A economia do bem viver!\u201d.<\/p><\/blockquote>\n<p><img loading=\"lazy\" decoding=\"async\" class=\"aligncenter size-full wp-image-260140 lazyloaded\" src=\"https:\/\/eadn-wc02-718006.nxedge.io\/cdn\/wp-content\/uploads\/2021\/03\/Participantes-1%C2%BA-ao-vivo-6%C2%AA-SSB.jpg\" sizes=\"auto, (max-width: 1023px) 100vw, 1023px\" srcset=\"https:\/\/eadn-wc02-718006.nxedge.io\/cdn\/wp-content\/uploads\/2021\/03\/Participantes-1\u00ba-ao-vivo-6\u00aa-SSB.jpg 1023w, https:\/\/eadn-wc02-718006.nxedge.io\/cdn\/wp-content\/uploads\/2021\/03\/Participantes-1\u00ba-ao-vivo-6\u00aa-SSB-300x153.jpg 300w, https:\/\/eadn-wc02-718006.nxedge.io\/cdn\/wp-content\/uploads\/2021\/03\/Participantes-1\u00ba-ao-vivo-6\u00aa-SSB-768x393.jpg 768w, https:\/\/eadn-wc02-718006.nxedge.io\/cdn\/wp-content\/uploads\/2021\/03\/Participantes-1\u00ba-ao-vivo-6\u00aa-SSB-500x256.jpg 500w\" alt=\"\" width=\"1023\" height=\"523\" data-ll-status=\"loaded\" \/><\/p>\n<pre>Com informa\u00e7\u00f5es da <a href=\"https:\/\/ssb.org.br\/\">6\u00aa Semana Social Brasileira<\/a><\/pre>\n","protected":false},"excerpt":{"rendered":"<p>No pr\u00f3ximo dia 10 de mar\u00e7o, \u00e0s 19h30, a 6\u00aa Semana Social Brasileira (SSB) promove o primeiro \u201cAo Vivo 2021\u201d. Vai ser um mutir\u00e3o de conversa, escuta, articula\u00e7\u00e3o, mobiliza\u00e7\u00e3o e forma\u00e7\u00e3o a partir do tema \u201cMutir\u00e3o pela vida: Terra, Territ\u00f3rio e Economia\u201d. O debate ser\u00e1 transmitido nas redes sociais da 6\u00aa SSB no\u00a0Facebook\u00a0e no seu [&hellip;]<\/p>\n","protected":false},"author":1,"featured_media":66379,"comment_status":"open","ping_status":"closed","sticky":false,"template":"","format":"standard","meta":{"footnotes":""},"categories":[7],"tags":[],"class_list":["post-66377","post","type-post","status-publish","format-standard","has-post-thumbnail","hentry","category-cnbb"],"_links":{"self":[{"href":"https:\/\/catolicanet.net\/wp-cnet\/wp-json\/wp\/v2\/posts\/66377","targetHints":{"allow":["GET"]}}],"collection":[{"href":"https:\/\/catolicanet.net\/wp-cnet\/wp-json\/wp\/v2\/posts"}],"about":[{"href":"https:\/\/catolicanet.net\/wp-cnet\/wp-json\/wp\/v2\/types\/post"}],"author":[{"embeddable":true,"href":"https:\/\/catolicanet.net\/wp-cnet\/wp-json\/wp\/v2\/users\/1"}],"replies":[{"embeddable":true,"href":"https:\/\/catolicanet.net\/wp-cnet\/wp-json\/wp\/v2\/comments?post=66377"}],"version-history":[{"count":1,"href":"https:\/\/catolicanet.net\/wp-cnet\/wp-json\/wp\/v2\/posts\/66377\/revisions"}],"predecessor-version":[{"id":66378,"href":"https:\/\/catolicanet.net\/wp-cnet\/wp-json\/wp\/v2\/posts\/66377\/revisions\/66378"}],"wp:featuredmedia":[{"embeddable":true,"href":"https:\/\/catolicanet.net\/wp-cnet\/wp-json\/wp\/v2\/media\/66379"}],"wp:attachment":[{"href":"https:\/\/catolicanet.net\/wp-cnet\/wp-json\/wp\/v2\/media?parent=66377"}],"wp:term":[{"taxonomy":"category","embeddable":true,"href":"https:\/\/catolicanet.net\/wp-cnet\/wp-json\/wp\/v2\/categories?post=66377"},{"taxonomy":"post_tag","embeddable":true,"href":"https:\/\/catolicanet.net\/wp-cnet\/wp-json\/wp\/v2\/tags?post=66377"}],"curies":[{"name":"wp","href":"https:\/\/api.w.org\/{rel}","templated":true}]}}