{"id":66362,"date":"2021-03-09T10:28:45","date_gmt":"2021-03-09T13:28:45","guid":{"rendered":"https:\/\/catolicanet.net\/wp-cnet\/?p=66362"},"modified":"2021-03-09T15:32:33","modified_gmt":"2021-03-09T18:32:33","slug":"a-alegria-dos-bispos-da-hungria-pelo-anuncio-da-visita-do-papa","status":"publish","type":"post","link":"https:\/\/catolicanet.net\/wp-cnet\/a-alegria-dos-bispos-da-hungria-pelo-anuncio-da-visita-do-papa\/","title":{"rendered":"A alegria dos bispos da Hungria pelo an\u00fancio da visita do Papa"},"content":{"rendered":"<figure class=\"article__image\" style=\"text-align: justify;\"><span class=\"didascalia_img\">Papa Francisco na coletiva durante o voo de regresso do Iraque\u00a0 (Vatican Media)<\/span><\/figure>\n<div class=\"article__meta\">\n<div class=\"article__subTitle\" style=\"text-align: justify;\">Comunicado dos Bispos h\u00fangaros depois do an\u00fancio do Papa sobre sua pr\u00f3xima viagem \u00e0 Budapeste para o Congresso Eucar\u00edstico Internacional.<\/div>\n<div class=\"title__separator\" style=\"text-align: justify;\"><\/div>\n<div class=\"article__text \">\n<p style=\"text-align: justify;\"><b>Vatican News<\/b><\/p>\n<p style=\"text-align: justify;\">Na sua coletiva durante o voo de regresso do Iraque ao explicar aos jornalistas o seu pr\u00f3ximo compromisso internacional o Papa Francisco anunciou que participar\u00e1 da missa final do 52\u00ba Congresso Eucar\u00edstico Internacional.\u00a0 Na ocasi\u00e3o disse: \u201cAgora devo ir \u00e0 Hungria para a missa final do Congresso Eucar\u00edstico Internacional, n\u00e3o para uma visita ao pa\u00eds, mas somente para a missa. Mas Budapeste fica a duas horas de carro de Bratislava, por que n\u00e3o fazer uma visita \u00e0 Eslov\u00e1quia?\u201d.<\/p>\n<div style=\"text-align: justify;\">\n<div class=\"article__embed article__embed--unwrap article__embed--dark\">\n<div class=\"article__innerTitle\">Ou\u00e7a e compartilhe!<\/div>\n<\/div>\n<\/div>\n<p style=\"text-align: justify;\">A Confer\u00eancia Episcopal da Hungria manifestou em um comunicado a alegria pela not\u00edcia. \u201cCom grande alegria recebemos a not\u00edcia de que o Santo Padre anunciou sua decis\u00e3o de vir a Budapeste para a Santa Missa na conclus\u00e3o do 52\u00ba Congresso Eucar\u00edstico Internacional\u201d.<\/p>\n<p style=\"text-align: justify;\">O Congresso Eucar\u00edstico Internacional est\u00e1 programado para o m\u00eas de setembro entre os dias 5 a 12, e seu objetivo \u00e9 confirmar a f\u00e9 dos crentes, reconstruir a identidade da comunidade crist\u00e3 atrav\u00e9s de uma nova evangeliza\u00e7\u00e3o, aprofundar a comunh\u00e3o com Cristo e com nossos irm\u00e3os e irm\u00e3s, trabalhar pela reconcilia\u00e7\u00e3o entre os povos e ser uma ocasi\u00e3o para fortalecer o di\u00e1logo entre os crist\u00e3os. &#8220;Estamos certos &#8211; concluem os bispos &#8211; que a presen\u00e7a do Santo Padre ser\u00e1 um grande encorajamento e refor\u00e7o espiritual para todos n\u00f3s e para os participantes do Congresso Eucar\u00edstico&#8221;.<\/p>\n<p style=\"text-align: justify;\">O comunicado foi assinado pelo Primaz da Hungria cardeal P\u00e9ter Erd\u00f2 Arcebispo de Esztergom-Budapeste.<\/p>\n<\/div>\n<\/div>\n","protected":false},"excerpt":{"rendered":"<p>Papa Francisco na coletiva durante o voo de regresso do Iraque\u00a0 (Vatican Media) Comunicado dos Bispos h\u00fangaros depois do an\u00fancio do Papa sobre sua pr\u00f3xima viagem \u00e0 Budapeste para o Congresso Eucar\u00edstico Internacional. Vatican News Na sua coletiva durante o voo de regresso do Iraque ao explicar aos jornalistas o seu pr\u00f3ximo compromisso internacional o [&hellip;]<\/p>\n","protected":false},"author":1,"featured_media":66363,"comment_status":"open","ping_status":"closed","sticky":false,"template":"","format":"standard","meta":{"footnotes":""},"categories":[3],"tags":[],"class_list":["post-66362","post","type-post","status-publish","format-standard","has-post-thumbnail","hentry","category-vaticano"],"_links":{"self":[{"href":"https:\/\/catolicanet.net\/wp-cnet\/wp-json\/wp\/v2\/posts\/66362","targetHints":{"allow":["GET"]}}],"collection":[{"href":"https:\/\/catolicanet.net\/wp-cnet\/wp-json\/wp\/v2\/posts"}],"about":[{"href":"https:\/\/catolicanet.net\/wp-cnet\/wp-json\/wp\/v2\/types\/post"}],"author":[{"embeddable":true,"href":"https:\/\/catolicanet.net\/wp-cnet\/wp-json\/wp\/v2\/users\/1"}],"replies":[{"embeddable":true,"href":"https:\/\/catolicanet.net\/wp-cnet\/wp-json\/wp\/v2\/comments?post=66362"}],"version-history":[{"count":1,"href":"https:\/\/catolicanet.net\/wp-cnet\/wp-json\/wp\/v2\/posts\/66362\/revisions"}],"predecessor-version":[{"id":66364,"href":"https:\/\/catolicanet.net\/wp-cnet\/wp-json\/wp\/v2\/posts\/66362\/revisions\/66364"}],"wp:featuredmedia":[{"embeddable":true,"href":"https:\/\/catolicanet.net\/wp-cnet\/wp-json\/wp\/v2\/media\/66363"}],"wp:attachment":[{"href":"https:\/\/catolicanet.net\/wp-cnet\/wp-json\/wp\/v2\/media?parent=66362"}],"wp:term":[{"taxonomy":"category","embeddable":true,"href":"https:\/\/catolicanet.net\/wp-cnet\/wp-json\/wp\/v2\/categories?post=66362"},{"taxonomy":"post_tag","embeddable":true,"href":"https:\/\/catolicanet.net\/wp-cnet\/wp-json\/wp\/v2\/tags?post=66362"}],"curies":[{"name":"wp","href":"https:\/\/api.w.org\/{rel}","templated":true}]}}