{"id":6633,"date":"2015-09-02T14:17:28","date_gmt":"2015-09-02T17:17:28","guid":{"rendered":"http:\/\/catolicanet.net\/wp-cnet\/vaticano-papa-denuncia-conflitos-que-se-alimentam-de-armas-manchadas-de-sangue\/"},"modified":"2017-04-11T15:11:30","modified_gmt":"2017-04-11T18:11:30","slug":"vaticano-papa-denuncia-conflitos-que-se-alimentam-de-armas-manchadas-de-sangue","status":"publish","type":"post","link":"https:\/\/catolicanet.net\/wp-cnet\/vaticano-papa-denuncia-conflitos-que-se-alimentam-de-armas-manchadas-de-sangue\/","title":{"rendered":"Vaticano: Papa denuncia conflitos que se alimentam de armas manchadas de sangue"},"content":{"rendered":"<p style=\"text-align: justify;\"><img decoding=\"async\" src=\"http:\/\/catolicanet.com.br\/images\/stories\/geral\/01portugal.jpg\" border=\"0\" align=\"left\" \/>Francisco evocou final da II Guerra Mundial no Extremo Oriente e recordou \u00abminorias\u00bb perseguidas atualmente<\/p>\n<p>Cidade do Vaticano, 02 set 2015 (Ecclesia) &#8211; O Papa Francisco evocou hoje o final da II Guerra Mundial no Extremo Oriente, h\u00e1 70 anos, alertando para as v\u00edtimas de novos conflitos que continuam a atingir muitas regi\u00f5es.<\/p>\n<p>\u201cRenovo a minha fervorosa ora\u00e7\u00e3o ao Senhor de todos para que, por intercess\u00e3o da Virgem Maria, o mundo de hoje n\u00e3o tenha de voltar a experimentar os horrores e os terr\u00edveis sofrimentos de tais trag\u00e9dias. Mas experimenta-as\u201d, declarou, na parte final da audi\u00eancia p\u00fablica semanal que decorreu na Pra\u00e7a de S\u00e3o Pedro.<\/p>\n<p>Francisco evocou \u201cas minorias perseguidas, os crist\u00e3os perseguidos, a loucura da destrui\u00e7\u00e3o\u201d, numa alus\u00e3o indireta aos recentes atos do autoproclamado \u2018Estado Isl\u00e2mico\u2019.<\/p>\n<p>Nesse sentido, criticou \u201cos que constroem e traficam armas, armas com sangue, armas banhadas no sangue de tantos inocentes\u201d.<\/p>\n<p>\u201cNunca mais a guerra! \u00c9 o grito angustiado que sai dos nossos cora\u00e7\u00f5es e dos cora\u00e7\u00f5es de todos os homens e mulheres de boa vontade, para o Pr\u00edncipe da paz\u201d, acrescentou.<\/p>\n<p>Segundo o Papa, este \u00e9 o \u201canseio permanente dos povos\u201d, em particular os que s\u00e3o \u201cv\u00edtimas dos v\u00e1rios conflitos sangrentos que est\u00e3o em curso\u201d.<\/p>\n<p>A 2 de setembro de 1945 teve lugar a rendi\u00e7\u00e3o do Jap\u00e3o, ato realizado a bordo de um navio norte-americano.<\/p>\n<p style=\"text-align: justify;\">Fonte: Ag\u00eancia Ecclesia<\/p>\n","protected":false},"excerpt":{"rendered":"<p>Francisco evocou final da II Guerra Mundial no Extremo Oriente e recordou \u00abminorias\u00bb perseguidas atualmente Cidade do Vaticano, 02 set 2015 (Ecclesia) &#8211; O Papa Francisco evocou hoje o final da II Guerra Mundial no Extremo Oriente, h\u00e1 70 anos, alertando para as v\u00edtimas de novos conflitos que continuam a atingir muitas regi\u00f5es. \u201cRenovo a [&hellip;]<\/p>\n","protected":false},"author":1,"featured_media":0,"comment_status":"closed","ping_status":"closed","sticky":false,"template":"","format":"standard","meta":{"footnotes":""},"categories":[4],"tags":[],"class_list":["post-6633","post","type-post","status-publish","format-standard","hentry","category-cotidiano"],"_links":{"self":[{"href":"https:\/\/catolicanet.net\/wp-cnet\/wp-json\/wp\/v2\/posts\/6633","targetHints":{"allow":["GET"]}}],"collection":[{"href":"https:\/\/catolicanet.net\/wp-cnet\/wp-json\/wp\/v2\/posts"}],"about":[{"href":"https:\/\/catolicanet.net\/wp-cnet\/wp-json\/wp\/v2\/types\/post"}],"author":[{"embeddable":true,"href":"https:\/\/catolicanet.net\/wp-cnet\/wp-json\/wp\/v2\/users\/1"}],"replies":[{"embeddable":true,"href":"https:\/\/catolicanet.net\/wp-cnet\/wp-json\/wp\/v2\/comments?post=6633"}],"version-history":[{"count":1,"href":"https:\/\/catolicanet.net\/wp-cnet\/wp-json\/wp\/v2\/posts\/6633\/revisions"}],"predecessor-version":[{"id":11434,"href":"https:\/\/catolicanet.net\/wp-cnet\/wp-json\/wp\/v2\/posts\/6633\/revisions\/11434"}],"wp:attachment":[{"href":"https:\/\/catolicanet.net\/wp-cnet\/wp-json\/wp\/v2\/media?parent=6633"}],"wp:term":[{"taxonomy":"category","embeddable":true,"href":"https:\/\/catolicanet.net\/wp-cnet\/wp-json\/wp\/v2\/categories?post=6633"},{"taxonomy":"post_tag","embeddable":true,"href":"https:\/\/catolicanet.net\/wp-cnet\/wp-json\/wp\/v2\/tags?post=6633"}],"curies":[{"name":"wp","href":"https:\/\/api.w.org\/{rel}","templated":true}]}}