{"id":66273,"date":"2021-03-05T10:37:38","date_gmt":"2021-03-05T13:37:38","guid":{"rendered":"https:\/\/catolicanet.net\/wp-cnet\/?p=66273"},"modified":"2021-03-05T15:39:05","modified_gmt":"2021-03-05T18:39:05","slug":"disponivel-o-roteiro-para-celebracao-em-familia-do-3o-domingo-da-quaresma","status":"publish","type":"post","link":"https:\/\/catolicanet.net\/wp-cnet\/disponivel-o-roteiro-para-celebracao-em-familia-do-3o-domingo-da-quaresma\/","title":{"rendered":"DISPON\u00cdVEL O ROTEIRO PARA CELEBRA\u00c7\u00c3O EM FAM\u00cdLIA DO 3\u00ba DOMINGO DA QUARESMA"},"content":{"rendered":"<p style=\"text-align: justify;\">\u201cDestru\u00ed este Templo, e em tr\u00eas dias o levantarei\u201d. A fala de Jesus sobre a sua ressurrei\u00e7\u00e3o \u00e9 o centro da Celebra\u00e7\u00e3o da Palavra do 3\u00ba Domingo da Quaresma, celebrado no pr\u00f3ximo dia 7 de mar\u00e7o. O roteiro para a celebra\u00e7\u00e3o em fam\u00edlia para a ocasi\u00e3o est\u00e1 dispon\u00edvel para download. O material \u00e9 oferecido pela Comiss\u00e3o Episcopal Pastoral para a Liturgia da Confer\u00eancia Nacional dos Bispos do Brasil (CNBB).<\/p>\n<p style=\"text-align: justify;\">Para a celebra\u00e7\u00e3o do 3\u00ba Domingo da Quaresma, a Comiss\u00e3o oferece o rito da celebra\u00e7\u00e3o da Palavra, com duas leituras, salmo, op\u00e7\u00f5es de c\u00e2nticos e preces. ora\u00e7\u00f5es<\/p>\n<p style=\"text-align: justify;\">Em sintonia com a proposta de convers\u00e3o no Tempo Quaresmal motivada pela Campanha da Fraternidade, a celebra\u00e7\u00e3o convida ao pedido de perd\u00e3o \u201cpela falta de di\u00e1logo e de testemunho de unidade e de amor, num mundo marcado por polariza\u00e7\u00f5es, \u00f3dios, aus\u00eancia de escuta, individualismos imperialistas e indiferen\u00e7a\u201d.<\/p>\n<blockquote><p>\u201cS\u00e3o muitos os hor\u00e1rios de transmiss\u00e3o de missas em nossos canais cat\u00f3licos que podemos acompanhar, mas vivendo a dignidade de povo sacerdotal que nosso batismo nos conferiu, podemos n\u00e3o s\u00f3 acompanhar, mas CELEBRAR com nossas fam\u00edlias o Dia do Senhor.\u201d<\/p><\/blockquote>\n<p style=\"text-align: justify;\">\n<p style=\"text-align: justify;\"><a href=\"https:\/\/www.cnbb.org.br\/wp-content\/uploads\/2021\/03\/17-Celebrar-em-Fam%C3%ADlia-3Quaresma.pdf\">BAIXE O ROTEIRO CELEBRAR EM FAM\u00cdLIA DO\u00a0 3\u00ba DOMINGO DA QUARESMA<\/a><\/p>\n","protected":false},"excerpt":{"rendered":"<p>\u201cDestru\u00ed este Templo, e em tr\u00eas dias o levantarei\u201d. A fala de Jesus sobre a sua ressurrei\u00e7\u00e3o \u00e9 o centro da Celebra\u00e7\u00e3o da Palavra do 3\u00ba Domingo da Quaresma, celebrado no pr\u00f3ximo dia 7 de mar\u00e7o. O roteiro para a celebra\u00e7\u00e3o em fam\u00edlia para a ocasi\u00e3o est\u00e1 dispon\u00edvel para download. O material \u00e9 oferecido pela [&hellip;]<\/p>\n","protected":false},"author":1,"featured_media":66274,"comment_status":"open","ping_status":"closed","sticky":false,"template":"","format":"standard","meta":{"footnotes":""},"categories":[7,13],"tags":[],"class_list":["post-66273","post","type-post","status-publish","format-standard","has-post-thumbnail","hentry","category-cnbb","category-featured"],"_links":{"self":[{"href":"https:\/\/catolicanet.net\/wp-cnet\/wp-json\/wp\/v2\/posts\/66273","targetHints":{"allow":["GET"]}}],"collection":[{"href":"https:\/\/catolicanet.net\/wp-cnet\/wp-json\/wp\/v2\/posts"}],"about":[{"href":"https:\/\/catolicanet.net\/wp-cnet\/wp-json\/wp\/v2\/types\/post"}],"author":[{"embeddable":true,"href":"https:\/\/catolicanet.net\/wp-cnet\/wp-json\/wp\/v2\/users\/1"}],"replies":[{"embeddable":true,"href":"https:\/\/catolicanet.net\/wp-cnet\/wp-json\/wp\/v2\/comments?post=66273"}],"version-history":[{"count":1,"href":"https:\/\/catolicanet.net\/wp-cnet\/wp-json\/wp\/v2\/posts\/66273\/revisions"}],"predecessor-version":[{"id":66275,"href":"https:\/\/catolicanet.net\/wp-cnet\/wp-json\/wp\/v2\/posts\/66273\/revisions\/66275"}],"wp:featuredmedia":[{"embeddable":true,"href":"https:\/\/catolicanet.net\/wp-cnet\/wp-json\/wp\/v2\/media\/66274"}],"wp:attachment":[{"href":"https:\/\/catolicanet.net\/wp-cnet\/wp-json\/wp\/v2\/media?parent=66273"}],"wp:term":[{"taxonomy":"category","embeddable":true,"href":"https:\/\/catolicanet.net\/wp-cnet\/wp-json\/wp\/v2\/categories?post=66273"},{"taxonomy":"post_tag","embeddable":true,"href":"https:\/\/catolicanet.net\/wp-cnet\/wp-json\/wp\/v2\/tags?post=66273"}],"curies":[{"name":"wp","href":"https:\/\/api.w.org\/{rel}","templated":true}]}}