{"id":66265,"date":"2021-03-05T10:33:13","date_gmt":"2021-03-05T13:33:13","guid":{"rendered":"https:\/\/catolicanet.net\/wp-cnet\/?p=66265"},"modified":"2021-03-05T15:34:12","modified_gmt":"2021-03-05T18:34:12","slug":"em-marco-e-abril-6a-semana-social-brasileira-vai-discutir-o-tema-mutirao-pela-vida-terra-territorio-e-economia","status":"publish","type":"post","link":"https:\/\/catolicanet.net\/wp-cnet\/em-marco-e-abril-6a-semana-social-brasileira-vai-discutir-o-tema-mutirao-pela-vida-terra-territorio-e-economia\/","title":{"rendered":"EM MAR\u00c7O E ABRIL, 6\u00aa SEMANA SOCIAL BRASILEIRA VAI DISCUTIR O TEMA: \u201cMUTIR\u00c3O PELA VIDA \u2013 TERRA, TERRIT\u00d3RIO E ECONOMIA\u201d"},"content":{"rendered":"<p style=\"text-align: justify;\">\u201cMutir\u00e3o pela vida: Terra, Territ\u00f3rio e Economia\u201d \u00e9 o tema que a 6\u00aa Semana Social Brasileira (SSB) vai refletir e aprofundar a partir de uma intensa agenda nos meses de mar\u00e7o e abril de 2021. O objetivo \u00e9 discutir o assunto, escutar as comunidades, favorecer a articula\u00e7\u00e3o, a mobiliza\u00e7\u00e3o e a forma\u00e7\u00e3o.<\/p>\n<p style=\"text-align: justify;\">Para o bispo de Brejo (MA) e presidente da Comiss\u00e3o Episcopal Pastoral para A\u00e7\u00e3o Sociotransformadora da Confer\u00eancia Nacional dos Bispos do Brasil (CNBB), dom Jos\u00e9 Valdeci Santos Mendes, a a\u00e7\u00e3o quer trazer para o debate: terra, territ\u00f3rio e economia e buscar novos caminhos para a vida humana, mas tamb\u00e9m para toda a cria\u00e7\u00e3o. \u00c9 uma motiva\u00e7\u00e3o para cuidar da nossa Casa Comum e do Bem Viver dos povos.<\/p>\n<p style=\"text-align: justify;\">De acordo com dom Jos\u00e9 Valdeci, a agenda proposta quer aprofundar o debate de uma economia que promova a vida, que cuide da Casa Comum, uma economia que produza alimentos saud\u00e1veis, uma economia que promova a vida no campo a na cidade.<\/p>\n<p style=\"text-align: justify;\"><img loading=\"lazy\" decoding=\"async\" class=\"size-full wp-image-260146 alignleft lazyloaded\" src=\"https:\/\/eadn-wc02-718006.nxedge.io\/cdn\/wp-content\/uploads\/2021\/03\/6%C2%AA-Semana-Social-Brasileira.jpg\" alt=\"\" width=\"300\" height=\"200\" data-ll-status=\"loaded\" \/>O presidente da Comiss\u00e3o para A\u00e7\u00e3o Sociotransformadora da CNBB\u00a0 convida homens e mulheres a entrarem no Mutir\u00e3o Pela Vida: Por Terra, Territ\u00f3rio e Economia. \u201cDiante da pandemia quem matou mais de 260 mil pessoas, do desgoverno no pa\u00eds, da amea\u00e7a da democracia, de uma economia que beneficia uma minoria com o desmonte de direitos e de uma cultura que fomenta o \u00f3dio, precisamos gritar. S\u00f3 ter\u00e1 democracia se o povo participar. Comunidade soberana, economia popular! Vamos, juntos e juntas, neste mutir\u00e3o pela vida!\u201d, conclama o bispo.<\/p>\n<h3 style=\"text-align: justify;\">Acompanhe, a seguir, a agenda de mar\u00e7o e abril<\/h3>\n<p style=\"text-align: justify;\"><strong>Mar\u00e7o<\/strong><br \/>\n<strong><em>Ao Vivo | Mutir\u00e3o pela vida: Terra, Territ\u00f3rio e Economia<\/em><\/strong><br \/>\nQuando: 10 de mar\u00e7o de 2021<br \/>\nHor\u00e1rio: \u00c0s 19h30 (hor\u00e1rio de Bras\u00edlia)<\/p>\n<p style=\"text-align: justify;\"><strong><em>Curso Popular: Economia Pol\u00edtica | 5 M\u00f3dulos<\/em><\/strong><br \/>\n1\u00b0 M\u00f3dulo | Mas o que \u00e9 mesmo Economia Pol\u00edtica?<br \/>\nQuando: 30 de mar\u00e7o de 2021<br \/>\nHor\u00e1rio: 19h30 \u00e0s 20h30<\/p>\n<p style=\"text-align: justify;\"><strong>Abril<\/strong><br \/>\n<em><strong>Ativismo | Mutir\u00e3o Pela Vida: Por Terra, Territ\u00f3rio e Economia<\/strong><\/em><br \/>\nTema: Produ\u00e7\u00e3o de alimentos e seguran\u00e7a alimentar<br \/>\nQuando: 12 de abril de 2021<br \/>\nHor\u00e1rio: O dia todo<\/p>\n<p style=\"text-align: justify;\"><em><strong>Tema: Territ\u00f3rios de comunidades tradicionais pesqueiras<\/strong><\/em><br \/>\nQuando: 13 de abril de 2021<br \/>\nHor\u00e1rio: O dia todo<\/p>\n<p style=\"text-align: justify;\"><em><strong>Tema: Economia de Francisco e Clara<\/strong><\/em><br \/>\nQuando: 14 de abril de 2021<br \/>\nHor\u00e1rio: O dia todo<\/p>\n<p style=\"text-align: justify;\"><strong>Tema: Minera\u00e7\u00e3o: territ\u00f3rios impactados e desinvestimento<\/strong><br \/>\nQuando: 16 e 17 de abril de 2021<br \/>\nHor\u00e1rio: O dia todo<\/p>\n<p style=\"text-align: justify;\"><strong><em>Tema: Viol\u00eancia no Campo<\/em><\/strong><br \/>\nQuando: 17 de abril de 2021<br \/>\nHor\u00e1rio: O dia todo<\/p>\n<blockquote><p>\u201cA humanidade \u00e9 pisoteada por esse v\u00edrus e por tantos outros v\u00edrus que n\u00f3s ajudamos a crescer. Esses v\u00edrus injustos: uma economia de mercado selvagem, uma injusti\u00e7a social violenta [\u2026]\u201d \u2013 livro: \u201cTerra Futura: Di\u00e1logos com o papa Francisco sobre ecologia integral.<\/p><\/blockquote>\n<p style=\"text-align: justify;\"><strong>Acompanhe:<\/strong><\/p>\n<p style=\"text-align: justify;\">Todas as atividades podem ser acompanhadas nas redes sociais da 6\u00aa Semana Social Brasileira:<\/p>\n<p style=\"text-align: justify;\">Facebook:\u00a0<a href=\"https:\/\/www.facebook.com\/ssbrasileira\/\">ssbrasileira<\/a><br \/>\nYoutube:\u00a0<a href=\"https:\/\/www.youtube.com\/channel\/UCrThFwhiI1CLYWtgZg0xpjg\">SSBrasileira<\/a><br \/>\nTwitter:\u00a0<a href=\"https:\/\/twitter.com\/SSBrasileira\">SSBrasileira<\/a><\/p>\n<p><img loading=\"lazy\" decoding=\"async\" class=\"aligncenter size-full wp-image-260154 lazyloaded\" src=\"https:\/\/eadn-wc02-718006.nxedge.io\/cdn\/wp-content\/uploads\/2021\/03\/Mutir%C3%A3o-por-terra-teta-e-trabalho.jpeg\" sizes=\"auto, (max-width: 1024px) 100vw, 1024px\" srcset=\"https:\/\/eadn-wc02-718006.nxedge.io\/cdn\/wp-content\/uploads\/2021\/03\/Mutir\u00e3o-por-terra-teta-e-trabalho.jpeg 1024w, https:\/\/eadn-wc02-718006.nxedge.io\/cdn\/wp-content\/uploads\/2021\/03\/Mutir\u00e3o-por-terra-teta-e-trabalho-300x300.jpeg 300w, https:\/\/eadn-wc02-718006.nxedge.io\/cdn\/wp-content\/uploads\/2021\/03\/Mutir\u00e3o-por-terra-teta-e-trabalho-150x150.jpeg 150w, https:\/\/eadn-wc02-718006.nxedge.io\/cdn\/wp-content\/uploads\/2021\/03\/Mutir\u00e3o-por-terra-teta-e-trabalho-768x768.jpeg 768w, https:\/\/eadn-wc02-718006.nxedge.io\/cdn\/wp-content\/uploads\/2021\/03\/Mutir\u00e3o-por-terra-teta-e-trabalho-800x800.jpeg 800w, https:\/\/eadn-wc02-718006.nxedge.io\/cdn\/wp-content\/uploads\/2021\/03\/Mutir\u00e3o-por-terra-teta-e-trabalho-500x500.jpeg 500w\" alt=\"\" width=\"1024\" height=\"1024\" data-ll-status=\"loaded\" \/><\/p>\n","protected":false},"excerpt":{"rendered":"<p>\u201cMutir\u00e3o pela vida: Terra, Territ\u00f3rio e Economia\u201d \u00e9 o tema que a 6\u00aa Semana Social Brasileira (SSB) vai refletir e aprofundar a partir de uma intensa agenda nos meses de mar\u00e7o e abril de 2021. O objetivo \u00e9 discutir o assunto, escutar as comunidades, favorecer a articula\u00e7\u00e3o, a mobiliza\u00e7\u00e3o e a forma\u00e7\u00e3o. Para o bispo [&hellip;]<\/p>\n","protected":false},"author":1,"featured_media":66266,"comment_status":"open","ping_status":"closed","sticky":false,"template":"","format":"standard","meta":{"footnotes":""},"categories":[7],"tags":[],"class_list":["post-66265","post","type-post","status-publish","format-standard","has-post-thumbnail","hentry","category-cnbb"],"_links":{"self":[{"href":"https:\/\/catolicanet.net\/wp-cnet\/wp-json\/wp\/v2\/posts\/66265","targetHints":{"allow":["GET"]}}],"collection":[{"href":"https:\/\/catolicanet.net\/wp-cnet\/wp-json\/wp\/v2\/posts"}],"about":[{"href":"https:\/\/catolicanet.net\/wp-cnet\/wp-json\/wp\/v2\/types\/post"}],"author":[{"embeddable":true,"href":"https:\/\/catolicanet.net\/wp-cnet\/wp-json\/wp\/v2\/users\/1"}],"replies":[{"embeddable":true,"href":"https:\/\/catolicanet.net\/wp-cnet\/wp-json\/wp\/v2\/comments?post=66265"}],"version-history":[{"count":1,"href":"https:\/\/catolicanet.net\/wp-cnet\/wp-json\/wp\/v2\/posts\/66265\/revisions"}],"predecessor-version":[{"id":66267,"href":"https:\/\/catolicanet.net\/wp-cnet\/wp-json\/wp\/v2\/posts\/66265\/revisions\/66267"}],"wp:featuredmedia":[{"embeddable":true,"href":"https:\/\/catolicanet.net\/wp-cnet\/wp-json\/wp\/v2\/media\/66266"}],"wp:attachment":[{"href":"https:\/\/catolicanet.net\/wp-cnet\/wp-json\/wp\/v2\/media?parent=66265"}],"wp:term":[{"taxonomy":"category","embeddable":true,"href":"https:\/\/catolicanet.net\/wp-cnet\/wp-json\/wp\/v2\/categories?post=66265"},{"taxonomy":"post_tag","embeddable":true,"href":"https:\/\/catolicanet.net\/wp-cnet\/wp-json\/wp\/v2\/tags?post=66265"}],"curies":[{"name":"wp","href":"https:\/\/api.w.org\/{rel}","templated":true}]}}