{"id":66229,"date":"2021-03-03T10:37:43","date_gmt":"2021-03-03T13:37:43","guid":{"rendered":"https:\/\/catolicanet.net\/wp-cnet\/?p=66229"},"modified":"2021-03-03T15:40:07","modified_gmt":"2021-03-03T18:40:07","slug":"talvez-voce-nao-saiba-mas-um-milagre-ja-abencoou-a-sua-vida","status":"publish","type":"post","link":"https:\/\/catolicanet.net\/wp-cnet\/talvez-voce-nao-saiba-mas-um-milagre-ja-abencoou-a-sua-vida\/","title":{"rendered":"Talvez voc\u00ea n\u00e3o saiba, mas um milagre j\u00e1 aben\u00e7oou a sua vida"},"content":{"rendered":"<h2 class=\"subtitle\" style=\"text-align: justify;\">N\u00e3o espere pelos momentos extraordin\u00e1rios para demonstrar gratid\u00e3o<\/h2>\n<p style=\"text-align: justify;\">Deixe-me contar a voc\u00ea um milagre que experimentei e a profunda gratid\u00e3o que ele inspirou desde ent\u00e3o.<\/p>\n<p style=\"text-align: justify;\">A hist\u00f3ria come\u00e7a com a longa recupera\u00e7\u00e3o de minha m\u00e3e depois de um grave acidente de carro. Ela ficou presa \u00e0 cama por muito tempo e seus m\u00fasculos atrofiaram. Durante as semanas de fisioterapia que se seguiram, ela permaneceu na cadeira de rodas, enquanto lutava para recuperar sua for\u00e7a e mobilidade.<\/p>\n<p style=\"text-align: justify;\">Certa tarde, observei uma fisioterapeuta enrolar a cadeira de rodas da minha m\u00e3e entre um conjunto de barras paralelas, travar as rodas, agachar-se e dirigir-se a ela, dizendo: \u201cSra. Lowney, quero que\u00a0 se levante da cadeira de rodas com as duas m\u00e3os, levante-se e agarre-se nessas barras para se apoiar, OK?\u201d<\/p>\n<p style=\"text-align: justify;\">Eu j\u00e1 tinha visto isso antes, e o momento sempre terminava em fracasso. Eu me reconciliei com o des\u00e2nimo que estava por vir. A d\u00favida cruzou o rosto da minha m\u00e3e. Ela se ergueu alguns cent\u00edmetros e depois voltou a se abaixar.<\/p>\n<p style=\"text-align: justify;\">Mas foi mais longe do que ela tinha conseguido em tentativas f\u00fateis nas \u00faltimas duas semanas, e sua express\u00e3o mudou de preocupa\u00e7\u00e3o para concentra\u00e7\u00e3o. Ela se recomp\u00f4s para um segundo esfor\u00e7o.<\/p>\n<div class=\"nativo-inread\" style=\"text-align: justify;\"><\/div>\n<p style=\"text-align: justify;\">E ela subiu. Ela se levantou da cadeira como alguns bilh\u00f5es de n\u00f3s fazem todos os dias. Ela ficou insegura por alguns segundos e olhou em volta, observando o mundo de uma perspectiva que ela n\u00e3o gostava por mais de dois meses. Ent\u00e3o ela caiu de volta, exausta. Ela exalou de al\u00edvio e satisfa\u00e7\u00e3o, e deu ao fisioterapeuta um fraco\u00a0<em>high five<\/em>.<\/p>\n<p style=\"text-align: justify;\">Isso, \u00e9 claro, n\u00e3o foi um milagre. Isso \u00e9 o que uma excelente\u00a0 reabilita\u00e7\u00e3o pode realizar quando composta por fisioterapeutas dedicados e cuidadores de apoio.<\/p>\n<h3 style=\"text-align: justify;\">Hist\u00f3ria de um milagre<\/h3>\n<p style=\"text-align: justify;\">Conforme as pernas da minha m\u00e3e se fortaleciam, meus olhos se abriram para algo incr\u00edvel. Perto do meu pr\u00e9dio est\u00e3o seis lances de escada de concreto que eu descia todos os dias da minha vida, pensando no trabalho, no clima ou em mil outras coisas al\u00e9m dos meus passos.<\/p>\n<p style=\"text-align: justify;\">Mas durante a recupera\u00e7\u00e3o de minha m\u00e3e, eu pensei sobre meus passos. Uma ou duas vezes, desci as mesmas escadas devagar e com gratid\u00e3o, saboreando a maravilha de poder caminhar. Tentei imaginar que sinfonia intrincadamente coordenada de osso, articula\u00e7\u00e3o, c\u00e9rebro e m\u00fasculo estava ocorrendo em cada etapa.<\/p>\n<p style=\"text-align: justify;\">Naquela \u00e9poca, uma amiga cujos pais era idosos e enfermos chamou minha aten\u00e7\u00e3o para outra maravilha. Certa manh\u00e3, depois de ajudar seu pai enfermo a cal\u00e7ar as meias e os sapatos, ela ficou maravilhada com algo incr\u00edvel: de p\u00e9, conseguia se curvar, manter o equil\u00edbrio e amarrar os sapatos.<\/p>\n<p style=\"text-align: justify;\">Entendo; estes n\u00e3o s\u00e3o \u201cmilagres\u201d no sentido estrito: a ci\u00eancia pode explicar todos eles. Mas abrir meus olhos para todas as b\u00ean\u00e7\u00e3os de que desfruto foi, para mim, um pouco milagroso.<\/p>\n<h3 style=\"text-align: justify;\">A gratid\u00e3o<\/h3>\n<p style=\"text-align: justify;\">Muitos de n\u00f3s podem andar, abotoar as pr\u00f3prias camisas, ficar de p\u00e9 sem ajuda depois de se sentar em cadeiras, ler um jornal, ouvir o canto dos p\u00e1ssaros e notar os padr\u00f5es de nuvens no c\u00e9u. N\u00e3o dever\u00edamos nos sentir profundamente gratos por essas b\u00ean\u00e7\u00e3os extraordin\u00e1rias, mesmo que elas aconte\u00e7am diariamente?<\/p>\n<p style=\"text-align: justify;\">Pense da seguinte maneira: se voc\u00ea encontrar uma vaga conveniente em um estacionamento lotado de shopping em um dia de pressa, aposto que ficar\u00e1 grato. Mas voc\u00ea n\u00e3o deveria ser muito mais grato por ser saud\u00e1vel o suficiente para dirigir um carro?<\/p>\n<p style=\"text-align: justify;\">A gratid\u00e3o \u00e9 fundamental para a maioria das tradi\u00e7\u00f5es religiosas e pr\u00e1ticas espirituais. Os crist\u00e3os, por exemplo, s\u00e3o exortados a \u201calegrar-se sempre, orar sem cessar, dar gra\u00e7as em todas as circunst\u00e2ncias.\u201d\u00a0 E aqueles na tradi\u00e7\u00e3o judaica s\u00e3o encorajados a \u201cdar gra\u00e7as ao Senhor porque ele \u00e9 bom, sua miseric\u00f3rdia dura para sempre.\u201d<\/p>\n<p style=\"text-align: justify;\">Ao pensar em tudo o que tenho e em tudo que recebi, tenho certeza de uma coisa: n\u00e3o fui grata o suficiente. Provavelmente, voc\u00ea tamb\u00e9m n\u00e3o. Portanto, n\u00e3o espere por momentos extraordin\u00e1rios para lembr\u00e1-lo das formas comuns e m\u00faltiplas em que voc\u00ea \u00e9 aben\u00e7oado. Seja grato agora, amanh\u00e3, todas as manh\u00e3s e todas as noites.<\/p>\n","protected":false},"excerpt":{"rendered":"<p>N\u00e3o espere pelos momentos extraordin\u00e1rios para demonstrar gratid\u00e3o Deixe-me contar a voc\u00ea um milagre que experimentei e a profunda gratid\u00e3o que ele inspirou desde ent\u00e3o. A hist\u00f3ria come\u00e7a com a longa recupera\u00e7\u00e3o de minha m\u00e3e depois de um grave acidente de carro. Ela ficou presa \u00e0 cama por muito tempo e seus m\u00fasculos atrofiaram. Durante [&hellip;]<\/p>\n","protected":false},"author":1,"featured_media":66230,"comment_status":"open","ping_status":"closed","sticky":false,"template":"","format":"standard","meta":{"footnotes":""},"categories":[4,13],"tags":[],"class_list":["post-66229","post","type-post","status-publish","format-standard","has-post-thumbnail","hentry","category-cotidiano","category-featured"],"_links":{"self":[{"href":"https:\/\/catolicanet.net\/wp-cnet\/wp-json\/wp\/v2\/posts\/66229","targetHints":{"allow":["GET"]}}],"collection":[{"href":"https:\/\/catolicanet.net\/wp-cnet\/wp-json\/wp\/v2\/posts"}],"about":[{"href":"https:\/\/catolicanet.net\/wp-cnet\/wp-json\/wp\/v2\/types\/post"}],"author":[{"embeddable":true,"href":"https:\/\/catolicanet.net\/wp-cnet\/wp-json\/wp\/v2\/users\/1"}],"replies":[{"embeddable":true,"href":"https:\/\/catolicanet.net\/wp-cnet\/wp-json\/wp\/v2\/comments?post=66229"}],"version-history":[{"count":1,"href":"https:\/\/catolicanet.net\/wp-cnet\/wp-json\/wp\/v2\/posts\/66229\/revisions"}],"predecessor-version":[{"id":66231,"href":"https:\/\/catolicanet.net\/wp-cnet\/wp-json\/wp\/v2\/posts\/66229\/revisions\/66231"}],"wp:featuredmedia":[{"embeddable":true,"href":"https:\/\/catolicanet.net\/wp-cnet\/wp-json\/wp\/v2\/media\/66230"}],"wp:attachment":[{"href":"https:\/\/catolicanet.net\/wp-cnet\/wp-json\/wp\/v2\/media?parent=66229"}],"wp:term":[{"taxonomy":"category","embeddable":true,"href":"https:\/\/catolicanet.net\/wp-cnet\/wp-json\/wp\/v2\/categories?post=66229"},{"taxonomy":"post_tag","embeddable":true,"href":"https:\/\/catolicanet.net\/wp-cnet\/wp-json\/wp\/v2\/tags?post=66229"}],"curies":[{"name":"wp","href":"https:\/\/api.w.org\/{rel}","templated":true}]}}