{"id":6616,"date":"2015-09-01T12:08:36","date_gmt":"2015-09-01T15:08:36","guid":{"rendered":"http:\/\/catolicanet.net\/wp-cnet\/cardeal-assegura-sinodo-nao-vai-mudar-nada-na-doutrina-da-igreja-sobre-o-matrimonio\/"},"modified":"2017-05-31T14:40:17","modified_gmt":"2017-05-31T17:40:17","slug":"cardeal-assegura-sinodo-nao-vai-mudar-nada-na-doutrina-da-igreja-sobre-o-matrimonio","status":"publish","type":"post","link":"https:\/\/catolicanet.net\/wp-cnet\/cardeal-assegura-sinodo-nao-vai-mudar-nada-na-doutrina-da-igreja-sobre-o-matrimonio\/","title":{"rendered":"Cardeal assegura: S\u00ednodo n\u00e3o vai mudar nada na Doutrina da Igreja sobre o matrim\u00f4nio"},"content":{"rendered":"<p style=\"text-align: justify;\"><img decoding=\"async\" src=\"http:\/\/catolicanet.com.br\/images\/stories\/asseguracardeal.jpg\" border=\"0\" align=\"left\" \/>\u201cN\u00e3o pensemos que o S\u00ednodo vai inventar nada novo, a doutrina \u00e9 a de sempre\u201d, disse o Cardeal Juan Luis Cipriani, Arcebispo de Lima e Primaz do Peru, a respeito do pr\u00f3ximo S\u00ednodo dos Bispos sobre a Fam\u00edlia, a ser celebrado entre os dias 4 e 25 de outubro deste ano no Vaticano.<\/p>\n<p>Em declara\u00e7\u00f5es ao Grupo ACI, durante o X Congresso Nacional Eucar\u00edstico e Mariano, realizado em Piura (Peru) durante o m\u00eas de agosto, o Cardeal Cipriani assinalou: \u201co que se espera do S\u00ednodo \u00e9 que confirme toda a doutrina que a Igreja sempre mostrou em uma continuidade de seus ensinamentos, isso n\u00e3o mudar\u00e1 nada\u201d.<\/p>\n<p>O Arcebispo de Lima explicou que \u201cdesde o ponto de vista pastoral, provavelmente ante tanto div\u00f3rcio e tanto problema matrimonial e ruptura familiar, tenhamos que dirigir um maior esfor\u00e7o para preparar melhor os noivos, a fim de atender melhor os casos de pessoas em dificuldades, mas em qualquer caso servir\u00e1 para refor\u00e7ar a fam\u00edlia como uma grande proposta do pr\u00f3prio Deus\u201d.<\/p>\n<p>\u201cAcho que a fam\u00edlia ser\u00e1 recuperada, mas teremos que p\u00f4r mais aten\u00e7\u00e3o e ajudar a tanta gente que est\u00e1 divorciada, vive separada, n\u00e3o para que a doutrina seja modificada, mas porque ponhamos mais esfor\u00e7o em ajud\u00e1-los\u201d, indicou o Arcebispo de Lima.<\/p>\n<p>A respeito deste trabalho pastoral, explicou o Cardeal Cipriani, \u201cem primeiro lugar devemos melhorar a prepara\u00e7\u00e3o para o matrim\u00f4nio, pois muita gente se casa com uma superficialidade muito grande, se preocupam mais do evento social\u201d.<\/p>\n<p>\u201cEm segundo lugar, acredito que a pr\u00f3pria Igreja tem que tornar a prepara\u00e7\u00e3o para este sacramento mais acess\u00edvel, n\u00e3o p\u00f4r uma lista de dificuldades para aqueles que desejem casar-se, mas facilitar sobretudo atrav\u00e9s dos leigos e dos matrim\u00f4nios cat\u00f3licos, a fim de que eles sejam os agentes que ensinem a esta juventude\u201d.<\/p>\n<p>E em terceiro lugar, o purpurado peruano sublinhou a import\u00e2ncia de acompanhar os novos casais de esposos, para que durante seus primeiros anos \u201csintam por meio da experi\u00eancia de outros matrim\u00f4nios o apoio \u00e0s suas d\u00favidas e preocupa\u00e7\u00f5es\u201d.<\/p>\n<p>\u201c\u00c9 necess\u00e1rio evidenciar que a Igreja fala da ora\u00e7\u00e3o, da medita\u00e7\u00e3o da Palavra, da ora\u00e7\u00e3o do Ros\u00e1rio, acho que existem muitas maneiras de pertencer a esta fam\u00edlia da Igreja, mas n\u00e3o querendo romper a tradi\u00e7\u00e3o e o mandato de Cristo: que para receber a Eucaristia \u00e9 necess\u00e1rio estar em Gra\u00e7a de Deus e em comunh\u00e3o com a Igreja e que o matrim\u00f4nio \u00e9 um la\u00e7o indissol\u00favel entre homem e mulher\u201d, concluiu o Cardeal Cipriani.<\/p>\n<p style=\"text-align: justify;\">Fonte: Acidigital<\/p>\n","protected":false},"excerpt":{"rendered":"<p>\u201cN\u00e3o pensemos que o S\u00ednodo vai inventar nada novo, a doutrina \u00e9 a de sempre\u201d, disse o Cardeal Juan Luis Cipriani, Arcebispo de Lima e Primaz do Peru, a respeito do pr\u00f3ximo S\u00ednodo dos Bispos sobre a Fam\u00edlia, a ser celebrado entre os dias 4 e 25 de outubro deste ano no Vaticano. Em declara\u00e7\u00f5es [&hellip;]<\/p>\n","protected":false},"author":1,"featured_media":0,"comment_status":"closed","ping_status":"closed","sticky":false,"template":"","format":"standard","meta":{"footnotes":""},"categories":[4],"tags":[],"class_list":["post-6616","post","type-post","status-publish","format-standard","hentry","category-cotidiano"],"_links":{"self":[{"href":"https:\/\/catolicanet.net\/wp-cnet\/wp-json\/wp\/v2\/posts\/6616","targetHints":{"allow":["GET"]}}],"collection":[{"href":"https:\/\/catolicanet.net\/wp-cnet\/wp-json\/wp\/v2\/posts"}],"about":[{"href":"https:\/\/catolicanet.net\/wp-cnet\/wp-json\/wp\/v2\/types\/post"}],"author":[{"embeddable":true,"href":"https:\/\/catolicanet.net\/wp-cnet\/wp-json\/wp\/v2\/users\/1"}],"replies":[{"embeddable":true,"href":"https:\/\/catolicanet.net\/wp-cnet\/wp-json\/wp\/v2\/comments?post=6616"}],"version-history":[{"count":1,"href":"https:\/\/catolicanet.net\/wp-cnet\/wp-json\/wp\/v2\/posts\/6616\/revisions"}],"predecessor-version":[{"id":11451,"href":"https:\/\/catolicanet.net\/wp-cnet\/wp-json\/wp\/v2\/posts\/6616\/revisions\/11451"}],"wp:attachment":[{"href":"https:\/\/catolicanet.net\/wp-cnet\/wp-json\/wp\/v2\/media?parent=6616"}],"wp:term":[{"taxonomy":"category","embeddable":true,"href":"https:\/\/catolicanet.net\/wp-cnet\/wp-json\/wp\/v2\/categories?post=6616"},{"taxonomy":"post_tag","embeddable":true,"href":"https:\/\/catolicanet.net\/wp-cnet\/wp-json\/wp\/v2\/tags?post=6616"}],"curies":[{"name":"wp","href":"https:\/\/api.w.org\/{rel}","templated":true}]}}