{"id":65994,"date":"2021-02-18T11:09:28","date_gmt":"2021-02-18T14:09:28","guid":{"rendered":"https:\/\/catolicanet.net\/wp-cnet\/?p=65994"},"modified":"2021-02-18T13:17:31","modified_gmt":"2021-02-18T16:17:31","slug":"francisco-e-os-exercicios-espirituais-unidos-na-oracao-uns-pelos-outros","status":"publish","type":"post","link":"https:\/\/catolicanet.net\/wp-cnet\/francisco-e-os-exercicios-espirituais-unidos-na-oracao-uns-pelos-outros\/","title":{"rendered":"Francisco e os Exerc\u00edcios Espirituais: unidos na ora\u00e7\u00e3o uns pelos outros"},"content":{"rendered":"<div class=\"article__subTitle\" style=\"text-align: justify;\">Este ano, os exerc\u00edcios espirituais de Quaresma da C\u00faria Romana, devido \u00e0 pandemia, n\u00e3o poder\u00e3o ser realizados em presen\u00e7a. A todos os participantes, individualmente, o Papa deu o livro &#8220;Abbi a cuore il Signore&#8221; (Tenha o Senhor no cora\u00e7\u00e3o), extra\u00eddo de um antigo manuscrito<\/div>\n<div class=\"title__separator\" style=\"text-align: justify;\"><\/div>\n<div class=\"article__text \">\n<p style=\"text-align: justify;\"><b>Vatican News<\/b><\/p>\n<p style=\"text-align: justify;\">A Casa do Divino Mestre em Ariccia n\u00e3o receber\u00e1 o Papa e seus colaboradores para seus exerc\u00edcios espirituais nesta Quaresma, agendada de 21 a 26\u00a0 de fevereiro. Francisco quis expressar sua proximidade e, em todo caso, exortar a todos a participar em ora\u00e7\u00e3o individual \u00e0 dist\u00e2ncia, dando a cada pessoa o livro &#8220;Tenha o Senhor no cora\u00e7\u00e3o&#8221;, publicado pela ed. S\u00e3o Paulo e organizado pelo padre jesu\u00edta, Daniele Libanori acompanhado por uma carta.<\/p>\n<div style=\"text-align: justify;\">\n<div class=\"article__embed article__embed--unwrap article__embed--dark\">\n<div class=\"article__innerTitle\">Ou\u00e7a e compartilhe!<\/div>\n<div>\n<!--[if lt IE 9]><script>document.createElement('audio');<\/script><![endif]-->\n<audio class=\"wp-audio-shortcode\" id=\"audio-65994-1\" preload=\"none\" style=\"width: 100%;\" controls=\"controls\"><source type=\"audio\/mpeg\" src=\"https:\/\/media.vaticannews.va\/media\/audio\/s1\/2021\/02\/18\/14\/135926571_F135926571.mp3?_=1\" \/><a href=\"https:\/\/media.vaticannews.va\/media\/audio\/s1\/2021\/02\/18\/14\/135926571_F135926571.mp3\">https:\/\/media.vaticannews.va\/media\/audio\/s1\/2021\/02\/18\/14\/135926571_F135926571.mp3<\/a><\/audio>\n<\/div>\n<\/div>\n<\/div>\n<p style=\"text-align: justify;\">\u00a0Na carta o Papa explica que devido \u201cA situa\u00e7\u00e3o atual que impede a reuni\u00e3o de pessoas\u201d, \u201cn\u00e3o poderemos ir \u00e0 Casa de Exerc\u00edcios\u201d. E pede para que todos \u201ctomem suas pr\u00f3prias provid\u00eancias pessoais\u201d, retirando-se em ora\u00e7\u00e3o &#8220;no lugar que for mais conveniente&#8221;, a partir da tarde de domingo 21 a sexta-feira 26 de fevereiro, \u201cpara fazer seus exerc\u00edcios Espirituais\u201d.<\/p>\n<p style=\"text-align: justify;\">Francisco assegura: \u201cUno-me a todos fazendo meus Exerc\u00edcios em casa. Para expressar esta uni\u00e3o, pensei em enviar a cada um de voc\u00eas este livro:\u00a0<i>Tenha o Senhor no cora\u00e7\u00e3o<\/i>. E concluindo o Papa escreve \u201cTenho certeza de que isso nos ajudar\u00e1 em nossa vida espiritual\u201d.<\/p>\n<p style=\"text-align: justify;\">Por fim recorda: \u201cUnidos na ora\u00e7\u00e3o uns pelos outros\u201d.<\/p>\n<\/div>\n","protected":false},"excerpt":{"rendered":"<p>Este ano, os exerc\u00edcios espirituais de Quaresma da C\u00faria Romana, devido \u00e0 pandemia, n\u00e3o poder\u00e3o ser realizados em presen\u00e7a. A todos os participantes, individualmente, o Papa deu o livro &#8220;Abbi a cuore il Signore&#8221; (Tenha o Senhor no cora\u00e7\u00e3o), extra\u00eddo de um antigo manuscrito Vatican News A Casa do Divino Mestre em Ariccia n\u00e3o receber\u00e1 [&hellip;]<\/p>\n","protected":false},"author":1,"featured_media":65995,"comment_status":"open","ping_status":"closed","sticky":false,"template":"","format":"standard","meta":{"footnotes":""},"categories":[3],"tags":[],"class_list":["post-65994","post","type-post","status-publish","format-standard","has-post-thumbnail","hentry","category-vaticano"],"_links":{"self":[{"href":"https:\/\/catolicanet.net\/wp-cnet\/wp-json\/wp\/v2\/posts\/65994","targetHints":{"allow":["GET"]}}],"collection":[{"href":"https:\/\/catolicanet.net\/wp-cnet\/wp-json\/wp\/v2\/posts"}],"about":[{"href":"https:\/\/catolicanet.net\/wp-cnet\/wp-json\/wp\/v2\/types\/post"}],"author":[{"embeddable":true,"href":"https:\/\/catolicanet.net\/wp-cnet\/wp-json\/wp\/v2\/users\/1"}],"replies":[{"embeddable":true,"href":"https:\/\/catolicanet.net\/wp-cnet\/wp-json\/wp\/v2\/comments?post=65994"}],"version-history":[{"count":2,"href":"https:\/\/catolicanet.net\/wp-cnet\/wp-json\/wp\/v2\/posts\/65994\/revisions"}],"predecessor-version":[{"id":65997,"href":"https:\/\/catolicanet.net\/wp-cnet\/wp-json\/wp\/v2\/posts\/65994\/revisions\/65997"}],"wp:featuredmedia":[{"embeddable":true,"href":"https:\/\/catolicanet.net\/wp-cnet\/wp-json\/wp\/v2\/media\/65995"}],"wp:attachment":[{"href":"https:\/\/catolicanet.net\/wp-cnet\/wp-json\/wp\/v2\/media?parent=65994"}],"wp:term":[{"taxonomy":"category","embeddable":true,"href":"https:\/\/catolicanet.net\/wp-cnet\/wp-json\/wp\/v2\/categories?post=65994"},{"taxonomy":"post_tag","embeddable":true,"href":"https:\/\/catolicanet.net\/wp-cnet\/wp-json\/wp\/v2\/tags?post=65994"}],"curies":[{"name":"wp","href":"https:\/\/api.w.org\/{rel}","templated":true}]}}