{"id":65969,"date":"2021-02-17T15:15:34","date_gmt":"2021-02-17T18:15:34","guid":{"rendered":"https:\/\/catolicanet.net\/wp-cnet\/?p=65969"},"modified":"2021-02-17T15:16:07","modified_gmt":"2021-02-17T18:16:07","slug":"conheca-a-historia-por-tras-da-promulgacao-do-ano-de-sao-jose","status":"publish","type":"post","link":"https:\/\/catolicanet.net\/wp-cnet\/conheca-a-historia-por-tras-da-promulgacao-do-ano-de-sao-jose\/","title":{"rendered":"Conhe\u00e7a a hist\u00f3ria por tr\u00e1s da promulga\u00e7\u00e3o do ano de S\u00e3o Jos\u00e9"},"content":{"rendered":"<p style=\"text-align: justify;\">O autor da Consagra\u00e7\u00e3o a S\u00e3o Jos\u00e9, Pe. Donald Calloway, narrou como uma carta que enviou em 2019 ao Papa Francisco foi a base para o Papa Francisco convocar o ano de S\u00e3o Jos\u00e9, padroeiro da\u00a0Igreja\u00a0universal.<\/p>\n<p style=\"text-align: justify;\">Em declara\u00e7\u00f5es ao\u00a0National Catholic Register (NCR),\u00a0o Pe. Calloway disse ter recebido com gratid\u00e3o e assombro a not\u00edcia do ano dedicado a S\u00e3o Jos\u00e9 e revelou que em 2019 escreveu uma carta, que foi entregue ao Papa Francisco pelo Bispo de Gualeguaych\u00fa (Argentina), Dom H\u00e9ctor Zord\u00e1n, na qual lhe pediu que dedicasse um ano a S\u00e3o Jos\u00e9.<\/p>\n<p style=\"text-align: justify;\">\u201cPercebi que n\u00f3s, a Igreja universal, nunca tivemos um ano dedicado a S\u00e3o Jos\u00e9\u201d, explicou. \u201cEnt\u00e3o, eu pensei, &#8216;Isso \u00e9 um pouco vergonhoso! Ele \u00e9 o maior santo depois de Nossa Senhora, a Defensora da Igreja, e nunca fizemos algo assim?\u201d, acrescentou.<\/p>\n<p style=\"text-align: justify;\">O sacerdote disse que decidiu escrever uma carta ao Santo Padre, mesmo sem saber como faria para que o Pont\u00edfice realmente a recebesse, e menos ainda se iria responder.<\/p>\n<p style=\"text-align: justify;\">&#8220;Ent\u00e3o, a princ\u00edpio, comecei a escrever para\u00a0bispos\u00a0pedindo-lhes que considerassem dedicar um ano a S\u00e3o Jos\u00e9 em suas dioceses individuais, e muitos responderam&#8221;. Por\u00e9m, no dia 1\u00ba de maio (festa de S\u00e3o Jos\u00e9 Oper\u00e1rio), \u201cdecidi escrever esta carta ao Papa\u201d, disse.<\/p>\n<p style=\"text-align: justify;\">Pe. Calloway explicou que inicialmente a carta foi escrita em ingl\u00eas, mas um companheiro da Imaculada Concei\u00e7\u00e3o o aconselhou a traduzi-la para o espanhol, que \u00e9 a l\u00edngua nativa do Papa.<\/p>\n<p style=\"text-align: justify;\">&#8220;Sabia que o Papa Francisco realmente n\u00e3o fala ingl\u00eas muito bem&#8221;, explicou. \u201cQueria que a carta fosse f\u00e1cil de ler. Por isso pedi ao Pe. Dante Ag\u00fcero, da Argentina, que a traduzisse para o espanhol\u201d, acrescentou.<\/p>\n<p style=\"text-align: justify;\">Ap\u00f3s a tradu\u00e7\u00e3o, Pe. Ag\u00fcero entrou em contato com um bispo argentino que teria um encontro com o Santo Padre e pediu-lhe que os ajudasse entregando a carta ao Papa Francisco.<\/p>\n<p style=\"text-align: justify;\">\u201cEstava claro que Deus estava agindo: quero dizer, quais eram as possibilidades de um bispo que meu amigo conhecia se encontrasse com o Papa Francisco para sua visita ad limina e que poderia haver uma oportunidade para ele entregar esta carta pessoalmente?\u201d acrescentou Pe. Calloway.<\/p>\n<p style=\"text-align: justify;\">Dom Zord\u00e1n confirmou em entrevista ao Register que entregou a carta ao Santo Padre durante a visita ad limina dos bispos da Argentina, realizada em 2 de maio de 2019.<\/p>\n<p style=\"text-align: justify;\">\u201cPe. Dante Ag\u00fcero, meu amigo h\u00e1 muitos anos, deu-me uma carta do Pe. Donald Calloway, seu irm\u00e3o na religi\u00e3o, para entregar ao Santo Padre\u201d, assinalou. \u201cPadre Dante antecipou verbalmente o conte\u00fado dela: este \u00e9 um pedido especial ao Papa Francisco para convocar um ano dedicado a S\u00e3o Jos\u00e9. Na verdade, o Padre Calloway \u00e9 um grande promotor da devo\u00e7\u00e3o a S\u00e3o Jos\u00e9\u201d, indicou.<\/p>\n<p style=\"text-align: justify;\">Dom Zord\u00e1n indicou que no dia em que se encontrou com o Santo Padre, o Papa Francisco os esperava \u201cquase na porta da sala de audi\u00eancias do Vaticano\u201d, onde saudou pessoalmente a cada um.<\/p>\n<p style=\"text-align: justify;\">\u201cQuando chegou a minha vez de v\u00ea-lo, ele me cumprimentou com um gesto de alegria. Eu o cumprimentei, alegremente, em resposta. Trocamos algumas palavras e foi ent\u00e3o que lhe entreguei v\u00e1rias cartas, inclusive o pedido do Padre Calloway de um Ano de S\u00e3o Jos\u00e9\u201d, disse.<\/p>\n<p style=\"text-align: justify;\">Depois de retornar \u00e0 Argentina, Dom Zord\u00e1n indicou que o Vaticano nunca se comunicou com ele sobre a carta, mas que, tendo-a entregue diretamente ao Papa, o bispo sabia que o Papa Francisco pelo menos a teria lido e provavelmente responderia.<\/p>\n<p style=\"text-align: justify;\">\u201cAgora, no entanto, acho que podemos intuir que o conte\u00fado da carta contribuiu muito para a convoca\u00e7\u00e3o do ano dedicado a S\u00e3o Jos\u00e9, anunciada pelo Santo Padre no dia 8 de dezembro\u201d, disse.<\/p>\n<p style=\"text-align: justify;\">Pe. Calloway tamb\u00e9m assinalou que at\u00e9 8 de dezembro n\u00e3o tinha ouvido nada do Vaticano sobre seu pedido por escrito, mas continuou escrevendo \u00e0s dioceses dos Estados Unidos para convocar um ano de S\u00e3o Jos\u00e9.<\/p>\n<p style=\"text-align: justify;\">Embora as respostas dos bispos tenham sido encorajadoras, o Pe. Calloway admitiu que n\u00e3o era o resultado que esperava.<\/p>\n<p style=\"text-align: justify;\">\u201cA carta ao Papa Francisco permaneceu em meus pensamentos e ora\u00e7\u00f5es. As pessoas estavam entrando em contato comigo, perguntando se eu tinha ouvido alguma coisa do Papa; e eu tive que dizer que n\u00e3o, mas eu estava orando, orando, orando&#8221;, indicou.<\/p>\n<p style=\"text-align: justify;\">O sacerdote assinalou que de repente a not\u00edcia chegou e ressaltou que a Santa S\u00e9 havia se preparado para esta surpresa, dado que a carta apost\u00f3lica Patris Corde est\u00e1 bem pesquisada e pensada.<\/p>\n<p style=\"text-align: justify;\">\u201cN\u00e3o \u00e9 pouca coisa que o Santo Padre tenha declarado este ano no 150\u00ba anivers\u00e1rio da declara\u00e7\u00e3o de S\u00e3o Jos\u00e9 como \u2018Padroeiro da Igreja universal\u2019\u201d, acrescentou.<\/p>\n<p style=\"text-align: justify;\">Pe. Calloway concluiu que foi gra\u00e7as a esta convoca\u00e7\u00e3o que outra inspira\u00e7\u00e3o o levou a enviar outra carta ao Papa Francisco neste m\u00eas, pedindo ao Pont\u00edfice que declarasse o dia 23 de janeiro como mem\u00f3ria obrigat\u00f3ria dos Santos Esposos, S\u00e3o Jos\u00e9 e Santa Maria.<\/p>\n<p style=\"text-align: justify;\">\u201cMuitas pessoas est\u00e3o muito preocupadas com as v\u00e1rias crises que est\u00e3o acontecendo no mundo quando se trata de taxas de div\u00f3rcio\u201d, explicou. \u201cO pr\u00f3prio Jesus disse que os puros de cora\u00e7\u00e3o ver\u00e3o a Deus. Temos que ser honestos com o qu\u00e3o degradante nossa sociedade se tornou, como ela \u00e9 pornogr\u00e1fica. A clareza de vis\u00e3o e o discernimento parecem completamente desorientados. Quero dizer, \u00e9 uma desorienta\u00e7\u00e3o completamente diab\u00f3lica. Neste momento, muitos homens n\u00e3o veem Deus, muito menos a sua vontade, porque s\u00e3o impuros, n\u00e3o s\u00f3 sexualmente impuros, mas tamb\u00e9m espiritual e ideologicamente\u201d, acrescentou.<\/p>\n<p style=\"text-align: justify;\">O sacerdote assinalou que a raiz das divis\u00f5es que est\u00e1 presenciando na Igreja s\u00e3o consequ\u00eancia dessa impureza, principalmente entre os homens que rezam, que buscam a virtude.<\/p>\n<p style=\"text-align: justify;\">\u201cAs inten\u00e7\u00f5es n\u00e3o s\u00e3o puras\u201d, explicou. &#8220;Por que rezamos? O que nos motiva, inclusive a atitude da nossa ora\u00e7\u00e3o, a linguagem corporal nos diz muito. Os homens se tornaram narcisistas e voltados para dentro, e o resultado disso \u00e9 a impot\u00eancia espiritual. Toda a sua masculinidade se v\u00ea abalada. Parece que Satan\u00e1s n\u00e3o est\u00e1 preocupado pela maioria dos homens agora, e esse \u00e9 um grande problema quando as crian\u00e7as que crescem com estes homens t\u00eam fam\u00edlias. Se os pais de fam\u00edlia n\u00e3o t\u00eam poder espiritual, sua autoridade foi usurpada. N\u00e3o \u00e9 de estranhar que a fam\u00edlia esteja em decad\u00eancia\u201d, acrescentou.<\/p>\n<p style=\"text-align: justify;\">Pe. Calloway explicou que a Igreja tem tentado resolver esses problemas com programas, confer\u00eancias e retiros, muitas vezes com grandes custos financeiros, mas diz que esses esfor\u00e7os servem apenas como rem\u00e9dio, n\u00e3o como cura.<\/p>\n<p style=\"text-align: justify;\">\u201cTemos que chegar \u00e0 raiz do problema e S\u00e3o Jos\u00e9 \u00e9 o homem para isso. Ele \u00e9 o modelo do homem decidido, um modelo do cora\u00e7\u00e3o masculino, e o seu matrim\u00f4nio com Nossa Senhora\u201d \u00e9 fundamental para o nosso tempo, concluiu.<\/p>\n<p style=\"text-align: justify;\"><em>Publicado originalmente em<\/em><a href=\"https:\/\/www.ncregister.com\/features\/the-incredible-story-behind-the-year-of-st-joseph\">\u00a0<em>National Catholic Register.<\/em><\/a><\/p>\n","protected":false},"excerpt":{"rendered":"<p>O autor da Consagra\u00e7\u00e3o a S\u00e3o Jos\u00e9, Pe. Donald Calloway, narrou como uma carta que enviou em 2019 ao Papa Francisco foi a base para o Papa Francisco convocar o ano de S\u00e3o Jos\u00e9, padroeiro da\u00a0Igreja\u00a0universal. Em declara\u00e7\u00f5es ao\u00a0National Catholic Register (NCR),\u00a0o Pe. Calloway disse ter recebido com gratid\u00e3o e assombro a not\u00edcia do ano [&hellip;]<\/p>\n","protected":false},"author":1,"featured_media":65970,"comment_status":"open","ping_status":"closed","sticky":false,"template":"","format":"standard","meta":{"footnotes":""},"categories":[4],"tags":[],"class_list":["post-65969","post","type-post","status-publish","format-standard","has-post-thumbnail","hentry","category-cotidiano"],"_links":{"self":[{"href":"https:\/\/catolicanet.net\/wp-cnet\/wp-json\/wp\/v2\/posts\/65969","targetHints":{"allow":["GET"]}}],"collection":[{"href":"https:\/\/catolicanet.net\/wp-cnet\/wp-json\/wp\/v2\/posts"}],"about":[{"href":"https:\/\/catolicanet.net\/wp-cnet\/wp-json\/wp\/v2\/types\/post"}],"author":[{"embeddable":true,"href":"https:\/\/catolicanet.net\/wp-cnet\/wp-json\/wp\/v2\/users\/1"}],"replies":[{"embeddable":true,"href":"https:\/\/catolicanet.net\/wp-cnet\/wp-json\/wp\/v2\/comments?post=65969"}],"version-history":[{"count":2,"href":"https:\/\/catolicanet.net\/wp-cnet\/wp-json\/wp\/v2\/posts\/65969\/revisions"}],"predecessor-version":[{"id":65972,"href":"https:\/\/catolicanet.net\/wp-cnet\/wp-json\/wp\/v2\/posts\/65969\/revisions\/65972"}],"wp:featuredmedia":[{"embeddable":true,"href":"https:\/\/catolicanet.net\/wp-cnet\/wp-json\/wp\/v2\/media\/65970"}],"wp:attachment":[{"href":"https:\/\/catolicanet.net\/wp-cnet\/wp-json\/wp\/v2\/media?parent=65969"}],"wp:term":[{"taxonomy":"category","embeddable":true,"href":"https:\/\/catolicanet.net\/wp-cnet\/wp-json\/wp\/v2\/categories?post=65969"},{"taxonomy":"post_tag","embeddable":true,"href":"https:\/\/catolicanet.net\/wp-cnet\/wp-json\/wp\/v2\/tags?post=65969"}],"curies":[{"name":"wp","href":"https:\/\/api.w.org\/{rel}","templated":true}]}}