{"id":65963,"date":"2021-02-17T15:08:28","date_gmt":"2021-02-17T18:08:28","guid":{"rendered":"https:\/\/catolicanet.net\/wp-cnet\/?p=65963"},"modified":"2021-02-17T15:08:28","modified_gmt":"2021-02-17T18:08:28","slug":"disponivel-o-roteiro-celebrar-em-familia-para-a-quarta-feira-de-cinzas","status":"publish","type":"post","link":"https:\/\/catolicanet.net\/wp-cnet\/disponivel-o-roteiro-celebrar-em-familia-para-a-quarta-feira-de-cinzas\/","title":{"rendered":"DISPON\u00cdVEL O ROTEIRO CELEBRAR EM FAM\u00cdLIA PARA A QUARTA-FEIRA DE CINZAS"},"content":{"rendered":"<p style=\"text-align: justify;\">A Comiss\u00e3o Episcopal Pastoral para a Liturgia da Confer\u00eancia Nacional dos Bispos do Brasil (CNBB) disponibilizou o roteiro Celebrar em Fam\u00edlia para a celebra\u00e7\u00e3o da Quarta-feira de Cinzas, dia 17 de fevereiro.<\/p>\n<p style=\"text-align: justify;\">Para celebrar a data, a Comiss\u00e3o sugere para, onde for poss\u00edvel, preparar com anteced\u00eancia um pequeno recipiente com as cinzas preferencialmente adquiridas de ramos bentos ou palha benta queimados. Tamb\u00e9m \u00e9 sugerido colocar em algum lugar externo da casa (porta, janela ou varanda), bem vis\u00edvel, uma cruz ornada com um pano de cor roxa.<\/p>\n<p style=\"text-align: justify;\">Os roteiros, desde o in\u00edcio da pandemia, t\u00eam ajudado as pessoas impossibilitadas por motivo de sa\u00fade ou idade, ou porque pertencem ao denominado \u2018grupo de risco\u2019 que precisam abster-se de participar das celebra\u00e7\u00f5es comunit\u00e1rias dominicais. Tamb\u00e9m \u00e9 um instrumento que pode contribuir para a celebra\u00e7\u00e3o em fam\u00edlia nas dioceses que foram impactadas por novas restri\u00e7\u00f5es a atividades presenciais.<\/p>\n<p style=\"text-align: justify;\"><em>\u201cS\u00e3o muitos os hor\u00e1rios de transmiss\u00e3o de missas em nossos canais cat\u00f3licos que podemos acompanhar, mas vivendo a dignidade de povo sacerdotal que nosso batismo nos conferiu, podemos n\u00e3o s\u00f3 acompanhar, mas CELEBRAR com nossas fam\u00edlias o Dia do Senhor\u201d<\/em>, motiva a Comiss\u00e3o para a Liturgia da CNBB.<\/p>\n<p style=\"text-align: justify;\"><a href=\"https:\/\/www.cnbb.org.br\/wp-content\/uploads\/2021\/02\/14-Celebrar-em-Fam%C3%ADlia-Cinzas.pdf\">Baixe o roteiro para a celebra\u00e7\u00e3o da Quarta-feira de Cinzas<\/a><\/p>\n","protected":false},"excerpt":{"rendered":"<p>A Comiss\u00e3o Episcopal Pastoral para a Liturgia da Confer\u00eancia Nacional dos Bispos do Brasil (CNBB) disponibilizou o roteiro Celebrar em Fam\u00edlia para a celebra\u00e7\u00e3o da Quarta-feira de Cinzas, dia 17 de fevereiro. Para celebrar a data, a Comiss\u00e3o sugere para, onde for poss\u00edvel, preparar com anteced\u00eancia um pequeno recipiente com as cinzas preferencialmente adquiridas de [&hellip;]<\/p>\n","protected":false},"author":1,"featured_media":65964,"comment_status":"open","ping_status":"closed","sticky":false,"template":"","format":"standard","meta":{"footnotes":""},"categories":[7],"tags":[],"class_list":["post-65963","post","type-post","status-publish","format-standard","has-post-thumbnail","hentry","category-cnbb"],"_links":{"self":[{"href":"https:\/\/catolicanet.net\/wp-cnet\/wp-json\/wp\/v2\/posts\/65963","targetHints":{"allow":["GET"]}}],"collection":[{"href":"https:\/\/catolicanet.net\/wp-cnet\/wp-json\/wp\/v2\/posts"}],"about":[{"href":"https:\/\/catolicanet.net\/wp-cnet\/wp-json\/wp\/v2\/types\/post"}],"author":[{"embeddable":true,"href":"https:\/\/catolicanet.net\/wp-cnet\/wp-json\/wp\/v2\/users\/1"}],"replies":[{"embeddable":true,"href":"https:\/\/catolicanet.net\/wp-cnet\/wp-json\/wp\/v2\/comments?post=65963"}],"version-history":[{"count":1,"href":"https:\/\/catolicanet.net\/wp-cnet\/wp-json\/wp\/v2\/posts\/65963\/revisions"}],"predecessor-version":[{"id":65965,"href":"https:\/\/catolicanet.net\/wp-cnet\/wp-json\/wp\/v2\/posts\/65963\/revisions\/65965"}],"wp:featuredmedia":[{"embeddable":true,"href":"https:\/\/catolicanet.net\/wp-cnet\/wp-json\/wp\/v2\/media\/65964"}],"wp:attachment":[{"href":"https:\/\/catolicanet.net\/wp-cnet\/wp-json\/wp\/v2\/media?parent=65963"}],"wp:term":[{"taxonomy":"category","embeddable":true,"href":"https:\/\/catolicanet.net\/wp-cnet\/wp-json\/wp\/v2\/categories?post=65963"},{"taxonomy":"post_tag","embeddable":true,"href":"https:\/\/catolicanet.net\/wp-cnet\/wp-json\/wp\/v2\/tags?post=65963"}],"curies":[{"name":"wp","href":"https:\/\/api.w.org\/{rel}","templated":true}]}}