{"id":6595,"date":"2015-08-31T13:56:27","date_gmt":"2015-08-31T16:56:27","guid":{"rendered":"http:\/\/catolicanet.net\/wp-cnet\/papa-reza-pelos-migrantes-e-convida-a-por-termo-as-violencias\/"},"modified":"2017-04-11T15:39:40","modified_gmt":"2017-04-11T18:39:40","slug":"papa-reza-pelos-migrantes-e-convida-a-por-termo-as-violencias","status":"publish","type":"post","link":"https:\/\/catolicanet.net\/wp-cnet\/papa-reza-pelos-migrantes-e-convida-a-por-termo-as-violencias\/","title":{"rendered":"Papa reza pelos migrantes e convida a p\u00f4r termo \u00e0s viol\u00eancias"},"content":{"rendered":"<p style=\"text-align: justify;\">\n<p><img decoding=\"async\" src=\"http:\/\/catolicanet.com.br\/images\/stories\/geral\/ansa852569_articolo.jpg\" border=\"0\" align=\"left\" \/>\u201cOntem, em Harissa, no L\u00edbano, foi proclamado Beato o Bispo siro-cat\u00f3lico, Flaviano Michele Melki, m\u00e1rtir. No contexto de uma tremenda persecu\u00e7\u00e3o contra os crist\u00e3os, ele foi defensor incans\u00e1vel dos direitos do seu povo, exortando todos a permanecer firmes na f\u00e9. Tamb\u00e9m hoje, no Meio Oriente e noutras partes do mundo, os crist\u00e3os s\u00e3o perseguidos. A beatifica\u00e7\u00e3o deste bispo m\u00e1rtir infunda neles consola\u00e7\u00e3o, coragem e esperan\u00e7a. Mas sirva tamb\u00e9m de estimulo aos legisladores e aos governantes a fim de que seja assegurada, onde quer que seja, a liberdade religiosa; e \u00e0 comunidade internacional para que se ponha termo \u00e0s viol\u00eancias e prevarica\u00e7\u00f5es.<\/p>\n<p>Infelizmente tamb\u00e9m nos dias passados numerosos migrantes perderam a vida nas suas terr\u00edveis viagens. Para todos esses irm\u00e3os e irm\u00e3s, rezo e convido a rezar. Uno-me, de modo particular, ao cardeal Schonborn \u2013 que hoje est\u00e1 aqui presente \u2013 e a toda a Igreja na \u00c1ustria em ora\u00e7\u00e3o pelas 71 v\u00edtimas, entre as quais quatro crian\u00e7as, encontradas num cami\u00e3o na autroestrada Budapest-Viena. Confiamos cada uma delas \u00e0 miseric\u00f3rdia de Deus; e a Ele pedimos para nos ajudar a cooperar com efic\u00e1cia para impedir estes crimes, que ofendem toda a fam\u00edlia humana. Rezemos em sil\u00eancio para todos os migrantes e para os que perderam a vida\u2026<\/p>\n<p style=\"text-align: justify;\">Fonte: R\u00e1dio Vaticano<\/p>\n","protected":false},"excerpt":{"rendered":"<p>\u201cOntem, em Harissa, no L\u00edbano, foi proclamado Beato o Bispo siro-cat\u00f3lico, Flaviano Michele Melki, m\u00e1rtir. No contexto de uma tremenda persecu\u00e7\u00e3o contra os crist\u00e3os, ele foi defensor incans\u00e1vel dos direitos do seu povo, exortando todos a permanecer firmes na f\u00e9. Tamb\u00e9m hoje, no Meio Oriente e noutras partes do mundo, os crist\u00e3os s\u00e3o perseguidos. A [&hellip;]<\/p>\n","protected":false},"author":1,"featured_media":0,"comment_status":"closed","ping_status":"closed","sticky":false,"template":"","format":"standard","meta":{"footnotes":""},"categories":[3],"tags":[],"class_list":["post-6595","post","type-post","status-publish","format-standard","hentry","category-vaticano"],"_links":{"self":[{"href":"https:\/\/catolicanet.net\/wp-cnet\/wp-json\/wp\/v2\/posts\/6595","targetHints":{"allow":["GET"]}}],"collection":[{"href":"https:\/\/catolicanet.net\/wp-cnet\/wp-json\/wp\/v2\/posts"}],"about":[{"href":"https:\/\/catolicanet.net\/wp-cnet\/wp-json\/wp\/v2\/types\/post"}],"author":[{"embeddable":true,"href":"https:\/\/catolicanet.net\/wp-cnet\/wp-json\/wp\/v2\/users\/1"}],"replies":[{"embeddable":true,"href":"https:\/\/catolicanet.net\/wp-cnet\/wp-json\/wp\/v2\/comments?post=6595"}],"version-history":[{"count":1,"href":"https:\/\/catolicanet.net\/wp-cnet\/wp-json\/wp\/v2\/posts\/6595\/revisions"}],"predecessor-version":[{"id":11472,"href":"https:\/\/catolicanet.net\/wp-cnet\/wp-json\/wp\/v2\/posts\/6595\/revisions\/11472"}],"wp:attachment":[{"href":"https:\/\/catolicanet.net\/wp-cnet\/wp-json\/wp\/v2\/media?parent=6595"}],"wp:term":[{"taxonomy":"category","embeddable":true,"href":"https:\/\/catolicanet.net\/wp-cnet\/wp-json\/wp\/v2\/categories?post=6595"},{"taxonomy":"post_tag","embeddable":true,"href":"https:\/\/catolicanet.net\/wp-cnet\/wp-json\/wp\/v2\/tags?post=6595"}],"curies":[{"name":"wp","href":"https:\/\/api.w.org\/{rel}","templated":true}]}}