{"id":65944,"date":"2021-02-14T12:36:26","date_gmt":"2021-02-14T15:36:26","guid":{"rendered":"https:\/\/catolicanet.net\/wp-cnet\/?p=65944"},"modified":"2021-02-15T12:37:26","modified_gmt":"2021-02-15T15:37:26","slug":"vi-domingo-do-tempo-comum","status":"publish","type":"post","link":"https:\/\/catolicanet.net\/wp-cnet\/vi-domingo-do-tempo-comum\/","title":{"rendered":"VI DOMINGO DO TEMPO COMUM"},"content":{"rendered":"<p style=\"text-align: center;\"><em>\u201cJesus, cheio de compaix\u00e3o, estendeu a m\u00e3o, tocou nele, e disse: &#8216;Eu quero: fica curado!&#8217;\u201d (cf. Mc 1,41).<\/em><\/p>\n<p style=\"text-align: justify;\"><em>\u00a0\u00a0\u00a0\u00a0\u00a0\u00a0\u00a0\u00a0 <\/em><\/p>\n<p style=\"text-align: justify;\"><em>\u00a0\u00a0\u00a0\u00a0\u00a0\u00a0\u00a0\u00a0 <\/em>A Liturgia do VI Domingo do Tempo Comum, nos convida a refletir sobre o acolhimento de Deus na busca da reintegra\u00e7\u00e3o de homens e mulheres \u00e0 comunidade de Seus filhos amados, em que a exclus\u00e3o, segrega\u00e7\u00e3o e marginaliza\u00e7\u00e3o s\u00e3o alvos da cr\u00edtica de Jesus atrav\u00e9s do gesto mais simples, acolher o leproso\/pecador como gesto de amor e compaix\u00e3o.<\/p>\n<p style=\"text-align: justify;\">Na Primeira Leitura extra\u00edda do Livro do Lev\u00edtico <em>(Lv 13,1-2.44-46)<\/em>, \u00e9 relatado a orienta\u00e7\u00e3o da Lei dada \u00e0queles que s\u00e3o leprosos e a \u201cpena\u201d a qual sofrer\u00e1: <em>\u201cSe o homem estiver leproso \u00e9 impuro, e como tal o sacerdote o deve declarar. O homem atingido por este mal andar\u00e1 com as vestes rasgadas, os cabelos em desordem e a barba coberta, gritando: &#8216;Impuro! Impuro!&#8217; Durante todo o tempo em que estiver leproso ser\u00e1 impuro; e, sendo impuro, deve ficar isolado e morar fora do acampamento&#8217;\u201d (cf. Lv 13,44-46). <\/em>Aqui, percebe-se a capacidade dos homens em deturpada a imagem de Deus ao inventar mecanismos de rejei\u00e7\u00e3o e discrimina\u00e7\u00e3o em Seu nome. Fato \u00e9 que vemos, at\u00e9 hoje, tais a\u00e7\u00f5es em nossa sociedade contempor\u00e2nea, principalmente daqueles que se dizem \u201cterrivelmente crist\u00e3os\u201d, mas que n\u00e3o sabem vivenciar o verdadeiro testemunho do acolhimento.<\/p>\n<p style=\"text-align: justify;\">O Evangelho de Marcos (<em>Mc 1,40-45), <\/em>reafirma este vivenciar o verdadeiro acolhimento e vai al\u00e9m&#8230; Jesus ao demonstrar sua compaix\u00e3o para o leproso, torna-se part\u00edcipe da situa\u00e7\u00e3o do homem marginalizado e, atrav\u00e9s do gesto do tocar, Jesus toma pra si aquela condi\u00e7\u00e3o de impureza, em que tal gesto nos recorda que Cristo \u201ccarregou sobre si nossos sofrimentos\u201d. E \u00e9, atrav\u00e9s deste mesmo gesto que o leproso \u00e9 liberto e purificado da doen\u00e7a que tinha, e pode ser reintegrado \u00e0 comunidade. Assim, tamb\u00e9m \u00e9 conosco, quando estamos em situa\u00e7\u00e3o de pecado, marginalizados, \u00e0 deriva da vida plena do amor, onde ao reconhecermos nossa condi\u00e7\u00e3o n\u00e3o hesitamos em pedir a cura e reconcilia\u00e7\u00e3o e, ouvimos as mesmas Palavras de Jesus do Evangelho \u2013 <em>\u201cJesus, cheio de compaix\u00e3o, estendeu a m\u00e3o, tocou nele, e disse: &#8216;Eu quero: fica curado!&#8217;\u201d (cf. Mc 1,41).<\/em><\/p>\n<p style=\"text-align: justify;\">A Segunda Leitura, extra\u00edda da Primeira Carta de S\u00e3o Paulo aos Cor\u00edntios <em>(1Cor 10,31-11,1)<\/em>, nos recorda em buscar a imitar Jesus sempre para a gl\u00f3ria de Deus e o bem dos irm\u00e3os. Afinal, o exemplo supremo de Cristo \u00e9 da obedi\u00eancia fiel nos projetos de Deus e a consequ\u00eancia do dom de amor em prol da liberta\u00e7\u00e3o de cada um de n\u00f3s.<\/p>\n<p style=\"text-align: justify;\">Imersos na Palavra desta Liturgia, possamos vivenciar em nossas vidas o dom do amor atrav\u00e9s do acolher e ser acolhido, do amar e ser amado, por meio do exemplo que Jesus Cristo fez com o leproso e ouvir dos l\u00e1bios do Salvador: <em>&#8216;Eu quero: fica curado!&#8217;<\/em><\/p>\n<p style=\"text-align: justify;\">\n<p style=\"text-align: justify;\"><em>Sauda\u00e7\u00f5es em Cristo!<\/em><\/p>\n","protected":false},"excerpt":{"rendered":"<p>\u201cJesus, cheio de compaix\u00e3o, estendeu a m\u00e3o, tocou nele, e disse: &#8216;Eu quero: fica curado!&#8217;\u201d (cf. Mc 1,41). \u00a0\u00a0\u00a0\u00a0\u00a0\u00a0\u00a0\u00a0 \u00a0\u00a0\u00a0\u00a0\u00a0\u00a0\u00a0\u00a0 A Liturgia do VI Domingo do Tempo Comum, nos convida a refletir sobre o acolhimento de Deus na busca da reintegra\u00e7\u00e3o de homens e mulheres \u00e0 comunidade de Seus filhos amados, em que a exclus\u00e3o, [&hellip;]<\/p>\n","protected":false},"author":10,"featured_media":55817,"comment_status":"open","ping_status":"closed","sticky":false,"template":"","format":"standard","meta":{"footnotes":""},"categories":[9],"tags":[],"class_list":["post-65944","post","type-post","status-publish","format-standard","has-post-thumbnail","hentry","category-artigos"],"_links":{"self":[{"href":"https:\/\/catolicanet.net\/wp-cnet\/wp-json\/wp\/v2\/posts\/65944","targetHints":{"allow":["GET"]}}],"collection":[{"href":"https:\/\/catolicanet.net\/wp-cnet\/wp-json\/wp\/v2\/posts"}],"about":[{"href":"https:\/\/catolicanet.net\/wp-cnet\/wp-json\/wp\/v2\/types\/post"}],"author":[{"embeddable":true,"href":"https:\/\/catolicanet.net\/wp-cnet\/wp-json\/wp\/v2\/users\/10"}],"replies":[{"embeddable":true,"href":"https:\/\/catolicanet.net\/wp-cnet\/wp-json\/wp\/v2\/comments?post=65944"}],"version-history":[{"count":1,"href":"https:\/\/catolicanet.net\/wp-cnet\/wp-json\/wp\/v2\/posts\/65944\/revisions"}],"predecessor-version":[{"id":65945,"href":"https:\/\/catolicanet.net\/wp-cnet\/wp-json\/wp\/v2\/posts\/65944\/revisions\/65945"}],"wp:featuredmedia":[{"embeddable":true,"href":"https:\/\/catolicanet.net\/wp-cnet\/wp-json\/wp\/v2\/media\/55817"}],"wp:attachment":[{"href":"https:\/\/catolicanet.net\/wp-cnet\/wp-json\/wp\/v2\/media?parent=65944"}],"wp:term":[{"taxonomy":"category","embeddable":true,"href":"https:\/\/catolicanet.net\/wp-cnet\/wp-json\/wp\/v2\/categories?post=65944"},{"taxonomy":"post_tag","embeddable":true,"href":"https:\/\/catolicanet.net\/wp-cnet\/wp-json\/wp\/v2\/tags?post=65944"}],"curies":[{"name":"wp","href":"https:\/\/api.w.org\/{rel}","templated":true}]}}