{"id":65921,"date":"2021-02-15T11:25:53","date_gmt":"2021-02-15T14:25:53","guid":{"rendered":"https:\/\/catolicanet.net\/wp-cnet\/?p=65921"},"modified":"2021-02-15T11:25:53","modified_gmt":"2021-02-15T14:25:53","slug":"papa-sobre-cancer-infantil-estejamos-proximos-de-quem-sofre-sobretudo-das-criancas","status":"publish","type":"post","link":"https:\/\/catolicanet.net\/wp-cnet\/papa-sobre-cancer-infantil-estejamos-proximos-de-quem-sofre-sobretudo-das-criancas\/","title":{"rendered":"Papa sobre c\u00e2ncer infantil: estejamos pr\u00f3ximos de quem sofre, sobretudo das crian\u00e7as"},"content":{"rendered":"<figure class=\"article__image\" style=\"text-align: justify;\"><span class=\"didascalia_img\">Papa Francisco ao visitar de surpresa, em 2016, os pequenos pacientes do Hospital San Giovanni, em Roma\u00a0<\/span><\/figure>\n<div class=\"article__meta\" style=\"text-align: justify;\">\n<div class=\"article__subTitle\">O apoio \u00e0s crian\u00e7as doentes e \u00e0s fam\u00edlias dos pequenos pacientes tamb\u00e9m veio do Papa Francisco nesta segunda-feira (15), Dia Internacional de Luta contra o C\u00e2ncer Infantil. Atrav\u00e9s de um tu\u00edte, o Pont\u00edfice pede \u201cque o Senhor inspire cada um de n\u00f3s a estar pr\u00f3ximo de quem sofre, sobretudo das crian\u00e7as, e a colocar os fr\u00e1geis em primeiro lugar\u201d. S\u00f3 no Brasil, segundo o Instituto Nacional de C\u00e2ncer, o Inca, a doen\u00e7a \u00e9 a primeira causa de morte entre crian\u00e7as e jovens de 1 a 19 anos.<\/div>\n<div class=\"title__separator\"><\/div>\n<div class=\"article__text \">\n<p><b>Andressa Collet,\u00a0Eliana Astorri &#8211; Vatican News<\/b><\/p>\n<div>\n<div class=\"article__embed article__embed--unwrap article__embed--dark\">\n<div class=\"article__innerTitle\">Ou\u00e7a a reportagem e compartilhe<\/div>\n<\/div>\n<\/div>\n<\/div>\n<\/div>\n<div style=\"text-align: justify;\">\n<!--[if lt IE 9]><script>document.createElement('audio');<\/script><![endif]-->\n<audio class=\"wp-audio-shortcode\" id=\"audio-65921-1\" preload=\"none\" style=\"width: 100%;\" controls=\"controls\"><source type=\"audio\/mpeg\" src=\"https:\/\/media.vaticannews.va\/media\/audio\/s1\/2021\/02\/15\/13\/135922498_F135922498.mp3?_=1\" \/><a href=\"https:\/\/media.vaticannews.va\/media\/audio\/s1\/2021\/02\/15\/13\/135922498_F135922498.mp3\">https:\/\/media.vaticannews.va\/media\/audio\/s1\/2021\/02\/15\/13\/135922498_F135922498.mp3<\/a><\/audio>\n<\/div>\n<div style=\"text-align: justify;\"><\/div>\n<div class=\"article__meta\">\n<div class=\"article__text \">\n<p style=\"text-align: justify;\">O Papa Francisco lan\u00e7ou um tu\u00edte nesta segunda-feira (15) por ocasi\u00e3o do Dia Internacional de Luta contra o C\u00e2ncer Infantil, institu\u00eddo pela organiza\u00e7\u00e3o\u00a0<a href=\"https:\/\/www.childhoodcancerinternational.org\/\" target=\"_blank\" rel=\"external nofollow noopener\">Childhood Cancer International (CCI)<\/a>. O Pont\u00edfice pede \u201c<b>que o Senhor inspire cada um de n\u00f3s a estar pr\u00f3ximo de quem sofre, sobretudo das crian\u00e7as, e a colocar os fr\u00e1geis em primeiro lugar. Confio a Nossa Senhora os m\u00e9dicos e todas as crian\u00e7as doentes para que cuide de todos eles com seu afeto de m\u00e3e<\/b>\u201d.<\/p>\n<p style=\"text-align: justify;\">A campanha global \u00e9 celebrada h\u00e1 20 anos para conscientizar sobre o c\u00e2ncer infantil e expressar apoio \u00e0s fam\u00edlias com pacientes oncol\u00f3gicos pedi\u00e1tricos. Essa doen\u00e7a em crian\u00e7as \u00e9 diferente daquela em adultos, dizem os especialistas, justamente porque n\u00e3o existem fatores de risco: enquanto muitos tumores adultos t\u00eam sido associados a quest\u00f5es ambientais, ocupacionais ou de estilo de vida \u2013 como dieta, \u00e1lcool e tabagismo, as causas da maioria dos c\u00e2nceres infantis ainda s\u00e3o desconhecidas.<\/p>\n<h2 style=\"text-align: justify;\">As crian\u00e7as com c\u00e2ncer no Brasil<\/h2>\n<p style=\"text-align: justify;\">Segundo o Instituto Nacional de C\u00e2ncer do Brasil, o Inca, a enfermidade \u00e9 a primeira causa de morte entre crian\u00e7as e jovens de 1 a 19 anos. Os tr\u00eas tipos mais comuns em idade pedi\u00e1trica s\u00e3o representados pelas leucemias, linfomas e tumores cerebrais, ou seja, aqueles do sistema nervoso central. Mas, com diagn\u00f3stico precoce, as chances de cura aumentam em at\u00e9 70%, segundo o Inca. S\u00e3o resultados sempre mais encorajadores e obtidos com os tratamentos convencionais da quimioterapia, radioterapia e cirurgia, afirma a m\u00e9dica italiana Francesca Del Bufalo, onco-hematologista pedi\u00e1trica do Hospital Bambino Ges\u00f9 IRCCS:<\/p>\n<p style=\"text-align: justify;\"><i>\u201cEssas s\u00e3o as tr\u00eas formas de terapia convencional, que continuam sendo as principais do tratamento. \u00c9 muito importante lembrar sempre disso. Se hoje 70% das crian\u00e7as s\u00e3o curadas \u00e9 gra\u00e7as ao uso desses tratamentos e gra\u00e7as \u00e0 otimiza\u00e7\u00e3o e \u00e0 capacidade de entender de que forma, tempo e combina\u00e7\u00f5es o uso dessas abordagens seja mais eficaz para um tumor do que para outro. Dito isto, vivemos em uma \u00e9poca onde h\u00e1 tantos avan\u00e7os em tratamentos que v\u00eam de uma maior compreens\u00e3o dessas doen\u00e7as que oferecem cen\u00e1rios de potenciais melhorias adicionais nesses \u00edndices de cura e, com isso, quero dizer diferentes formas de terapia. Certamente uma das revolu\u00e7\u00f5es no tratamento em oncologia nos \u00faltimos anos \u00e9 a imunoterapia. \u00c9 um conjunto de tratamentos que podem ser muito diferentes uns dos outros, mas que est\u00e3o unidos pela capacidade de ativar o sistema imunol\u00f3gico contra as c\u00e9lulas cancerosas, o sistema imunol\u00f3gico do pr\u00f3prio paciente e, com essas formas de imunoterapia, houve uma mudan\u00e7a verdadeiramente revolucion\u00e1ria no tratamento de crian\u00e7as com leucemia aguda que n\u00e3o respondiam mais aos tratamentos convencionais. Tudo isso \u00e9 uma grande revolu\u00e7\u00e3o, mas n\u00e3o \u00e9 s\u00f3 isso. Tamb\u00e9m gra\u00e7as ao profundo conhecimento dos mecanismos moleculares, ou seja, dos mecanismos gen\u00e9ticos que est\u00e3o na base de alguns desses tumores. Temos feito muito; a pesquisa certamente est\u00e1 nos ajudando muito e os resultados est\u00e3o melhorando, mas h\u00e1 muito espa\u00e7o para mais melhorias no futuro.\u201d<\/i><\/p>\n<h2 style=\"text-align: justify;\">O objetivo? A cura de 100% das crian\u00e7as<\/h2>\n<p style=\"text-align: justify;\">Neste Dia Internacional de Luta contra o C\u00e2ncer Infantil, al\u00e9m do Papa Francisco, a m\u00e9dica italiana tamb\u00e9m deixa a sua mensagem:<\/p>\n<p style=\"text-align: justify;\"><i>\u201cO c\u00e2ncer infantil, infelizmente, \u00e9 uma realidade que nos rodeia, que vivemos. Felizmente \u00e9 uma realidade rara, porque menos de 2% de todos os diagn\u00f3sticos de c\u00e2ncer envolvem crian\u00e7as e pessoas menores de 15 anos, mas \u00e9 uma realidade que existe e para a qual, felizmente, temos desenvolvido muitas estrat\u00e9gias ao longo dos anos que nos permitiram alcan\u00e7ar excelentes resultados, portanto \u00e9 uma realidade da qual, felizmente, pode se curar.&#8221;<\/i><\/p>\n<div>\n<div class=\"article__embed article__embed--border embed_style\">\n<blockquote><p>\u201cDevemos continuar trabalhando para que esses resultados alcancem o nosso objetivo que \u00e9 de curar 100% das crian\u00e7as, um objetivo que espero que um dia sejamos capazes de alcan\u00e7ar.\u201d<\/p><\/blockquote>\n<\/div>\n<\/div>\n<\/div>\n<\/div>\n","protected":false},"excerpt":{"rendered":"<p>Papa Francisco ao visitar de surpresa, em 2016, os pequenos pacientes do Hospital San Giovanni, em Roma\u00a0 O apoio \u00e0s crian\u00e7as doentes e \u00e0s fam\u00edlias dos pequenos pacientes tamb\u00e9m veio do Papa Francisco nesta segunda-feira (15), Dia Internacional de Luta contra o C\u00e2ncer Infantil. Atrav\u00e9s de um tu\u00edte, o Pont\u00edfice pede \u201cque o Senhor inspire [&hellip;]<\/p>\n","protected":false},"author":1,"featured_media":65922,"comment_status":"open","ping_status":"closed","sticky":false,"template":"","format":"standard","meta":{"footnotes":""},"categories":[13,3],"tags":[],"class_list":["post-65921","post","type-post","status-publish","format-standard","has-post-thumbnail","hentry","category-featured","category-vaticano"],"_links":{"self":[{"href":"https:\/\/catolicanet.net\/wp-cnet\/wp-json\/wp\/v2\/posts\/65921","targetHints":{"allow":["GET"]}}],"collection":[{"href":"https:\/\/catolicanet.net\/wp-cnet\/wp-json\/wp\/v2\/posts"}],"about":[{"href":"https:\/\/catolicanet.net\/wp-cnet\/wp-json\/wp\/v2\/types\/post"}],"author":[{"embeddable":true,"href":"https:\/\/catolicanet.net\/wp-cnet\/wp-json\/wp\/v2\/users\/1"}],"replies":[{"embeddable":true,"href":"https:\/\/catolicanet.net\/wp-cnet\/wp-json\/wp\/v2\/comments?post=65921"}],"version-history":[{"count":1,"href":"https:\/\/catolicanet.net\/wp-cnet\/wp-json\/wp\/v2\/posts\/65921\/revisions"}],"predecessor-version":[{"id":65923,"href":"https:\/\/catolicanet.net\/wp-cnet\/wp-json\/wp\/v2\/posts\/65921\/revisions\/65923"}],"wp:featuredmedia":[{"embeddable":true,"href":"https:\/\/catolicanet.net\/wp-cnet\/wp-json\/wp\/v2\/media\/65922"}],"wp:attachment":[{"href":"https:\/\/catolicanet.net\/wp-cnet\/wp-json\/wp\/v2\/media?parent=65921"}],"wp:term":[{"taxonomy":"category","embeddable":true,"href":"https:\/\/catolicanet.net\/wp-cnet\/wp-json\/wp\/v2\/categories?post=65921"},{"taxonomy":"post_tag","embeddable":true,"href":"https:\/\/catolicanet.net\/wp-cnet\/wp-json\/wp\/v2\/tags?post=65921"}],"curies":[{"name":"wp","href":"https:\/\/api.w.org\/{rel}","templated":true}]}}