{"id":65911,"date":"2021-02-12T11:46:26","date_gmt":"2021-02-12T14:46:26","guid":{"rendered":"https:\/\/catolicanet.net\/wp-cnet\/?p=65911"},"modified":"2021-02-12T11:46:26","modified_gmt":"2021-02-12T14:46:26","slug":"90-anos-da-radio-vaticano-o-dialogo-da-igreja-com-o-mundo","status":"publish","type":"post","link":"https:\/\/catolicanet.net\/wp-cnet\/90-anos-da-radio-vaticano-o-dialogo-da-igreja-com-o-mundo\/","title":{"rendered":"90 anos da R\u00e1dio Vaticano: o di\u00e1logo da Igreja com o mundo"},"content":{"rendered":"<p style=\"text-align: justify;\">Completando 90 anos neste dia 12 de fevereiro, a <em>Radio Vaticana<\/em> foi criada para ir ao encontro das pessoas, construir pontes, ser o caminho. Por meio da mensagem transmitida, o ouvinte pode aproximar-se, dialogar e tomar iniciativas que transformem sua f\u00e9 em atitudes concretas.<\/p>\n<p style=\"text-align: justify;\">Hoje, com efeito, a R\u00e1dio Vaticana \u00e9 um meio de comunica\u00e7\u00e3o que difunde, para os cinco continentes, em dezenas de l\u00ednguas, notici\u00e1rios, mensagens do Papa e a vida da Igreja, trazendo um aprofundamento cultural e religioso, propagando o Evangelho, al\u00e9m dos programas musicais.<\/p>\n<p style=\"text-align: justify;\">Inspirados no exemplo do Papa Pio XI, na Pr\u00f3-Sa\u00fade, alguns hospitais gerenciados adotaram o r\u00e1dio como uma maneira de se comunicar com pacientes, acompanhantes e colaboradores. Missas, ora\u00e7\u00f5es e mensagens de carinho s\u00e3o transmitidas pelas ondas sonoras, acolhendo os doentes e levando conforto aos mais necessitados nas mais diversas alas das unidades. Um compromisso que assumimos de levar palavras de conforto aos nossos pacientes. Um exemplo exitoso que vem sendo amplamente copiado por unidades de sa\u00fade de todo o Brasil preocupadas com uma assist\u00eancia humanizada.<\/p>\n<p style=\"text-align: justify;\">O dom da comunica\u00e7\u00e3o \u00e9 fundamental para a Igreja se fazer presente nas mais distintas realidades, especialmente, nas periferias do mundo. Por meio da R\u00e1dio Vaticana, o Esp\u00edrito Santo se faz presente, iluminando e dando sabedoria ao p\u00fablico. Os meios de comunica\u00e7\u00e3o devem existir e agir para que a mensagem seja sempre algo bom e edificante. E, tamb\u00e9m, a luz do mesmo Esp\u00edrito possa filtrar as informa\u00e7\u00f5es e ficar somente as coisas boas. A comunica\u00e7\u00e3o \u00e9 um bem p\u00fablico e um servi\u00e7o \u00e0 sociedade.<\/p>\n<p style=\"text-align: justify;\">Da mesma forma, a R\u00e1dio Vaticana se tornou a voz que promove a liberdade religiosa no mundo, convocando ao di\u00e1logo e \u00e0 conc\u00f3rdia em um mundo cheio de conflitos que dissemina cada vez mais viol\u00eancia e \u00f3dio. Nestes 90 anos, a R\u00e1dio se consolidou como um verdadeiro guia para os crist\u00e3os de todo o mundo, de modo atemporal, sem perder sua validade, ao contr\u00e1rio, sintonizada cada vez mais com as novidades da internet.<\/p>\n<p style=\"text-align: justify;\">Deus nos deu o dom de comunicar e instruir as pessoas. Que nesse dia, possamos renovar nosso compromisso com o an\u00fancio da boa nova do Esp\u00edrito Santo, para pregar o Evangelho em todas as partes. Assim Ele nos envia para que, por meio dos ve\u00edculos de comunica\u00e7\u00e3o, transmitamos com alegria a boa nova do Evangelho. Que Deus nos aben\u00e7oe e sempre nos d\u00ea o dom de comunicar e transmitir a verdade como contida na palavra de Deus.<\/p>\n<p style=\"text-align: justify;\">Parab\u00e9ns para todos os que servem generosamente a R\u00e1dio Vaticana. Por fim, pe\u00e7o que Deus interceda pela vida de cada colaborador que faz a voz do Papa e da Igreja ecoar no mundo inteiro, pregando o Evangelho de Cristo, a paz, o amor e a fraternidade, onde todos n\u00f3s somos \u201cFratelli tutti!\u201d<\/p>\n","protected":false},"excerpt":{"rendered":"<p>Completando 90 anos neste dia 12 de fevereiro, a Radio Vaticana foi criada para ir ao encontro das pessoas, construir pontes, ser o caminho. Por meio da mensagem transmitida, o ouvinte pode aproximar-se, dialogar e tomar iniciativas que transformem sua f\u00e9 em atitudes concretas. Hoje, com efeito, a R\u00e1dio Vaticana \u00e9 um meio de comunica\u00e7\u00e3o [&hellip;]<\/p>\n","protected":false},"author":10,"featured_media":55817,"comment_status":"open","ping_status":"closed","sticky":false,"template":"","format":"standard","meta":{"footnotes":""},"categories":[9],"tags":[],"class_list":["post-65911","post","type-post","status-publish","format-standard","has-post-thumbnail","hentry","category-artigos"],"_links":{"self":[{"href":"https:\/\/catolicanet.net\/wp-cnet\/wp-json\/wp\/v2\/posts\/65911","targetHints":{"allow":["GET"]}}],"collection":[{"href":"https:\/\/catolicanet.net\/wp-cnet\/wp-json\/wp\/v2\/posts"}],"about":[{"href":"https:\/\/catolicanet.net\/wp-cnet\/wp-json\/wp\/v2\/types\/post"}],"author":[{"embeddable":true,"href":"https:\/\/catolicanet.net\/wp-cnet\/wp-json\/wp\/v2\/users\/10"}],"replies":[{"embeddable":true,"href":"https:\/\/catolicanet.net\/wp-cnet\/wp-json\/wp\/v2\/comments?post=65911"}],"version-history":[{"count":1,"href":"https:\/\/catolicanet.net\/wp-cnet\/wp-json\/wp\/v2\/posts\/65911\/revisions"}],"predecessor-version":[{"id":65912,"href":"https:\/\/catolicanet.net\/wp-cnet\/wp-json\/wp\/v2\/posts\/65911\/revisions\/65912"}],"wp:featuredmedia":[{"embeddable":true,"href":"https:\/\/catolicanet.net\/wp-cnet\/wp-json\/wp\/v2\/media\/55817"}],"wp:attachment":[{"href":"https:\/\/catolicanet.net\/wp-cnet\/wp-json\/wp\/v2\/media?parent=65911"}],"wp:term":[{"taxonomy":"category","embeddable":true,"href":"https:\/\/catolicanet.net\/wp-cnet\/wp-json\/wp\/v2\/categories?post=65911"},{"taxonomy":"post_tag","embeddable":true,"href":"https:\/\/catolicanet.net\/wp-cnet\/wp-json\/wp\/v2\/tags?post=65911"}],"curies":[{"name":"wp","href":"https:\/\/api.w.org\/{rel}","templated":true}]}}