{"id":65905,"date":"2021-02-11T11:40:35","date_gmt":"2021-02-11T14:40:35","guid":{"rendered":"https:\/\/catolicanet.net\/wp-cnet\/?p=65905"},"modified":"2021-02-12T11:41:35","modified_gmt":"2021-02-12T14:41:35","slug":"dia-mundial-do-enfermo-sentir-a-dor-do-outro-2","status":"publish","type":"post","link":"https:\/\/catolicanet.net\/wp-cnet\/dia-mundial-do-enfermo-sentir-a-dor-do-outro-2\/","title":{"rendered":"Dia Mundial do Enfermo: sentir a dor do outro"},"content":{"rendered":"<p style=\"text-align: justify;\">Celebraremos o XXIX\u00a0Dia Mundial do Enfermo no pr\u00f3ximo dia 11 de fevereiro e, na Festa lit\u00fargica de Nossa Senhora de Lourdes. Os enfermos t\u00eam uma aten\u00e7\u00e3o e um carinho especial da Igreja e deve-se ter a eles total cuidado. Como diz o ap\u00f3stolo Tiago em sua carta: \u201c<em>Entre voc\u00eas, h\u00e1 algu\u00e9m que est\u00e1 doente? Que ele mande chamar os presb\u00edteros da igreja, para que estes orem sobre ele e o unjam com \u00f3leo, em nome do Senhor\u201d. (Cf. Tg 5,14)<\/em><\/p>\n<p style=\"text-align: justify;\">Assim como se cuida de cada pessoa no in\u00edcio de suas vidas, acolhendo na Igreja, batizando-as, ministrando os primeiros sacramentos e guiando-as no caminho da f\u00e9, deve-se cuidar de cada pessoa, quando essas ficam doentes. A ora\u00e7\u00e3o feita com f\u00e9 e amor salvar\u00e1 o doente e o aliviar\u00e1 em suas dores.<\/p>\n<p style=\"text-align: justify;\">Como tamb\u00e9m nos diz o ap\u00f3stolo Tiago: \u201c<em>A ora\u00e7\u00e3o feita com f\u00e9 curar\u00e1 o doente; o Senhor o levantar\u00e1. E, se houver cometido pecados, ele ser\u00e1 perdoado\u201d. (Cf. Tg 5,15). <\/em>Por isso, a import\u00e2ncia de cuidar dos enfermos at\u00e9 no leito de morte, chamar o presb\u00edtero para que ministre a Un\u00e7\u00e3o dos Enfermos, para que seja feita a vontade de Deus. Se esse enfermo vier a falecer, partir\u00e1 em paz, com os seus pecados perdoados e possu\u00edra como recompensa a vida eterna. Se este recuperar a sa\u00fade, foi pela for\u00e7a da f\u00e9 e da ora\u00e7\u00e3o que ele foi salvo.<\/p>\n<p style=\"text-align: justify;\">O Dia Mundial do Enfermo foi criado em 11 de fevereiro de 1992, por iniciativa do Papa S\u00e3o Jo\u00e3o Paulo II. Todos os anos, nesse dia 11 de fevereiro, o Vaticano, por meio do Papa, escolhe um tema que nortear\u00e1 a discuss\u00e3o sobre o assunto.<\/p>\n<p style=\"text-align: justify;\">A mensagem que o Papa Francisco preparou para esse ano de 2021 tem como tema um trecho do Evangelho de Mateus: \u201c<em>Um s\u00f3 \u00e9 o vosso Mestre e v\u00f3s sois todos irm\u00e3os\u201d (Cf. Mt 23,8). <\/em>O texto foi divulgado no \u00faltimo dia 12 de janeiro e foi intitulado como: <em>\u201cA rela\u00e7\u00e3o de confian\u00e7a, na base do cuidado dos doentes\u201d. <\/em>O Papa diz que a visita do religioso ao enfermo \u00e9 como um b\u00e1lsamo que alivia em seu sofrimento.<\/p>\n<p style=\"text-align: justify;\">O Papa Francisco dirige a mensagem, sobretudo, a todas as pessoas que sofrem no mundo, de modo especial as que sofrem as consequ\u00eancias da pandemia da Covid-19. O Papa expressa a sua proximidade espiritual, de igual maneira aos marginalizados, e em nome dele, ele transmite o afeto da Igreja. Por isso, neste dia, n\u00f3s tamb\u00e9m queremos pedimos a Deus pelos irm\u00e3os e irm\u00e3s, que partiram nesse nosso tempo de pandemia, sejam recebidos na eternidade e que seus familiares sejam consolados pela for\u00e7a que vem de Deus tamb\u00e9m nos seus cora\u00e7\u00f5es. N\u00e3o tem sido f\u00e1cil para a nossa sociedade, nossa comunidade, ter essa experi\u00eancia t\u00e3o dif\u00edcil.<\/p>\n<p style=\"text-align: justify;\">Rezemos para que nossa f\u00e9 se transforme em a\u00e7\u00e3o. Na mensagem anual, Francisco \u00e9 certeiro em suas ora\u00e7\u00f5es: \u201c<em>A doen\u00e7a tem sempre um rosto, e at\u00e9 mais do que um: o rosto de todas as pessoas doentes, mesmo daquelas que se sentem ignoradas, exclu\u00eddas, v\u00edtimas de injusti\u00e7as sociais que lhes negam direitos essenciais (cf. Enc.\u00a0<a href=\"http:\/\/www.vatican.va\/content\/francesco\/pt\/encyclicals\/documents\/papa-francesco_20201003_enciclica-fratelli-tutti.html#22\">Fratelli tutti<\/a>,\u00a022). (&#8230;) O investimento de recursos nos cuidados e assist\u00eancia das pessoas doentes \u00e9 uma prioridade ditada pelo princ\u00edpio de que a sa\u00fade \u00e9 um bem comum prim\u00e1rio. Ao mesmo tempo, a pandemia destacou tamb\u00e9m a dedica\u00e7\u00e3o e generosidade de profissionais de sa\u00fade, volunt\u00e1rios, trabalhadores e trabalhadoras, sacerdotes, religiosos e religiosas: com profissionalismo, abnega\u00e7\u00e3o, sentido de responsabilidade e amor ao pr\u00f3ximo, ajudaram, trataram, confortaram e serviram tantos doentes e os seus familiares. Uma s\u00e9rie silenciosa de homens e mulheres que optaram por fixar aqueles rostos, ocupando-se das feridas de pacientes que sentiam como pr\u00f3ximo em virtude da perten\u00e7a comum \u00e0 fam\u00edlia humana\u201d. (<a href=\"http:\/\/www.vatican.va\/content\/francesco\/pt\/events\/event.dir.html\/content\/vaticanevents\/pt\/2021\/1\/12\/messaggio-giornata-delmalato.html\">http:\/\/www.vatican.va\/content\/francesco\/pt\/events\/event.dir.html\/content\/vaticanevents\/pt\/2021\/1\/12\/messaggio-giornata-delmalato.html<\/a>, \u00faltimo acesso em 3 de fevereiro de 2021)<\/em><\/p>\n<p style=\"text-align: justify;\">Em rela\u00e7\u00e3o ao trecho do Evangelho de S\u00e3o Mateus, o Papa explica que Jesus critica a hipocrisia daqueles que pregavam e n\u00e3o praticavam. E que ningu\u00e9m est\u00e1 imune ao mal da hipocrisia. Um mal muito grave, cuja tend\u00eancia \u00e9 reduzir a f\u00e9 e n\u00e3o se importar com o sofrimento do pr\u00f3ximo. Que esse mal esteja longe dos ministros da Igreja e n\u00e3o deixemos com que ele nos domine.<\/p>\n<p style=\"text-align: justify;\">A experi\u00eancia da doen\u00e7a nos deixa vulner\u00e1veis e nos faz sentir dependentes do outro. A doen\u00e7a nos faz questionar sobre o sentido da vida e a f\u00e9 nos faz questionar a Deus. \u00c9 de extrema import\u00e2ncia a visita aos enfermos, estar ao lado daquele que est\u00e1 no leito de cama, rezar junto ao doente e confort\u00e1-lo no momento de dor.<\/p>\n<p style=\"text-align: justify;\">Jesus vai na contram\u00e3o daquilo que pensava a sociedade da \u00e9poca e pede para que estejamos ao lado dos doentes sempre. Ele mesmo relata na par\u00e1bola, conhecida por todos n\u00f3s como o Bom Samaritano, que acolhe um doente a beira do caminho, cuida de suas feridas, paga a pens\u00e3o e visita esse enfermo at\u00e9 ele ficar bom. Jesus conta essa hist\u00f3ria, justamente para que as autoridades de seu tempo a ouvissem, pois, os doentes naquela \u00e9poca eram tidos como exclu\u00eddos. E ainda mais ser um Samaritano, com o qual os Judeus n\u00e3o se davam.<\/p>\n<p style=\"text-align: justify;\">Essa par\u00e1bola \u00e9 muito atual nos dias de hoje e nos convida a termos um olhar especial a todos os enfermos, cuidar deles at\u00e9 a hora de sua morte e n\u00e3o os abandonar no leito de um hospital ou numa casa de repouso. O Papa ainda diz da import\u00e2ncia da rela\u00e7\u00e3o de confian\u00e7a do doente com aquele que cuida do doente.<\/p>\n<p style=\"text-align: justify;\">O Papa nos lembra que <em>\u201ca proximidade \u00e9 um b\u00e1lsamo precioso, que d\u00e1 apoio e consola\u00e7\u00e3o a quem sofre na doen\u00e7a. (&#8230;) E vivemos esta proximidade pessoalmente, mas tamb\u00e9m de forma comunit\u00e1ria: na realidade, o amor fraterno em Cristo gera uma comunidade capaz de curar, que n\u00e3o abandona ningu\u00e9m, que inclui e acolhe sobretudo os mais fr\u00e1geis.(Cf <a href=\"http:\/\/www.vatican.va\/content\/francesco\/pt\/messages\/sick\/documents\/papa-francesco_20201220_giornata-malato.html\">http:\/\/www.vatican.va\/content\/francesco\/pt\/messages\/sick\/documents\/papa-francesco_20201220_giornata-malato.html<\/a>, \u00faltima visita em 3 de fevereiro de 2021).<\/em><\/p>\n<p style=\"text-align: justify;\">O Papa Francisco ainda conclui a sua mensagem dizendo que ningu\u00e9m fique sozinho, nem se sinta abandonado ou exclu\u00eddo. O doente precisa de uma companhia para aliviar a sua dor, sozinho se sentir\u00e1 deprimido e triste. \u00c9 preciso que algu\u00e9m o anime e o ajude a carregar a sua cruz di\u00e1ria. E o mais importante, reavive a f\u00e9 naquele que se encontra doente.<\/p>\n<p style=\"text-align: justify;\">O Papa confia todos os doentes e agentes de sa\u00fade a Virgem Maria, M\u00e3e de miseric\u00f3rdia, sa\u00fade dos enfermos<em>. \u201cQue Ela, da Gruta de Lurdes e dos seus inumer\u00e1veis santu\u00e1rios espalhados por todo o mundo, sustente a nossa f\u00e9 e a nossa esperan\u00e7a e nos ajude a cuidar uns dos outros com amor fraterno. A todos e cada um concedo, de cora\u00e7\u00e3o, a minha b\u00ean\u00e7\u00e3o.\u201d (<a href=\"http:\/\/www.vatican.va\/content\/francesco\/pt\/events\/event.dir.html\/content\/vaticanevents\/pt\/2021\/1\/12\/messaggio-giornata-delmalato.html\">http:\/\/www.vatican.va\/content\/francesco\/pt\/events\/event.dir.html\/content\/vaticanevents\/pt\/2021\/1\/12\/messaggio-giornata-delmalato.html<\/a>, \u00faltimo acesso em 3 de fevereiro de 2021)<\/em><\/p>\n<p style=\"text-align: justify;\">Em nossa Arquidiocese, temos rezado incansavelmente, desde o in\u00edcio desta pandemia, h\u00e1 quase um ano, pela recupera\u00e7\u00e3o de nossos irm\u00e3os e irm\u00e3s. Adaptamos as missas seguindo os protocolos sanit\u00e1rios e, mesmo que muitas vezes separados fisicamente, mantivemos a chama de nossa f\u00e9 brilhando para o mundo. Acolhemos os enfermos, seus familiares, levando conforto espiritual e emocional. Agora, damos gra\u00e7as a Deus por renovarmos nossas esperan\u00e7as neste novo ano, j\u00e1 com a perspectiva da vacina\u00e7\u00e3o para os profissionais da linha de frente de combate \u00e0 pandemia e, posteriormente, para todos os grupos.<\/p>\n<p style=\"text-align: justify;\">Portanto, irm\u00e3os e irm\u00e3s, confiemos a nossa M\u00e3e querida todos os enfermos e que eles suportem com f\u00e9 e coragem a dor e o sofrimento, e se temos algum enfermo na fam\u00edlia, estejamos pr\u00f3ximos a eles, para que o ajudemos a carregar a sua dor e eles sintam a nossa presen\u00e7a confortadora. Am\u00e9m.<\/p>\n","protected":false},"excerpt":{"rendered":"<p>Celebraremos o XXIX\u00a0Dia Mundial do Enfermo no pr\u00f3ximo dia 11 de fevereiro e, na Festa lit\u00fargica de Nossa Senhora de Lourdes. Os enfermos t\u00eam uma aten\u00e7\u00e3o e um carinho especial da Igreja e deve-se ter a eles total cuidado. Como diz o ap\u00f3stolo Tiago em sua carta: \u201cEntre voc\u00eas, h\u00e1 algu\u00e9m que est\u00e1 doente? Que [&hellip;]<\/p>\n","protected":false},"author":5,"featured_media":55819,"comment_status":"open","ping_status":"closed","sticky":false,"template":"","format":"standard","meta":{"footnotes":""},"categories":[9],"tags":[],"class_list":["post-65905","post","type-post","status-publish","format-standard","has-post-thumbnail","hentry","category-artigos"],"_links":{"self":[{"href":"https:\/\/catolicanet.net\/wp-cnet\/wp-json\/wp\/v2\/posts\/65905","targetHints":{"allow":["GET"]}}],"collection":[{"href":"https:\/\/catolicanet.net\/wp-cnet\/wp-json\/wp\/v2\/posts"}],"about":[{"href":"https:\/\/catolicanet.net\/wp-cnet\/wp-json\/wp\/v2\/types\/post"}],"author":[{"embeddable":true,"href":"https:\/\/catolicanet.net\/wp-cnet\/wp-json\/wp\/v2\/users\/5"}],"replies":[{"embeddable":true,"href":"https:\/\/catolicanet.net\/wp-cnet\/wp-json\/wp\/v2\/comments?post=65905"}],"version-history":[{"count":1,"href":"https:\/\/catolicanet.net\/wp-cnet\/wp-json\/wp\/v2\/posts\/65905\/revisions"}],"predecessor-version":[{"id":65906,"href":"https:\/\/catolicanet.net\/wp-cnet\/wp-json\/wp\/v2\/posts\/65905\/revisions\/65906"}],"wp:featuredmedia":[{"embeddable":true,"href":"https:\/\/catolicanet.net\/wp-cnet\/wp-json\/wp\/v2\/media\/55819"}],"wp:attachment":[{"href":"https:\/\/catolicanet.net\/wp-cnet\/wp-json\/wp\/v2\/media?parent=65905"}],"wp:term":[{"taxonomy":"category","embeddable":true,"href":"https:\/\/catolicanet.net\/wp-cnet\/wp-json\/wp\/v2\/categories?post=65905"},{"taxonomy":"post_tag","embeddable":true,"href":"https:\/\/catolicanet.net\/wp-cnet\/wp-json\/wp\/v2\/tags?post=65905"}],"curies":[{"name":"wp","href":"https:\/\/api.w.org\/{rel}","templated":true}]}}