{"id":65903,"date":"2021-02-11T11:39:38","date_gmt":"2021-02-11T14:39:38","guid":{"rendered":"https:\/\/catolicanet.net\/wp-cnet\/?p=65903"},"modified":"2021-02-12T11:40:24","modified_gmt":"2021-02-12T14:40:24","slug":"nossa-senhora-de-lourdes-2","status":"publish","type":"post","link":"https:\/\/catolicanet.net\/wp-cnet\/nossa-senhora-de-lourdes-2\/","title":{"rendered":"Nossa Senhora de Lourdes"},"content":{"rendered":"<p style=\"text-align: justify;\">Celebramos neste dia 11 de fevereiro a mem\u00f3ria de Nossa Senhora de Lourdes, e o Dia Mundial dos Enfermos.<\/p>\n<p style=\"text-align: justify;\">Confiemos a Nossa Senhora, invocada pelo t\u00edtulo de Lourdes, todos os nossos parentes e amigos doentes, em especial, aqueles que sofrem com a Covid-19. Pe\u00e7amos que Nossa Senhora de Lourdes sua intercess\u00e3o e t\u00e3o logo a vacina imunizante chegue logo a toda popula\u00e7\u00e3o.<\/p>\n<p style=\"text-align: justify;\">Estar ao lado dos enfermos \u00e9 um gesto de amor e de miseric\u00f3rdia, \u00e9 ainda, um dever crist\u00e3o confortar os doentes e aqueles que sofrem no momento de dor. E, tamb\u00e9m, confortar os familiares que sofrem junto com os enfermos e ficam desesperados. Levar um apoio e uma palavra amiga \u00e9 sempre reconfortante e ainda mais levar o conforto da f\u00e9.<\/p>\n<p style=\"text-align: justify;\">Quero aqui recordar e agradecer o trabalho da Pastoral da Sa\u00fade que atua nos hospitais, cl\u00ednicas, abrigos asilos e nas par\u00f3quias, confortando aqueles que l\u00e1 se encontram, fazendo um excepcional trabalho em nome de Cristo e da Igreja. Muitos crist\u00e3os leigos que deixam suas casas, seus afazeres dom\u00e9sticos, para estar ao lado daqueles que mais sofrem. Agora devido \u00e0 pandemia do novo coronav\u00edrus ficou um pouco mais dif\u00edcil o trabalho devido ao perigo do cont\u00e1gio, mas aos poucos est\u00e3o voltando e mesmo com a pandemia muitos continuaram o seu trabalho.<\/p>\n<p style=\"text-align: justify;\">O trabalho da Pastoral da Sa\u00fade \u00e9 um trabalho em favor da vida, assim como o trabalho dos m\u00e9dicos e enfermeiros. Logicamente, que cada um com a sua responsabilidade devida. Os membros da Pastoral da Sa\u00fade s\u00e3o volunt\u00e1rios. Sim, o voluntariado \u00e9 uma grande b\u00ean\u00e7\u00e3o de Deus e da Igreja em favor dos doentes. Deus seja louvado e aben\u00e7oe a todos os volunt\u00e1rios da Pastoral da Sa\u00fade! Mas, n\u00e3o deixa de ser um trabalho em favor da vida, pois uma palavra dirigida com f\u00e9 e amor a um enfermo pode salvar a vida dele.<\/p>\n<p style=\"text-align: justify;\">Por isso, no dia de Nossa Senhora de Lourdes celebramos a Missa confiando todos os enfermos a intercess\u00e3o de Nossa Senhora de Lourdes e agradecendo o incans\u00e1vel trabalho dos membros da Pastoral da Sa\u00fade. Nesse dia aproveitamos para bendizer a Deus pelos trabalhos da Pastoral da Sa\u00fade do ano corrente e pedindo que mais pessoas possam aderir a esse maravilhoso trabalho. Com certeza, receberemos a recompensa desse grandioso trabalho que fazemos em favor dos enfermos.<\/p>\n<p style=\"text-align: justify;\">Neste ano doa XXIX Dia Mundial do doente, a mensagem do Papa Francisco cita Mt 23, 8: \u201cUm s\u00f3 \u00e9 o vosso Mestre e v\u00f3s sois todos irm\u00e3os\u201d. E continua com o tema: A rela\u00e7\u00e3o de confian\u00e7a, na base do cuidado dos doentes. Ela recorda que \u201cuma sociedade \u00e9 tanto mais humana quanto melhor souber cuidar dos seus membros fr\u00e1geis e atribulados e o fizer com uma efici\u00eancia animada por amor fraterno.\u201d (n. 5)<\/p>\n<p style=\"text-align: justify;\">No ano de 1858, a Virgem Sant\u00edssima apareceu nos arredores de Lourdes, na Fran\u00e7a, na gruta Massabielle, a uma jovem chamada Bernadete, hoje canonizada com o t\u00edtulo de Santa Bernadete. Essa santa deixou por escrito o seu testemunho do encontro com Nossa Senhora, podendo ser conferido nos dias de hoje no of\u00edcio das leituras da Liturgia das Horas, da festa de hoje.<\/p>\n<p style=\"text-align: justify;\">Certo dia Bernadete foi com duas amigas as margens do rio Gave buscar lenha, ouviu um barulho, voltou ao redor e n\u00e3o viu nenhuma \u00e1rvore balan\u00e7ando. Bernadete levanta o olhar e v\u00ea uma gruta, ela observa nessa gruta uma Senhora vestida de branco. Tinha um vestido alvo com uma faixa azul celeste na cintura e uma rosa de ouro em cada p\u00e9, al\u00e9m de trazer um Ros\u00e1rio em suas m\u00e3os da cor da rosa que estava em seus p\u00e9s.<\/p>\n<p style=\"text-align: justify;\">Somente na terceira vez, a Senhora de Lourdes falou com Bernadete e perguntou se ela queria voltar ali por mais quinze dias. Durante quinze dia, Bernadete l\u00e1 voltou e a Senhora de Lourdes lhe apareceu durante esses quinze dias, com exce\u00e7\u00e3o de uma segunda e de uma sexta-feira.<\/p>\n<p style=\"text-align: justify;\">A Senhora de Lourdes repetiu v\u00e1rias vezes a Bernadete que pedisse aos sacerdotes que constru\u00edsse ali uma capela. Ela pedia ainda que Bernadete fosse a fonte lavar o rosto e que rezasse pelos pecadores. Muitas vezes Bernadete perguntava quem Ela era e Santa Senhora simplesmente sorria. Finalmente, com os bra\u00e7os e olhos erguidos para o c\u00e9u, disse a Bernadete que era a \u201c<em>Imaculada Concei\u00e7\u00e3o\u201d. (Cf. testemunho de Bernadete). <\/em>Quatro anos antes, tinha sido proclamado o dogma da Imaculada Concei\u00e7\u00e3o.<\/p>\n<p style=\"text-align: justify;\">Nossa Senhora pede o essencial para a nossa felicidade que \u00e9 a \u201cconvers\u00e3o dos pecadores\u201d. Ela pediu para que rez\u00e1ssemos pela convers\u00e3o deles com a ora\u00e7\u00e3o, convers\u00e3o e penit\u00eancia.<\/p>\n<p style=\"text-align: justify;\">Neste dia de Nossa Senhora de Lourdes, al\u00e9m de rezarmos pelos enfermos e desempregados, confiemos a Maria Sant\u00edssima todos os pecadores, para que atrav\u00e9s da ora\u00e7\u00e3o, busquem a Deus e se convertam. Em breve entraremos num tempo prop\u00edcio para a convers\u00e3o dos pecadores, que \u00e9 o tempo quaresmal. Que Deus e Nossa Senhora de Lourdes nos conduzam sempre no caminho do bem e da felicidade.<\/p>\n<p style=\"text-align: justify;\">Celebremos com alegria no cora\u00e7\u00e3o a festa de Nossa Senhora de Lourdes, pedindo que Ela interceda por cada um de n\u00f3s, em especial, os doentes, pobres, desempregados e pecadores. Se pudermos, vamos \u00e0 celebra\u00e7\u00e3o Eucar\u00edstica ou participemos pela internet, TV ou r\u00e1dio.<\/p>\n<p style=\"text-align: justify;\">Nossa Senhora de Lourdes, rogai por n\u00f3s.<\/p>\n","protected":false},"excerpt":{"rendered":"<p>Celebramos neste dia 11 de fevereiro a mem\u00f3ria de Nossa Senhora de Lourdes, e o Dia Mundial dos Enfermos. Confiemos a Nossa Senhora, invocada pelo t\u00edtulo de Lourdes, todos os nossos parentes e amigos doentes, em especial, aqueles que sofrem com a Covid-19. Pe\u00e7amos que Nossa Senhora de Lourdes sua intercess\u00e3o e t\u00e3o logo a [&hellip;]<\/p>\n","protected":false},"author":5,"featured_media":55819,"comment_status":"open","ping_status":"closed","sticky":false,"template":"","format":"standard","meta":{"footnotes":""},"categories":[9],"tags":[],"class_list":["post-65903","post","type-post","status-publish","format-standard","has-post-thumbnail","hentry","category-artigos"],"_links":{"self":[{"href":"https:\/\/catolicanet.net\/wp-cnet\/wp-json\/wp\/v2\/posts\/65903","targetHints":{"allow":["GET"]}}],"collection":[{"href":"https:\/\/catolicanet.net\/wp-cnet\/wp-json\/wp\/v2\/posts"}],"about":[{"href":"https:\/\/catolicanet.net\/wp-cnet\/wp-json\/wp\/v2\/types\/post"}],"author":[{"embeddable":true,"href":"https:\/\/catolicanet.net\/wp-cnet\/wp-json\/wp\/v2\/users\/5"}],"replies":[{"embeddable":true,"href":"https:\/\/catolicanet.net\/wp-cnet\/wp-json\/wp\/v2\/comments?post=65903"}],"version-history":[{"count":1,"href":"https:\/\/catolicanet.net\/wp-cnet\/wp-json\/wp\/v2\/posts\/65903\/revisions"}],"predecessor-version":[{"id":65904,"href":"https:\/\/catolicanet.net\/wp-cnet\/wp-json\/wp\/v2\/posts\/65903\/revisions\/65904"}],"wp:featuredmedia":[{"embeddable":true,"href":"https:\/\/catolicanet.net\/wp-cnet\/wp-json\/wp\/v2\/media\/55819"}],"wp:attachment":[{"href":"https:\/\/catolicanet.net\/wp-cnet\/wp-json\/wp\/v2\/media?parent=65903"}],"wp:term":[{"taxonomy":"category","embeddable":true,"href":"https:\/\/catolicanet.net\/wp-cnet\/wp-json\/wp\/v2\/categories?post=65903"},{"taxonomy":"post_tag","embeddable":true,"href":"https:\/\/catolicanet.net\/wp-cnet\/wp-json\/wp\/v2\/tags?post=65903"}],"curies":[{"name":"wp","href":"https:\/\/api.w.org\/{rel}","templated":true}]}}