{"id":6590,"date":"2015-08-31T12:49:04","date_gmt":"2015-08-31T15:49:04","guid":{"rendered":"http:\/\/catolicanet.net\/wp-cnet\/a-cura-do-surdo-mudo\/"},"modified":"2017-04-11T16:55:25","modified_gmt":"2017-04-11T19:55:25","slug":"a-cura-do-surdo-mudo","status":"publish","type":"post","link":"https:\/\/catolicanet.net\/wp-cnet\/a-cura-do-surdo-mudo\/","title":{"rendered":"A cura do surdo mudo"},"content":{"rendered":"<p style=\"text-align: justify;\">A cura do surdo mudo, narrada por S\u00e3o Marcos, oferece detalhes que mostram Jesus, M\u00e9dico divino, que curava o corpo, mas sempre deixando mensagens para robustecer espiritualmente o agraciado (Mc 7,31-37). Os hermeneutas, sobretudo, neste epis\u00f3dio salientam o estilo de rep\u00f3rter deste evangelista. Ele emprega frases curtas, minud\u00eancias vivazes, palavras percucientes, sumamente expressivas. O modo como Cristo agiu perante aquele doente poderia parecer estranho no contexto atual que ostenta uma medicina t\u00e3o avan\u00e7ada. Ele \u201ccolocou os dedos nos ouvidos e com a saliva tocou-lhe a l\u00edngua\u201d. Estes gestos, por\u00e9m, eram muito comuns naquele tempo, n\u00e3o somente em Israel, mas em todo o mundo greco-romano. Entretanto, o que nos deve chamar a aten\u00e7\u00e3o \u00e9 o fato de que ao mesmo tempo Jesus elevou os olhos ao c\u00e9u, suspirou e disse \u201cEffat\u00e1\u201d, ou seja, que os ouvidos se abrissem e a l\u00edngua se soltasse, acabando a defici\u00eancia da oraliza\u00e7\u00e3o que impedia de emitir sons. Jesus olhou longamente para o c\u00e9u para bem significar de onde viria a cura, isto \u00e9, do poder de Deus, para quem nada \u00e9 imposs\u00edvel. Al\u00e9m, dito, ele suspirou, n\u00e3o que Ele estivesse cansado de fazer milagres a favor dos pobres padecentes, mas, com este suspiro ele estava a lembrar os lamentos da humanidade sofredora. Naquele surdo mudo Ele contemplava a longa s\u00e9rie de doentes cr\u00f4nicos, angustiados. De acordo com o que profetizara Isa\u00edas, Jesus era o Servo de Deus que \u201ctomou sobre si as nossas enfermidades e carregou-se com as nossas dores\u201d (Is 53,4). Ele se apiedou daquele surdo mudo e pronunciou uma palavra misteriosa que S\u00e3o Marcos conservou tal qual era usada no aramaico popular ent\u00e3o falado: \u201cEffat\u00e1\u201d. Foi uma ordem e um programa de vida.\u00a0 Um \u00fanico voc\u00e1bulo pelo qual o divino Taumaturgo agiu em duplo n\u00edvel, pois curou o corpo e legou ao miraculado a certeza de que Ele era verdadeiramente o Filho do Deus Onipotente de cuja humanidade \u201csaia uma virtude que curava a todos\u201d (Lc 6,19). Com isto Jesus firmava a f\u00e9 de seus seguidores atrav\u00e9s dos tempos. Ele continua a dizer a todos os que padecem na solid\u00e3o \u201cEffat\u00e1\u201d, abre o cora\u00e7\u00e3o para Deus que est\u00e1 sempre ao lado dos que sofrem. Ele est\u00e1 a falar a todos que conservam o rancor dentro de si \u201cEffat\u00e1\u201d, rasga a cortina do \u00f3dio e envolva a todos no perd\u00e3o cordial. Aos que se enclausuram na depress\u00e3o ele conclama \u201cEffat\u00e1\u2019, ven\u00e7a as cadeias do des\u00e2nimo, abre-te ao otimismo, higienize tua mente, olhe novos horizontes, proclame os portentos que Deus espalhou por toda parte. \u00c9 preciso, de fato, abrir os ouvidos para escutar os gemidos dos que padecem a nosso lado e deixar de ser mudo quando uma palavra prudente e oportuna pode consolar o pr\u00f3ximo. Cumpre a todo crist\u00e3o abrir-se sempre para a perfei\u00e7\u00e3o que Jesus prop\u00f5e a cada um. \u00c9 necess\u00e1rio abrir continuamente os ouvidos \u00e0 palavra de Deus e proclama-la com entusiasmo. Muitos s\u00e3o mudos porque s\u00e3o surdos e n\u00e3o se abrem \u00e0s inspira\u00e7\u00f5es do Divino Esp\u00edrito Santo. Mister se faz ser perme\u00e1vel \u00e0s inspira\u00e7\u00f5es do Alto e ardente para o louvor a Deus e para o testemunho de suas maravilhas. \u00c9 com Jesus e por Jesus que se realiza em n\u00f3s a abertura do cora\u00e7\u00e3o, dos olhos, dos ouvidos e da boca. \u00c9 por Ele que se estabelece nossa comunica\u00e7\u00e3o com Deus e o pr\u00f3ximo. Ele \u00e9 o mediador que nos permite entrar em di\u00e1logo com o Pai que est\u00e1 nos c\u00e9us. Ele que curou o surdo-mudo quer sanar todos os seus seguidores de toda e qualquer mol\u00e9stia psicossom\u00e1tica. Finalmente, \u00e9 de se notar que, segundo S\u00e3o Greg\u00f3rio Magno, a saliva que Jesus usou\u00a0 ao curar o surdo mudo significa a sabedoria de todas as palavras que saem da boca de Deus. Estas palavras se acham na B\u00edblia, nas orienta\u00e7\u00f5es do Papa, dos Bispos dos Sacerdotes, nos conselhos dos pais aos filhos, dos bons amigos a seus amigos, dos mestres tementes a Deus a seus disc\u00edpulos. Mensagens de Deus transmitidas tamb\u00e9m pelos jornais, revistas, redes de televis\u00e3o cat\u00f3licas. O importante \u00e9 ter ouvidos atentos para as escutar e, em seguida, as propagar por toda parte num apostolado que far\u00e1 surdos ouvirem e mudos falarem!<\/p>\n","protected":false},"excerpt":{"rendered":"<p>A cura do surdo mudo, narrada por S\u00e3o Marcos, oferece detalhes que mostram Jesus, M\u00e9dico divino, que curava o corpo, mas sempre deixando mensagens para robustecer espiritualmente o agraciado (Mc 7,31-37). Os hermeneutas, sobretudo, neste epis\u00f3dio salientam o estilo de rep\u00f3rter deste evangelista. Ele emprega frases curtas, minud\u00eancias vivazes, palavras percucientes, sumamente expressivas. O modo [&hellip;]<\/p>\n","protected":false},"author":7,"featured_media":0,"comment_status":"closed","ping_status":"closed","sticky":false,"template":"","format":"standard","meta":{"footnotes":""},"categories":[9],"tags":[],"class_list":["post-6590","post","type-post","status-publish","format-standard","hentry","category-artigos"],"_links":{"self":[{"href":"https:\/\/catolicanet.net\/wp-cnet\/wp-json\/wp\/v2\/posts\/6590","targetHints":{"allow":["GET"]}}],"collection":[{"href":"https:\/\/catolicanet.net\/wp-cnet\/wp-json\/wp\/v2\/posts"}],"about":[{"href":"https:\/\/catolicanet.net\/wp-cnet\/wp-json\/wp\/v2\/types\/post"}],"author":[{"embeddable":true,"href":"https:\/\/catolicanet.net\/wp-cnet\/wp-json\/wp\/v2\/users\/7"}],"replies":[{"embeddable":true,"href":"https:\/\/catolicanet.net\/wp-cnet\/wp-json\/wp\/v2\/comments?post=6590"}],"version-history":[{"count":1,"href":"https:\/\/catolicanet.net\/wp-cnet\/wp-json\/wp\/v2\/posts\/6590\/revisions"}],"predecessor-version":[{"id":11477,"href":"https:\/\/catolicanet.net\/wp-cnet\/wp-json\/wp\/v2\/posts\/6590\/revisions\/11477"}],"wp:attachment":[{"href":"https:\/\/catolicanet.net\/wp-cnet\/wp-json\/wp\/v2\/media?parent=6590"}],"wp:term":[{"taxonomy":"category","embeddable":true,"href":"https:\/\/catolicanet.net\/wp-cnet\/wp-json\/wp\/v2\/categories?post=6590"},{"taxonomy":"post_tag","embeddable":true,"href":"https:\/\/catolicanet.net\/wp-cnet\/wp-json\/wp\/v2\/tags?post=6590"}],"curies":[{"name":"wp","href":"https:\/\/api.w.org\/{rel}","templated":true}]}}