{"id":6588,"date":"2015-08-31T12:37:00","date_gmt":"2015-08-31T15:37:00","guid":{"rendered":"http:\/\/catolicanet.net\/wp-cnet\/evangelizar-urgente\/"},"modified":"2017-04-11T16:56:43","modified_gmt":"2017-04-11T19:56:43","slug":"evangelizar-urgente","status":"publish","type":"post","link":"https:\/\/catolicanet.net\/wp-cnet\/evangelizar-urgente\/","title":{"rendered":"Evangelizar urgente"},"content":{"rendered":"<p style=\"text-align: justify;\">\n<p>\u201cEvangelizar \u00e9 ter Deus no cora\u00e7\u00e3o e levar Deus ao cora\u00e7\u00e3o dos irm\u00e3os\u201d.<br \/>\nMadre Teresa de Calcut\u00e1<\/p>\n<p>Evangelizar \u00e9 proclamar a Boa Nova de salva\u00e7\u00e3o de Nosso Senhor e Salvador Jesus Cristo a todas as pessoas, que estas se reconciliem com Deus pela morte de Cristo: \u201cPois se quando \u00e9ramos inimigos fomos reconciliados com Deus pela morte do seu Filho, muito mais agora, uma vez reconciliados, seremos salvos por sua vida\u201d (Rm 5,10; 2 Cor 5,17,18).<br \/>\nCom mais de dois ter\u00e7os da humanidade que ainda n\u00e3o sabe o que \u00e9 reconciliar com o \u00fanico e Eterno Deus Todo Poderoso, como crist\u00e3os sentimo-nos envergonhados do nosso desleixo para com tantas pessoas. Da\u00ed a consci\u00eancia urgente de evangelizar o mundo inteiro.<br \/>\nJesus Cristo ordena para todos os crist\u00e3os uma evangeliza\u00e7\u00e3o mundial, que n\u00e3o deve ficar de fora nenhuma na\u00e7\u00e3o, etnia, uma s\u00f3 pessoa por causa de sua posi\u00e7\u00e3o social, g\u00eanero ou religi\u00e3o. S\u00e3o Mateus e S\u00e3o Lucas falam em \u201ctodas as na\u00e7\u00f5es\u201d (Mt 28,19; Lc 24,47), S\u00e3o Marcos e S\u00e3o Jo\u00e3o falam \u201cno mundo inteiro\u201d (Mc 16,15; Jo 17,18;20,21), e em Atos dos Ap\u00f3stolos \u201cat\u00e9 os confins da terra\u201d (At 1,8).<br \/>\nTodo batizado \u00e9 um evangelizador, e \u00e9 urgente exercer essa nobre miss\u00e3o para que: \u201cA terra seja repleta do conhecimento da gl\u00f3ria de Deus, como as \u00e1guas cobrem o fundo do mar\u201d (Hab 2,14).<\/p>\n<p>MUDAN\u00c7A INTERIOR<\/p>\n<p>Ensina o Papa Paulo VI na Exorta\u00e7\u00e3o Apost\u00f3lica Evangelii Nuntiandi (n\u00ba 18): \u201cEvangelizar, para a Igreja, \u00e9 levar a Boa Nova a todas as parcelas da humanidade, em qualquer meio e latitude, e pelo seu influxo transforma-las a partir de dentro e tornar\u00a0 nova a pr\u00f3pria humanidade: \u201cEis que fa\u00e7o novas todas \u00e0s coisas\u201d. No entanto n\u00e3o haver\u00e1 humanidade nova, se n\u00e3o houver em primeiro lugar homens novos, pela novidade do batismo e da vida segundo o Evangelho. A finalidade da evangeliza\u00e7\u00e3o, portanto \u00e9 precisamente esta mudan\u00e7a interior\u201d.<br \/>\nPara evangelizar o mundo, temos que passar por uma auto-evangeliza\u00e7\u00e3o, ou seja, evangelizarmo-nos a n\u00f3s mesmos.<br \/>\nVamos meditar na exorta\u00e7\u00e3o de S\u00e3o Paulo Ap\u00f3stolo: \u201cQue cada um examine a si mesmo antes de comer desse p\u00e3o e beber desse c\u00e1lice (1 Cor 11,28). \u201cAssim, pois, aquele que julga estar em p\u00e9, tome cuidado para n\u00e3o cair\u201d (1 Cor 10,12). \u201cExaminai-vos a v\u00f3s mesmos, e vede se estais na f\u00e9. Provai-vos. Ou n\u00e3o reconheceis que Jesus Cristo est\u00e1 em v\u00f3s?\u201d (2 Cor 13,5).<br \/>\nRealmente, s\u00f3 o verdadeiro crist\u00e3o que vive na gra\u00e7a da mudan\u00e7a interior, que tem experi\u00eancia com o Cristo Salvador, que se renova sempre no amor de Deus e na caridade para com o pr\u00f3ximo tem a responsabilidade na obra mundial de evangeliza\u00e7\u00e3o.<br \/>\nSomente os crist\u00e3os apaixonados por Cristo s\u00e3o ardentes evangelizadores. Diz o Papa Bento XVI: \u201cA vida crist\u00e3 se define como uma vida com Jesus Cristo\u201d.<br \/>\nS\u00f3 com Jesus a vida tem o seu real sentido. Sem Jesus n\u00e3o h\u00e1 felicidade, vida e nem salva\u00e7\u00e3o eterna (At 4,12).<br \/>\nQuem ama Jesus quer passar esse amor ao seu semelhante. Quem tem Deus no cora\u00e7\u00e3o quer que outro tamb\u00e9m o tenha. Dizia o bem-aventurado Charles de Foucauld: \u201cGritar o Evangelho com a vida\u201d. \u201cSe n\u00e3o vivermos o Evangelho, Jesus n\u00e3o habita em n\u00f3s\u201d.<\/p>\n<p>S\u00e3o Paulo Ap\u00f3stolo \u00e9 prova desse grande amor, vejamos:<\/p>\n<p>\u2665 \u201cTornei-me tudo para todos, a fim de salvar alguns a todo custo. E isto tudo eu fa\u00e7o por causa do evangelho, para dele me tornar participante\u201d (1 Cor 9, 22.23).<\/p>\n<p>\u2665 \u201cPois a caridade de Cristo nos compele. Ele morreu por todos a fim de que aqueles que vivem n\u00e3o vivam mais para si, mas para aquele que morreu e ressuscitou por eles\u201d (2 Cor 5,14.15).<\/p>\n<p>\u2665 \u201cJ\u00e1 n\u00e3o sou eu que vivo, mas \u00e9 Cristo que vive em mim\u201d (Gl 2,20).<\/p>\n<p>\u2665 \u201cMas o que era para mim lucro eu tive como perda, por amor de Cristo. Mais ainda: tudo eu considero perda, pela excel\u00eancia do conhecimento de Cristo Jesus, meu Senhor\u201d (Fl 3,7.8).<\/p>\n<p>CRISTO \u00c9 A RESPOSTA<\/p>\n<p>\u201c\u00c9 hora de evangelizar! Quanto mais a nossa evangeliza\u00e7\u00e3o for eficaz, mais adoradores verdadeiros o Pai Deus ter\u00e1 e mais frutos de paz, de amor e de miseric\u00f3rdia o nosso mundo viver\u00e1!\u201d.<\/p>\n<p>Pe. Eduardo Dougherty, SJ<br \/>\nPresidente da ASJ e TV S\u00e9culo 21<\/p>\n<p>Diante de um mundo cheio de problemas, dificuldades e crises: moral, social, econ\u00f4mica, pol\u00edtica e cultural, restam t\u00e3o somente anunciar Jesus Cristo, Pr\u00edncipe da Paz e da Vida (At 3,15). Ele \u00e9 a \u00fanica resposta para a alma aflita e para o mundo conturbado.<br \/>\nCom certeza, \u00e9 hora de evangelizar! Vamos obedecer urgentemente a ordem do Senhor da messe. As pessoas precisam ouvir uma mensagem de f\u00e9, de amor, de vida e de esperan\u00e7a, e n\u00f3s somos encarregados de t\u00e3o alta e poderosa mensagem! Foi Jesus que disse: \u201cIde, em meu nome\u201d (Lc 10,3.17). H\u00e1 no planeta uma mensagem e um nome mais poderoso do que a de Jesus de Nazar\u00e9?<br \/>\nSanta Teresinha do Menino Jesus foi obediente \u00e0 ordem de Cristo, ao perceber que a sua vida estava se esgotando ela escreveu: \u201cSinto que estou para entrar no repouso. Por\u00e9m, sinto sobre tudo que a minha miss\u00e3o de fazer amar a Deus como eu O amo est\u00e1 para come\u00e7ar. (&#8230;) N\u00e3o posso gozar a felicidade, at\u00e9 que n\u00e3o sejam salvas todas as almas\u201d (\u00daltimos Col\u00f3quios).<br \/>\nPelo seu magistral carisma e porque encarnou o princ\u00edpio de uma vida abissal de ora\u00e7\u00e3o e sacrif\u00edcio em prol daqueles que trabalham na obra mission\u00e1ria, Santa Teresinha foi declarada padroeira universal das miss\u00f5es e dos mission\u00e1rios, ao lado de S\u00e3o Francisco Xavier.<br \/>\nSeu lema era: \u201cAmar a Jesus e fazer com que Ele seja amado por todos\u201d.<br \/>\n\u201cComo n\u00facleo e centro da sua Boa Nova, Cristo anuncia a salva\u00e7\u00e3o, esse grande dom de Deus que \u00e9 liberta\u00e7\u00e3o de tudo aquilo que oprime o homem, e que \u00e9 liberta\u00e7\u00e3o sobre tudo do pecado e do maligno, na alegria de conhecer a Deus e de ser por ele conhecido, de o ver e de se entregar a ele\u201d, escreve o Papa Paulo VI (EN\u00a0 n\u00ba 9).<\/p>\n<p>CONCLUS\u00c3O<\/p>\n<p>Os desafios s\u00e3o grandes, as coisas acontecem numa velocidade inimagin\u00e1veis, \u00e0s incompatibilidades est\u00e3o em toda camada social, a falta de respeito e de amor pela dignidade da pessoa humana se v\u00ea explicitamente em crimes b\u00e1rbaros, a fome, as doen\u00e7as, o flagelo das drogas, viol\u00eancia, guerras, crise ambiental, imigra\u00e7\u00e3o for\u00e7ada\u00a0 e terrorismos\u00a0 que desmoralizam os governos e\u00a0 envergonham todos n\u00f3s.<br \/>\nDiante desse confronto, a melhor contribui\u00e7\u00e3o que podemos dar para a transforma\u00e7\u00e3o das pessoas est\u00e1 na plenitude da evangeliza\u00e7\u00e3o do amor libertador de Jesus Cristo aos seus cora\u00e7\u00f5es.<br \/>\nA evangeliza\u00e7\u00e3o urgente come\u00e7a pelo nosso testemunho pessoal, passando pela fam\u00edlia, pela nossa comunidade, rua, bairro, cidade, estado, pa\u00eds e o mundo inteiro.<br \/>\nCristo caminha conosco&#8230; \u00c9 hora de evangelizar! Urgente!<\/p>\n<p>Pe. In\u00e1cio Jos\u00e9 do Vale<br \/>\nFraternidade Sacerdotal Jesus C\u00e1ritas<br \/>\nInstituto dos Irm\u00e3ozinhos da Visita\u00e7\u00e3o da Fraternidade Charles de Foucauld<br \/>\nE-mail: pe.inacio.jose@gmail.com<\/p>\n<p>BIBLIOGRAFIA<\/p>\n<p>Revista Brasil Crist\u00e3o, n\u00ba 138, pp. 3 e 13.<\/p>\n<p>Exorta\u00e7\u00e3o Apost\u00f3lica Evangelii Nuntiandi, Paulo VI, S\u00e3o Paulo:\u00a0\u00a0\u00a0\u00a0 Paulinas, 1999.<\/p>\n<p>Bento XVI, Jesus de Nazar\u00e9: primeira parte: do Batismo no Jord\u00e3o \u00e0 Transfigura\u00e7\u00e3o, S\u00e3o Paulo: Editora Planeta do Brasil, 2007.<\/p>\n","protected":false},"excerpt":{"rendered":"<p>\u201cEvangelizar \u00e9 ter Deus no cora\u00e7\u00e3o e levar Deus ao cora\u00e7\u00e3o dos irm\u00e3os\u201d. Madre Teresa de Calcut\u00e1 Evangelizar \u00e9 proclamar a Boa Nova de salva\u00e7\u00e3o de Nosso Senhor e Salvador Jesus Cristo a todas as pessoas, que estas se reconciliem com Deus pela morte de Cristo: \u201cPois se quando \u00e9ramos inimigos fomos reconciliados com Deus [&hellip;]<\/p>\n","protected":false},"author":16,"featured_media":0,"comment_status":"closed","ping_status":"closed","sticky":false,"template":"","format":"standard","meta":{"footnotes":""},"categories":[9],"tags":[],"class_list":["post-6588","post","type-post","status-publish","format-standard","hentry","category-artigos"],"_links":{"self":[{"href":"https:\/\/catolicanet.net\/wp-cnet\/wp-json\/wp\/v2\/posts\/6588","targetHints":{"allow":["GET"]}}],"collection":[{"href":"https:\/\/catolicanet.net\/wp-cnet\/wp-json\/wp\/v2\/posts"}],"about":[{"href":"https:\/\/catolicanet.net\/wp-cnet\/wp-json\/wp\/v2\/types\/post"}],"author":[{"embeddable":true,"href":"https:\/\/catolicanet.net\/wp-cnet\/wp-json\/wp\/v2\/users\/16"}],"replies":[{"embeddable":true,"href":"https:\/\/catolicanet.net\/wp-cnet\/wp-json\/wp\/v2\/comments?post=6588"}],"version-history":[{"count":2,"href":"https:\/\/catolicanet.net\/wp-cnet\/wp-json\/wp\/v2\/posts\/6588\/revisions"}],"predecessor-version":[{"id":11507,"href":"https:\/\/catolicanet.net\/wp-cnet\/wp-json\/wp\/v2\/posts\/6588\/revisions\/11507"}],"wp:attachment":[{"href":"https:\/\/catolicanet.net\/wp-cnet\/wp-json\/wp\/v2\/media?parent=6588"}],"wp:term":[{"taxonomy":"category","embeddable":true,"href":"https:\/\/catolicanet.net\/wp-cnet\/wp-json\/wp\/v2\/categories?post=6588"},{"taxonomy":"post_tag","embeddable":true,"href":"https:\/\/catolicanet.net\/wp-cnet\/wp-json\/wp\/v2\/tags?post=6588"}],"curies":[{"name":"wp","href":"https:\/\/api.w.org\/{rel}","templated":true}]}}