{"id":65878,"date":"2021-02-12T10:57:00","date_gmt":"2021-02-12T13:57:00","guid":{"rendered":"https:\/\/catolicanet.net\/wp-cnet\/?p=65878"},"modified":"2021-02-12T10:57:00","modified_gmt":"2021-02-12T13:57:00","slug":"a-radio-vaticano-comemora-neste-dia-12-de-fevereiro-90-anos","status":"publish","type":"post","link":"https:\/\/catolicanet.net\/wp-cnet\/a-radio-vaticano-comemora-neste-dia-12-de-fevereiro-90-anos\/","title":{"rendered":"A R\u00e1dio Vaticano comemora neste dia 12 de fevereiro 90 anos"},"content":{"rendered":"<div class=\"article__subTitle\" style=\"text-align: justify;\">A partir deste 12 de fevereiro tem in\u00edcio a aventura da Web R\u00e1dio Vaticano (https:\/\/www.vaticannews.va\/pt\/epg.html) em portugu\u00eas.<\/div>\n<div class=\"title__separator\" style=\"text-align: justify;\"><\/div>\n<div class=\"article__text \">\n<p style=\"text-align: justify;\"><b>Silvonei Jos\u00e9 \u2013 Vatican News<\/b><\/p>\n<p style=\"text-align: justify;\">A R\u00e1dio Vaticano comemora neste dia 12 de fevereiro 90 anos. E neste dia 12 de fevereiro nasce a\u00a0<b>Web R\u00e1dio Vaticano\u2026<\/b><\/p>\n<p style=\"text-align: justify;\">\u00c9 precisamente a uni\u00e3o entre a web e o r\u00e1dio a dire\u00e7\u00e3o do nosso futuro. A partir deste 12 de fevereiro, de fato, tem in\u00edcio a aventura da Web R\u00e1dio Vaticano (<a href=\"https:\/\/www.vaticannews.va\/pt\/epg.html\">https:\/\/www.vaticannews.va\/pt\/epg.html<\/a>) em portugu\u00eas. A estreia ser\u00e1 tamb\u00e9m em italiano, franc\u00eas, ingl\u00eas, espanhol, alem\u00e3o e arm\u00eanio. Ao longo deste ano, ser\u00e3o criados ainda outros 30 programas ao vivo correspondentes ao mesmo n\u00famero de idiomas, que podem ser ouvidos tanto no site da r\u00e1dio como atrav\u00e9s do atual aplicativo da R\u00e1dio Vaticano.<\/p>\n<p style=\"text-align: justify;\">Um tipo de uso que, explica o prefeito do Dicast\u00e9rio para a Comunica\u00e7\u00e3o Paolo Ruffini, &#8220;permitir\u00e1 a qualquer pessoa no mundo, a partir de seu smartphone ou computador, ouvir a R\u00e1dio Vaticano em sua pr\u00f3pria l\u00edngua&#8221;. Cada idioma \u00e9 uma r\u00e1dio, um hor\u00e1rio, um v\u00ednculo que se fortalece com os ouvintes. Mais um pa\u00e7o na orienta\u00e7\u00e3o de Francisco: alcan\u00e7ar as periferias do mundo.<\/p>\n<h2 style=\"text-align: justify;\">A Nossa hist\u00f3ria<\/h2>\n<p style=\"text-align: justify;\">Ap\u00f3s a assinatura do Tratado de Latr\u00e3o, em 1929, Pio XI encarregou Guilherme Marconi de construir uma esta\u00e7\u00e3o de r\u00e1dio no \u00e2mbito do novo Estado do Vaticano, para poder comunicar livremente al\u00e9m-fronteiras e falar aos cat\u00f3licos de todos os pa\u00edses e \u00e0s regi\u00f5es do mundo onde os regimes totalit\u00e1rios impediam os cat\u00f3licos de viverem livremente a pr\u00f3pria f\u00e9.<\/p>\n<p style=\"text-align: justify;\">Para dirigir a nova r\u00e1dio, Pio XI chamou o sacerdote jesu\u00edta Pe. Giuseppe Gianfranceschi, f\u00edsico e matem\u00e1tico. Em 12 de fevereiro de 1931, Pio XI inaugurou as instala\u00e7\u00f5es com um discurso em latim que suscitou grande emo\u00e7\u00e3o no mundo inteiro.<\/p>\n<p style=\"text-align: justify;\">Entre as primeiras transmiss\u00f5es experimentais estava o\u00a0<i>Scientiarum Nuncius Radiophonicus<\/i>, uma resenha das atividades da Pontif\u00edcia Academia das Ci\u00eancias.<\/p>\n<p style=\"text-align: justify;\">Quando o Papa Pio XI veio a falecer, em 9 de fevereiro de 1939, a R\u00e1dio fez a cobertura completa do Conclave e, em seguida, da cerim\u00f4nia de coroa\u00e7\u00e3o de Pio XII, comentada em nove l\u00ednguas. Novos est\u00fadios e escrit\u00f3rios foram instalados na \u201cPalazzina Le\u00e3o XIII\u201d que fora sede, at\u00e9 1936, do Observat\u00f3rio Astron\u00f4mico Vaticano.<\/p>\n<p style=\"text-align: justify;\">Quando eclodiu a II Guerra Mundial, em setembro de 1939, a R\u00e1dio transformou-se em um precioso meio de livre circula\u00e7\u00e3o de informa\u00e7\u00f5es, apesar das censuras e tentativas de interfer\u00eancias. Joseph Paul Goebbels, um dos homens mais importantes da hierarquia nazista e ministro da Propaganda do regime de Hitler, prometeu silenci\u00e1-la; os membros da Resist\u00eancia Francesa transcreviam as transmiss\u00f5es radiof\u00f4nicas da R\u00e1dio Vaticano e as distribu\u00edam clandestinamente. Na \u00e9poca, a reda\u00e7\u00e3o da R\u00e1dio era formada por sacerdotes jesu\u00edtas que transmitiam em oito l\u00ednguas.<\/p>\n<p style=\"text-align: justify;\">Em janeiro de 1940, nasceu o Escrit\u00f3rio de Informa\u00e7\u00f5es que lan\u00e7ava apelos em busca de civis e militares desaparecidos e transmitia mensagens das fam\u00edlias aos prisioneiros. De 1940 a 1946, foram enviadas pela R\u00e1dio Vaticano, 1.240.728 mensagens, correspondentes a 12.105 horas de transmiss\u00f5es.<\/p>\n<p style=\"text-align: justify;\">Com o fim das hostilidades, o alargar-se do dom\u00ednio comunista no Leste da Europa levou a emissora pontif\u00edcia a multiplicar rapidamente os programas transmitidos nas l\u00ednguas dos povos oprimidos, e novos idiomas passaram a fazer parte de suas transmiss\u00f5es, o que tornou necess\u00e1ria a utiliza\u00e7\u00e3o de transmissores mais potentes e de redes de antenas direcionais.<\/p>\n<p style=\"text-align: justify;\">Em 1954, iniciaram-se os trabalhos de constru\u00e7\u00e3o de um Centro de Transmiss\u00f5es em Santa Maria de Galeria, inaugurado em 27 de outubro de 1957, por Pio XII. Foram potencializadas tamb\u00e9m as transmiss\u00f5es espec\u00edficas voltadas para a \u00c1frica, Am\u00e9rica Latina e \u00c1sia.<\/p>\n<p style=\"text-align: justify;\">Em 1958, ano da elei\u00e7\u00e3o de Jo\u00e3o XXIII, foram instalados novos est\u00fadios e escrit\u00f3rios no ex-Museu Petriano, para fazer frente aos cont\u00ednuos desenvolvimentos da R\u00e1dio que dedicou ao Conc\u00edlio Ecum\u00eanico Vaticano II mais de tr\u00eas mil horas de transmiss\u00f5es, em 30 l\u00ednguas.<\/p>\n<p style=\"text-align: justify;\">Em 1963 foi eleito Paulo VI que, com sua peregrina\u00e7\u00e3o \u00e0 Terra Santa, em janeiro de 1964, inaugurou a s\u00e9rie de viagens papais. Um novo compromisso para os jornalistas e t\u00e9cnicos da R\u00e1dio, enviados especiais que acompanham o Papa. Paulo VI encorajou muito o aumento da produ\u00e7\u00e3o de progamas informativos e formativos de qualidade. Por isso, a R\u00e1dio, ap\u00f3s uma breve perman\u00eancia no Pal\u00e1cio Torlonia, transferiu-se para a nova grande sede do Palazzo Pio, no in\u00edcio da Via della Conciliazione (a rua da Concilia\u00e7\u00e3o).<\/p>\n<p style=\"text-align: justify;\">Com Paulo VI, teve in\u00edcio o per\u00edodo das grandes viagens internacionais que se intensificariam no pontificado de Jo\u00e3o Paulo II. A R\u00e1dio Vaticano tornou-se, assim, itinerante junto com o Pont\u00edfice, ampliando seus horizontes e suas rela\u00e7\u00f5es internacionais. Em 1971, por ocasi\u00e3o do 40\u00ba anivers\u00e1rio da Emissora, seus diretores foram recebidos em audi\u00eancia pelo Papa.<\/p>\n<p style=\"text-align: justify;\">Em 29 de janeiro de 1970, o ent\u00e3o cardeal secret\u00e1rio de Estado, Jean Villot, inaugurou o Palazzo Pio, a nova sede da R\u00e1dio que j\u00e1 transmitia 19-20 horas por dia, em 32 l\u00ednguas e dispunha de um complexo de transmissores com mais de 1.000 kW. O quadro de funcion\u00e1rios era composto de 260 pessoas, de 38 pa\u00edses.<\/p>\n<p style=\"text-align: justify;\">Em 1978, ap\u00f3s o brev\u00edssimo pontificado de Jo\u00e3o Paulo I, foi eleito Jo\u00e3o Paulo II que, poucos dias ap\u00f3s sua elei\u00e7\u00e3o, visitou a sede do Palazzo Pio. O Papa das grandes peregrina\u00e7\u00f5es apost\u00f3licas na It\u00e1lia e no exterior; o Papa que, todo primeiro s\u00e1bado de cada m\u00eas, rezava o Ter\u00e7o ao vivo, em uni\u00e3o espiritual com o mundo inteiro. Com ele, a R\u00e1dio comemorou seus 60 anos, ocasi\u00e3o em que Jo\u00e3o Paulo II visitou o Centro de Transmiss\u00f5es de Santa Maria de Galeria.<\/p>\n<p style=\"text-align: justify;\">As novas possibilidades oferecidas pela modena tecnologia levaram a uma r\u00e1pida transforma\u00e7\u00e3o das atividades de radiodifus\u00e3o. Das tradicionais Ondas Curtas e M\u00e9dias se passou, nos anos 90, \u00e0s transmiss\u00f5es via sat\u00e9lite \u2013 com duas esta\u00e7\u00f5es terrestres no Vaticano \u2013 e, em seguida, atrav\u00e9s da Internet.<\/p>\n<p style=\"text-align: justify;\">Um n\u00famero crescente de emissoras de v\u00e1rios tipos e dimens\u00f5es, sobretudo cat\u00f3licas mas n\u00e3o somente, p\u00f4de, assim, passar a retransmitir os programas da R\u00e1dio Vaticano em seus pr\u00f3prios idiomas: em 2005 j\u00e1 eram mais de mil.<\/p>\n<p style=\"text-align: justify;\">A produ\u00e7\u00e3o dos programas passou rapidamente da tecnologia anal\u00f3gica \u00e0 digital: desaparecem os gravadores com fitas magn\u00e9ticas e os computadores tomaram o seu lugar.<\/p>\n<p style=\"text-align: justify;\">Os eventos de dimens\u00e3o mundial do Grande Jubileu do ano 2000, a morte de Jo\u00e3o Paulo II e a elei\u00e7\u00e3o de Bento XVI, em 2005, empenharam profundamente a R\u00e1dio Vaticano, no seu servi\u00e7o de presen\u00e7a na vida da cidade (com o desenvolvimento de canais em FM ao vivo, para Roma) e de difus\u00e3o da mensagem da Igreja Cat\u00f3lica no mundo inteiro, e multiplicaram suas formas de colabora\u00e7\u00e3o e servi\u00e7o com emissoras e ag\u00eancias de informa\u00e7\u00e3o de todos os tipos.<\/p>\n<p style=\"text-align: justify;\">Em 2006, a R\u00e1dio Vaticano celebrou os seus 75 anos de exist\u00eancia, com a primeira e hist\u00f3rica visita de Bento XVI, no dia 3 de mar\u00e7o, ao Palazzo Pio; permanecem gravadas na mem\u00f3ria dos funcion\u00e1rios as palavras do Papa que, com tom cordial e am\u00e1vel, exortou a emissora pontif\u00edcia a ser uma voz da verdade e um coro de muitas l\u00ednguas a servi\u00e7o da paz e do di\u00e1logo entre as religi\u00f5es.<\/p>\n<p style=\"text-align: justify;\">Um nova meta foi alcan\u00e7ada em 2007, com o 50\u00ba anivers\u00e1rio do Centro de Trasmiss\u00f5es de Santa Maria de Galeria, celebrado na presen\u00e7a do cardeal secret\u00e1rio de Estado, Tarcisio Bertone. Durante o ano, uma novidade na \u00e1rea multimedial marcou presen\u00e7a no site web da R\u00e1dio: gra\u00e7as a uma colabora\u00e7\u00e3o em estreita sinergia com o Centro Televisivo Vaticano (CTV), s\u00e3o publicadas, diariamente, not\u00edcias em v\u00eddeo, \u201cp\u00edlulas\u201d televisivas de um minuto, que narram as atividades do Papa, com a ajuda das imagens gravadas pouco antes, pelo CTV.<\/p>\n<p style=\"text-align: justify;\">Nos \u00faltimos anos, foram feitas muitas experimenta\u00e7\u00f5es de tecnologias de transmiss\u00e3o digital (DRM, T-DAB, T-DMB). Tamb\u00e9m do ponto de vista informativo, radiojornais e boletins produzidos pela emissora v\u00e3o ao encontro de uma not\u00e1vel ramifica\u00e7\u00e3o de distribui\u00e7\u00e3o, gra\u00e7as \u00e0 utiliza\u00e7\u00e3o sistem\u00e1tica de newsletters, podcasts, e contribui\u00e7\u00f5es \u00e1udio e v\u00eddeo.<\/p>\n<p style=\"text-align: justify;\">Em 2009 a dupla R\u00e1dio Vaticano-CTV desembarcou no YouTube, com o novo canal vaticano em quatro l\u00ednguas, enquanto 2010 foi o ano do Twitter (6 canais).<\/p>\n<p style=\"text-align: justify;\">Foi uma das \u00faltimas fronteiras alcan\u00e7adas pela emissora que, segundo sua longa tradi\u00e7\u00e3o, continua a se manter orientada para a vanguarda tecnol\u00f3gica que se faz necess\u00e1ria seja para adequar a pr\u00f3pria miss\u00e3o ao &#8220;r\u00e1pido desenvolvimento&#8221; das comunica\u00e7\u00f5es, seja para \u201cdar uma alma\u201d ao mundo digital e \u00e0 Internet.<\/p>\n<p style=\"text-align: justify;\">E chegamos a 2021: a R\u00e1dio Vaticano, nascida em 12 de fevereiro de 1931, completa seus 90 anos de exist\u00eancia, com o olhar voltado para o futuro; quase 12 mil horas de transmiss\u00e3o em um ano, incluindo transmiss\u00f5es ao vivo, programas informativos, lit\u00fargicos e musicais. Esta \u00e9 a carteira de identidade da R\u00e1dio Vaticano. Hoje transmitimos em 41 idiomas e todos os dias levamos as palavras do Evangelho e a voz do Papa para o mundo inteiro.<\/p>\n<p style=\"text-align: justify;\">A R\u00e1dio Vaticano sempre falou muitos idiomas, mas n\u00e3o t\u00ednhamos programa\u00e7\u00f5es lingu\u00edsticas especiais. A r\u00e1dio Web, que agora est\u00e1 sendo criada, estrear\u00e1 em italiano, franc\u00eas, ingl\u00eas, espanhol, portugu\u00eas, alem\u00e3o e arm\u00eanio. Ao longo deste ano, ser\u00e3o criados quase 30 canais ao vivo, correspondentes ao mesmo n\u00famero de idiomas, que podem ser ouvidos tanto na p\u00e1gina da r\u00e1dio, especialmente desenvolvida em sinergia com o\u00a0<i>Vatican News<\/i>, como atrav\u00e9s do aplicativo da R\u00e1dio Vaticano. Ser\u00e1 dado um amplo espa\u00e7o \u00e0 m\u00fasica e \u00e0 liturgia em latim. Hoje a R\u00e1dio Vaticano faz parte do Dicast\u00e9rio para a Comunica\u00e7\u00e3o.<\/p>\n<h2 style=\"text-align: justify;\">O Programa Brasileiro<\/h2>\n<p style=\"text-align: justify;\">Depois de 27 anos de funda\u00e7\u00e3o da R\u00e1dio Vaticano, nasceu tamb\u00e9m o\u00a0<b>\u201cPrograma Brasileiro\u201d.<\/b>\u00a0Era o dia 12 de mar\u00e7o de 1958.<\/p>\n<p style=\"text-align: justify;\">Desde ent\u00e3o o Programa Brasileiro juntamente com outros programas da R\u00e1dio Vaticano constitui o \u201cuniverso\u201d de pa\u00edses e comunidades da emissora do Papa.<\/p>\n<p style=\"text-align: justify;\">Seu primeiro respons\u00e1vel foi o Padre Ant\u00f4nio Aquino, que, na \u00e9poca, era Reitor do Pontif\u00edcio Col\u00e9gio Pio Brasileiro, em Roma. Em todos esses anos, nossa reda\u00e7\u00e3o contou com a colabora\u00e7\u00e3o direta de v\u00e1rios Bispos, sacerdotes e leigos.<\/p>\n<p style=\"text-align: justify;\">Somos um\u00a0<a href=\"http:\/\/www.vaticanradio.org\/portuguese\/redatores_foto.htm\" target=\"_blank\" rel=\"external nofollow noopener\">grupo<\/a>\u00a0de profissionais da comunica\u00e7\u00e3o irmanados pelo desejo de levar ao povo brasileiro e aos ouvintes de l\u00edngua portuguesa, espalhados pelo mundo, a voz e os ensinamentos do Santo Padre, o Magist\u00e9rio da Igreja, e as not\u00edcias da Igreja no mundo.<\/p>\n<p style=\"text-align: justify;\">Paralelamente, buscamos oferecer um amplo panorama das not\u00edcias internacionais, dando \u00eanfase aos temas e problem\u00e1ticas relacionados com a liberdade e os direitos humanos, sobretudo o direito \u00e0 vida. Acreditamos, firmemente, que a base de uma boa forma\u00e7\u00e3o \u00e9 a boa informa\u00e7\u00e3o.<\/p>\n<p style=\"text-align: justify;\">Al\u00e9m disso, as reflex\u00f5es, an\u00e1lises e orienta\u00e7\u00f5es oferecidas pelos sacerdotes que comp\u00f5em a nossa equipe, fornecem os fundamentos necess\u00e1rios a uma correta an\u00e1lise e avalia\u00e7\u00e3o da realidade que nos circunda, a fim de que possamos defender e promover os valores crist\u00e3os e a dignidade do ser humano no seio de cada cultura, num mundo marcado pela dor, pela indiferen\u00e7a e pela injusti\u00e7a. Um mundo que clama por uma nova Evangeliza\u00e7\u00e3o.<\/p>\n<p style=\"text-align: justify;\">A partir de 8 de janeiro de 1996, a R\u00e1dio Vaticano come\u00e7ou a transmitir tamb\u00e9m atrav\u00e9s do Sat\u00e9lite Intelsat VI.<\/p>\n<p style=\"text-align: justify;\">Gra\u00e7as \u00e0s redes de r\u00e1dio em todo o pa\u00eds como Can\u00e7\u00e3o Nova, Rede Cat\u00f3lica de R\u00e1dio, atrav\u00e9s da R\u00e1dio Aparecida, Rede da Mil\u00edcia da Imaculada, Rede Fraternidade no Rio Grande do Sul e de inumer\u00e1veis emissoras espalhadas por todo o pa\u00eds, hoje a \u201cR\u00e1dio do Papa\u201d pode ser ouvida em todo o Brasil. S\u00e3o 3 programas di\u00e1rios colocados \u00e0 disposi\u00e7\u00e3o das emissoras e dos ouvintes e um semanal de aprofundamento,. Programas que tamb\u00e9m chegam ao continente africano, como por exemplo, a R\u00e1dio Nova de Cabo Verde.<\/p>\n<p style=\"text-align: justify;\">Nas cerim\u00f4nias papais na Pra\u00e7a S\u00e3o Pedro e na Bas\u00edlica Vaticana, como tamb\u00e9m nas viagens Apost\u00f3licas, o Programa Brasileiro tamb\u00e9m est\u00e1 sempre presente com a cr\u00f4nica do evento em portugu\u00eas.<\/p>\n<p style=\"text-align: justify;\">Al\u00e9m das emissoras que nos retransmitem via sat\u00e9lite, n\u00f3s oferecemos tamb\u00e9m uma programa\u00e7\u00e3o atrav\u00e9s da rede, Internet e Ondas Curtas.<\/p>\n<p style=\"text-align: justify;\">Outra maneira de estar presente na vida da Igreja e do povo brasileiro \u00e9 o site Vatican News.<\/p>\n<p style=\"text-align: justify;\">Via Internet o Programa Brasileiro da R\u00e1dio Vaticano oferece not\u00edcias di\u00e1rias das atividades do Santo Padre e da Igreja em Roma e no mundo. Agora com um novo instrumente, a WEB R\u00e1dio em portugu\u00eas.<\/p>\n<p style=\"text-align: justify;\">O Programa Brasileiro da R\u00e1dio Vaticano completa neste ano 63 \u00e0 servi\u00e7o da Igreja no Brasil. O Programa em l\u00edngua portuguesa 80 anos. Foram anos buscando documentar fielmente os acontecimentos mundiais e suas resson\u00e2ncias, mas acima de tudo divulgando a Palavra do Papa, seus ensinamentos e seu magist\u00e9rio. D\u00e9cadas de servi\u00e7os e um princ\u00edpio fundamental inalter\u00e1vel, \u201cbem informar para bem formar\u201d.<\/p>\n<\/div>\n","protected":false},"excerpt":{"rendered":"<p>A partir deste 12 de fevereiro tem in\u00edcio a aventura da Web R\u00e1dio Vaticano (https:\/\/www.vaticannews.va\/pt\/epg.html) em portugu\u00eas. Silvonei Jos\u00e9 \u2013 Vatican News A R\u00e1dio Vaticano comemora neste dia 12 de fevereiro 90 anos. E neste dia 12 de fevereiro nasce a\u00a0Web R\u00e1dio Vaticano\u2026 \u00c9 precisamente a uni\u00e3o entre a web e o r\u00e1dio a dire\u00e7\u00e3o [&hellip;]<\/p>\n","protected":false},"author":1,"featured_media":65879,"comment_status":"open","ping_status":"closed","sticky":false,"template":"","format":"standard","meta":{"footnotes":""},"categories":[3],"tags":[],"class_list":["post-65878","post","type-post","status-publish","format-standard","has-post-thumbnail","hentry","category-vaticano"],"_links":{"self":[{"href":"https:\/\/catolicanet.net\/wp-cnet\/wp-json\/wp\/v2\/posts\/65878","targetHints":{"allow":["GET"]}}],"collection":[{"href":"https:\/\/catolicanet.net\/wp-cnet\/wp-json\/wp\/v2\/posts"}],"about":[{"href":"https:\/\/catolicanet.net\/wp-cnet\/wp-json\/wp\/v2\/types\/post"}],"author":[{"embeddable":true,"href":"https:\/\/catolicanet.net\/wp-cnet\/wp-json\/wp\/v2\/users\/1"}],"replies":[{"embeddable":true,"href":"https:\/\/catolicanet.net\/wp-cnet\/wp-json\/wp\/v2\/comments?post=65878"}],"version-history":[{"count":1,"href":"https:\/\/catolicanet.net\/wp-cnet\/wp-json\/wp\/v2\/posts\/65878\/revisions"}],"predecessor-version":[{"id":65880,"href":"https:\/\/catolicanet.net\/wp-cnet\/wp-json\/wp\/v2\/posts\/65878\/revisions\/65880"}],"wp:featuredmedia":[{"embeddable":true,"href":"https:\/\/catolicanet.net\/wp-cnet\/wp-json\/wp\/v2\/media\/65879"}],"wp:attachment":[{"href":"https:\/\/catolicanet.net\/wp-cnet\/wp-json\/wp\/v2\/media?parent=65878"}],"wp:term":[{"taxonomy":"category","embeddable":true,"href":"https:\/\/catolicanet.net\/wp-cnet\/wp-json\/wp\/v2\/categories?post=65878"},{"taxonomy":"post_tag","embeddable":true,"href":"https:\/\/catolicanet.net\/wp-cnet\/wp-json\/wp\/v2\/tags?post=65878"}],"curies":[{"name":"wp","href":"https:\/\/api.w.org\/{rel}","templated":true}]}}