{"id":65872,"date":"2021-02-12T10:46:34","date_gmt":"2021-02-12T13:46:34","guid":{"rendered":"https:\/\/catolicanet.net\/wp-cnet\/?p=65872"},"modified":"2021-02-12T10:46:34","modified_gmt":"2021-02-12T13:46:34","slug":"papa-francisco-nomeia-novo-bispo-para-a-diocese-de-cachoeiro-de-itapemirim-es","status":"publish","type":"post","link":"https:\/\/catolicanet.net\/wp-cnet\/papa-francisco-nomeia-novo-bispo-para-a-diocese-de-cachoeiro-de-itapemirim-es\/","title":{"rendered":"PAPA FRANCISCO NOMEIA NOVO BISPO PARA A DIOCESE DE CACHOEIRO DE ITAPEMIRIM (ES)"},"content":{"rendered":"<p style=\"text-align: justify;\">O Papa Francisco nomeou, nesta quinta-feira, 11 de fevereiro, dom Luiz Fernando Lisboa, atual bispo de Pemba, em Mo\u00e7ambique, no continente africano, para a diocese de Cachoeiro de Itapemirim (ES). No mesmo ato, o Santo Padre tamb\u00e9m concedeu a dignidade de arcebispo a dom Luiz.<\/p>\n<p style=\"text-align: justify;\">Com a nomea\u00e7\u00e3o de dom D\u00e1rio Campos como arcebispo de Vit\u00f3ria (ES), a diocese de Cachoeiro encontrava-se vacante desde 7 de novembro de 2018. Desde ent\u00e3o, a diocese estava sob os cuidados pastorais do padre Walter Luiz Barbiero Milaneze Alto\u00e9, seu administrador diocesano.<\/p>\n<h3 style=\"text-align: justify;\">Curr\u00edculo e trajet\u00f3ria eclesial<\/h3>\n<p style=\"text-align: justify;\">Dom Luiz Fernando Lisboa nasceu em Marques de Valen\u00e7a (RJ) no dia 23 de dezembro de 1955. Ele \u00e9 o nono de doze filhos do casal Francisco Lopes Pereira Lisboa e Benedita de Oliveira Pereira, ambos falecidos. Com nove anos de idade mudou-se, com a sua fam\u00edlia, para Osasco (SP), onde passou parte de sua inf\u00e2ncia, adolesc\u00eancia e juventude.<\/p>\n<p style=\"text-align: justify;\">Em agosto de 1975, aos 19 anos, ingressou no semin\u00e1rio S\u00e3o Gabriel da congrega\u00e7\u00e3o da Paix\u00e3o de Jesus Cristo (mission\u00e1rios Passionistas), em Osasco (SP); fez seu noviciado em S\u00e3o Carlos (SP); cursou Filosofia na Pontif\u00edcia Universidade Cat\u00f3lica (PUC) de Curitiba (UCP naquela \u00e9poca); Estudou Teologia no Instituto Teol\u00f3gico S\u00e3o Paulo (ITESP). Foi ordenado sacerdote em 10 de dezembro de 1983<\/p>\n<p style=\"text-align: justify;\">Ele possui duas especializa\u00e7\u00f5es (Liturgia e Missiologia) na Faculdade de Teologia Nossa Senhora da Assun\u00e7\u00e3o (atual PUC SP) e mestrado em Teologia Pastoral pela PUC Curitiba, onde tamb\u00e9m foi um dos coordenadores do Curso de especializa\u00e7\u00e3o em Missiologia.<\/p>\n<p style=\"text-align: justify;\">Exerceu v\u00e1rias tarefas na congrega\u00e7\u00e3o dos Passionistas e nas dioceses por onde passou, entre as quais: formador em v\u00e1rias etapas da forma\u00e7\u00e3o, vig\u00e1rio, p\u00e1roco, conselheiro provincial, coordenador de forma\u00e7\u00e3o; coordenador da \u00e1rea de miss\u00e3o, diretor do Centro de Defesa dos Direitos Humanos de Osasco, membro do Conselho de Direitos Humanos de SP e assessor no Curso de Teologia.<\/p>\n<p style=\"text-align: justify;\">No in\u00edcio do ano de 2001, foi como mission\u00e1rio Ad Gentes para a diocese de Pemba, Mo\u00e7ambique, onde trabalhou por oito anos; retornou ao Brasil e trabalhou por quatro anos como p\u00e1roco na par\u00f3quia Santa Teresinha de Lisieux, em Colombo, na arquidiocese de Curitiba (PR).<\/p>\n<p style=\"text-align: justify;\">Em 12 de junho de 2013, o Papa Francisco o nomeou como Bispo de Pemba. Sua posse se deu dois meses depois, em 14 de setembro, com celebra\u00e7\u00e3o na Universidade Cat\u00f3lica de Pemba. A cerim\u00f4nia contou com a presen\u00e7a do presidente da Confer\u00eancia Episcopal de Mo\u00e7ambique, de arcebispos, bispos, padres e leigos da regi\u00e3o e do Brasil. Na Confer\u00eancia Episcopal de Mo\u00e7ambique exerceu o servi\u00e7o de secret\u00e1rio-geral e coordenador do Departamento Social.<\/p>\n<h3 style=\"text-align: justify;\">Sauda\u00e7\u00e3o a Dom Luiz Fernando Lisboa<\/h3>\n<p style=\"text-align: justify;\">Bras\u00edlia-DF, 11 de fevereiro de 2021<\/p>\n<p style=\"text-align: justify;\">Estimado irm\u00e3o, Dom Luiz Fernando Lisboa<\/p>\n<p style=\"text-align: justify;\">A Confer\u00eancia Nacional dos Bispos Brasil (CNBB) recebe com alegria a sua nomea\u00e7\u00e3o como novo bispo da diocese de Cachoeiro de Itapemirim (ES), divulgada nesta quinta-feira, 11 de fevereiro. Agradecemos ao Papa Francisco por mais esta nomea\u00e7\u00e3o que fortalecer\u00e1 a presen\u00e7a da Igreja no regional Leste 2 da CNBB. Ao mesmo tempo que agradecemos tamb\u00e9m ao episcopado de Mo\u00e7ambique pela acolhida ao senhor nestes 18 anos a servi\u00e7o da Igreja no continente africano.<\/p>\n<p style=\"text-align: justify;\">Enaltecemos a sua presen\u00e7a mission\u00e1ria como bispo em Pemba, diocese situada numa regi\u00e3o marcada pela guerra que j\u00e1 causou a morte de mais de 2 mil pessoas e mais de 500 mil deslocamentos. Especialmente em Cabo Delgado, alvo constante de ataques. Destacamos tamb\u00e9m a sua contribui\u00e7\u00e3o \u00e0 Confer\u00eancia Episcopal de Mo\u00e7ambique, servindo-a como secret\u00e1rio-geral e coordenador do Departamento Social.<\/p>\n<p style=\"text-align: justify;\">Certamente, em seu retorno ao Brasil, o seu pastoreio n\u00e3o se esquecer\u00e1 da afirma\u00e7\u00e3o contida no t\u00edtulo escolhido pelo Papa Francisco para o Dia Mundial das Miss\u00f5es deste ano: \u201cN\u00e3o podemos deixar de afirmar o que vimos e ouvimos\u201d (At 4, 20). Agora, como os primeiros ap\u00f3stolos, o senhor \u00e9 convidado a difundir \u201co perfume do Evangelho\u201d novamente em solo brasileiro.<\/p>\n<p style=\"text-align: justify;\">Pedimos as b\u00ean\u00e7\u00e3os e prote\u00e7\u00e3o de S\u00e3o Pedro, padroeiro de Cachoeiro de Itapemirim, nesta sua nova miss\u00e3o.<\/p>\n<p style=\"text-align: justify;\">Em Cristo,<\/p>\n<p style=\"text-align: justify;\"><strong>Dom Walmor Oliveira de Azevedo<\/strong><br \/>\nArcebispo de Belo Horizonte (MG)<br \/>\n<em>Presidente da CNBB<\/em><\/p>\n<p style=\"text-align: justify;\"><strong>Dom Jaime Spengler<\/strong><br \/>\nArcebispo de Porto Alegre (RS)<br \/>\n<em>Primeiro Vice-Presidente da CNBB<\/em><\/p>\n<p style=\"text-align: justify;\"><strong>Dom M\u00e1rio Ant\u00f4nio da Silva<\/strong><br \/>\nBispo de Roraima (RR)<br \/>\n<em>Segundo Vice-Presidente da CNBB<\/em><\/p>\n<p style=\"text-align: justify;\"><strong>Dom Joel Portella Amado<\/strong><br \/>\nBispo auxiliar da arquidiocese do Rio de Janeiro (RJ)<br \/>\n<em>Secret\u00e1rio-geral da CNBB<\/em><\/p>\n","protected":false},"excerpt":{"rendered":"<p>O Papa Francisco nomeou, nesta quinta-feira, 11 de fevereiro, dom Luiz Fernando Lisboa, atual bispo de Pemba, em Mo\u00e7ambique, no continente africano, para a diocese de Cachoeiro de Itapemirim (ES). No mesmo ato, o Santo Padre tamb\u00e9m concedeu a dignidade de arcebispo a dom Luiz. Com a nomea\u00e7\u00e3o de dom D\u00e1rio Campos como arcebispo de [&hellip;]<\/p>\n","protected":false},"author":1,"featured_media":65873,"comment_status":"open","ping_status":"closed","sticky":false,"template":"","format":"standard","meta":{"footnotes":""},"categories":[7],"tags":[],"class_list":["post-65872","post","type-post","status-publish","format-standard","has-post-thumbnail","hentry","category-cnbb"],"_links":{"self":[{"href":"https:\/\/catolicanet.net\/wp-cnet\/wp-json\/wp\/v2\/posts\/65872","targetHints":{"allow":["GET"]}}],"collection":[{"href":"https:\/\/catolicanet.net\/wp-cnet\/wp-json\/wp\/v2\/posts"}],"about":[{"href":"https:\/\/catolicanet.net\/wp-cnet\/wp-json\/wp\/v2\/types\/post"}],"author":[{"embeddable":true,"href":"https:\/\/catolicanet.net\/wp-cnet\/wp-json\/wp\/v2\/users\/1"}],"replies":[{"embeddable":true,"href":"https:\/\/catolicanet.net\/wp-cnet\/wp-json\/wp\/v2\/comments?post=65872"}],"version-history":[{"count":1,"href":"https:\/\/catolicanet.net\/wp-cnet\/wp-json\/wp\/v2\/posts\/65872\/revisions"}],"predecessor-version":[{"id":65874,"href":"https:\/\/catolicanet.net\/wp-cnet\/wp-json\/wp\/v2\/posts\/65872\/revisions\/65874"}],"wp:featuredmedia":[{"embeddable":true,"href":"https:\/\/catolicanet.net\/wp-cnet\/wp-json\/wp\/v2\/media\/65873"}],"wp:attachment":[{"href":"https:\/\/catolicanet.net\/wp-cnet\/wp-json\/wp\/v2\/media?parent=65872"}],"wp:term":[{"taxonomy":"category","embeddable":true,"href":"https:\/\/catolicanet.net\/wp-cnet\/wp-json\/wp\/v2\/categories?post=65872"},{"taxonomy":"post_tag","embeddable":true,"href":"https:\/\/catolicanet.net\/wp-cnet\/wp-json\/wp\/v2\/tags?post=65872"}],"curies":[{"name":"wp","href":"https:\/\/api.w.org\/{rel}","templated":true}]}}