{"id":65845,"date":"2021-02-08T16:05:39","date_gmt":"2021-02-08T19:05:39","guid":{"rendered":"https:\/\/catolicanet.net\/wp-cnet\/?p=65845"},"modified":"2021-02-08T16:05:39","modified_gmt":"2021-02-08T19:05:39","slug":"pastoral-da-saude-celebra-xxix-dia-mundial-do-enfermo-com-missa-online-transmitida-diretamente-da-diocese-de-campos-rj","status":"publish","type":"post","link":"https:\/\/catolicanet.net\/wp-cnet\/pastoral-da-saude-celebra-xxix-dia-mundial-do-enfermo-com-missa-online-transmitida-diretamente-da-diocese-de-campos-rj\/","title":{"rendered":"PASTORAL DA SA\u00daDE CELEBRA XXIX DIA MUNDIAL DO ENFERMO COM MISSA ONLINE TRANSMITIDA DIRETAMENTE DA DIOCESE DE CAMPOS (RJ)"},"content":{"rendered":"<p style=\"text-align: justify;\">Com o tema \u201cMaria, M\u00e3e Fraterna e Solid\u00e1ria, gerando o Di\u00e1logo da Paz Social\u201d, a Pastoral da Sa\u00fade Nacional, em parceria com o Regional Sul 1 da Confer\u00eancia Nacional dos Bispos do Brasil (CNBB), realiza na pr\u00f3xima quinta-feira, dia 11 de fevereiro, a Romaria nacional virtual, em comemora\u00e7\u00e3o ao\u00a0<strong>XXIX Dia Mundial do Enfermo<\/strong>.<\/p>\n<p style=\"text-align: justify;\">A tradicional Romaria, que anualmente re\u00fane agentes da Pastoral da Sa\u00fade de todo o Brasil no Santu\u00e1rio de Nossa Senhora Aparecida, este ano em decorr\u00eancia da pandemia ser\u00e1 totalmente online com a celebra\u00e7\u00e3o da Santa Missa presidida pelo bispo de Campos (RJ) e referencial da Pastoral Nacional da Sa\u00fade, Dom Roberto Ferreria Paz.<\/p>\n<p style=\"text-align: justify;\">A missa em comemora\u00e7\u00e3o ao XXIX Dia Mundial do Enfermo ser\u00e1 \u00e0s 19h30, diretamente da Par\u00f3quia Nossa Senhora de Lourdes, no Parque Imperial em Campos e ser\u00e1 transmitida pelas redes sociais da pastoral.<\/p>\n<p style=\"text-align: justify;\">Dom Roberto destaca que este ano a Pastoral da Sa\u00fade \u00e9 convidada a se inspirar na mensagem do Papa Francisco para o Dia Mundial do Enfermo, que convida a um olhar sobre a realidade de libertar da hipocrisia e a ter comportamentos que ganhem a confian\u00e7a de ser um balsamo para o enfermo. E destaca a chegada da vacina como sinal de esperan\u00e7a. Al\u00e9m de ser um momento de agradecer aos cientistas a descoberta da vacina contra a Covid-19.<\/p>\n<p style=\"text-align: justify;\"><em>\u201cO quanto devemos agradecer \u00e0 ci\u00eancia m\u00e9dica por ter descoberto vacinas num processo t\u00e3o r\u00e1pido e seguro e queremos reconstruir a nossa conviv\u00eancia a partir da vacina, que vai nos dar tranquilidade para voltar \u00e0s nossas atividades\u201d<\/em>, destaca dom Roberto.<\/p>\n<figure id=\"attachment_258877\" class=\"wp-caption alignleft\" style=\"text-align: justify;\" aria-describedby=\"caption-attachment-258877\"><img loading=\"lazy\" decoding=\"async\" class=\"wp-image-258877 lazyloaded\" src=\"https:\/\/eadn-wc02-718006.nxedge.io\/cdn\/wp-content\/uploads\/2021\/02\/Romaria_Nacional-Dom-Paz.jpeg\" sizes=\"auto, (max-width: 432px) 100vw, 432px\" srcset=\"https:\/\/eadn-wc02-718006.nxedge.io\/cdn\/wp-content\/uploads\/2021\/02\/Romaria_Nacional-Dom-Paz.jpeg 800w, https:\/\/eadn-wc02-718006.nxedge.io\/cdn\/wp-content\/uploads\/2021\/02\/Romaria_Nacional-Dom-Paz-300x225.jpeg 300w, https:\/\/eadn-wc02-718006.nxedge.io\/cdn\/wp-content\/uploads\/2021\/02\/Romaria_Nacional-Dom-Paz-768x576.jpeg 768w, https:\/\/eadn-wc02-718006.nxedge.io\/cdn\/wp-content\/uploads\/2021\/02\/Romaria_Nacional-Dom-Paz-500x375.jpeg 500w\" alt=\"\" width=\"432\" height=\"324\" data-ll-status=\"loaded\" \/><figcaption id=\"caption-attachment-258877\" class=\"wp-caption-text\"><em>Foto: A12.com<\/em><\/figcaption><\/figure>\n<p style=\"text-align: justify;\">Para o bispo de Campos (RJ), enquanto a vacina n\u00e3o chega a todos \u00e9 necess\u00e1rio manter os esfor\u00e7os voltados aos cuidados sanit\u00e1rios para evitar o aumento de casos.<\/p>\n<p style=\"text-align: justify;\"><em>\u201cEnquanto isso n\u00e3o acontece, vamos trabalhar os cuidados, as regras de vida, porque n\u00e3o se responsabilizar pela sua vida e a vida do outro \u00e9 um portador da cultura da morte e \u00e9 muito importante neste momento saber que a diferen\u00e7a entre a morte e a vida pode ser uma m\u00e1scara, pode ser esse cuidado de higieniza\u00e7\u00e3o, pode ser de n\u00e3o ser essa conduta de se aglomerar, mantendo o distanciamento social, ser silencioso, auto controlado e a servi\u00e7o da vida, porque \u00e9 o dom precioso que devemos cuidar. A confian\u00e7a na vacina \u00e9 uma esp\u00e9cie de b\u00e1lsamos que \u00e9 um al\u00edvio e uma consola\u00e7\u00e3o que estamos precisando para recome\u00e7ar. Vamos cuidar uns dos outros\u201d<\/em>, ressalta dom Roberto.<\/p>\n<p style=\"text-align: justify;\">O Coordenador Nacional da Pastoral da Sa\u00fade, Alex Mota, destaca que este ano as comemora\u00e7\u00f5es do Dia Mundial do Enfermo ser\u00e3o realizadas na inten\u00e7\u00e3o das v\u00edtimas da Covid- 19 e em solidariedade com as fam\u00edlias enlutadas.<\/p>\n<p style=\"text-align: justify;\"><em>\u201cEm sintonia com a Par\u00f3quia Nossa Senhora de Lurdes, a Pastoral promover\u00e1 a Romaria Nacional da Pastoral da Sa\u00fade, que reunir\u00e1 milhares de agentes e camilianos de todas as regi\u00f5es do pa\u00eds de forma online. O evento em virtude do Dia Mundial do Enfermo e da festividade da Virgem de Lourdes, tamb\u00e9m serve como prepara\u00e7\u00e3o para a comemora\u00e7\u00e3o dos 35 anos da Pastoral, que ser\u00e3o comemorados em 9 de maio quando foi reconhecida no ano 1986 pela Confer\u00eancia Nacional dos Bispos do Brasil\u201d<\/em>, conclui Alex.<\/p>\n<p style=\"text-align: justify;\">O Dia Mundial do Enfermo \u00e9 uma data associada ao dia de Nossa Senhora de Lourdes, pequena cidade da Fran\u00e7a que anualmente recebe milh\u00f5es de peregrinos que v\u00e3o a este lugar para rezar e buscar sa\u00fade. Nossa Senhora de Lourdes \u00e9 sin\u00f4nimo de esperan\u00e7a, solidariedade e cuidado para com os enfermos.<\/p>\n<p style=\"text-align: justify;\"><strong>\u201cUm s\u00f3 \u00e9 o vosso Mestre e v\u00f3s sois todos irm\u00e3os\u201d<\/strong>\u00a0(Mt 23, 8). A rela\u00e7\u00e3o de confian\u00e7a, na base do cuidado dos doentes. Essas \u00e9 a palavra que inspirara a Mensagem do Papa Francisco para o\u00a0<strong>XXIX Dia Mundial do Enfermo<\/strong>.<\/p>\n<p style=\"text-align: justify;\">Na mensagem, Francisco se dirige aos doentes e aos profissionais da sa\u00fade. E de modo particular chama a aten\u00e7\u00e3o para as pessoas que sofrem em todo o mundo os efeitos da pandemia do coronav\u00edrus.\u00a0<em>\u201cA todos, especialmente aos mais pobres e marginalizados, expresso a minha proximidade espiritual, assegurando a solicitude e o afeto da Igreja\u201d<\/em>, destaca um trecho do documento.<\/p>\n<p style=\"text-align: justify;\">Francisco ressalta ainda na mensagem que o tema deste Dia \u00e9 inspirado no trecho do evangelho em que Jesus critica a hipocrisia de quantos dizem, mas n\u00e3o fazem (cf. Mt 23, 1-12).<\/p>\n<p style=\"text-align: justify;\"><em>\u201cQuando a f\u00e9 fica reduzida a exerc\u00edcios verbais est\u00e9reis, sem se envolver na hist\u00f3ria e nas necessidades do outro, ent\u00e3o falha a coer\u00eancia entre o credo professado e a vida real. O risco \u00e9 grave; Jesus, para acautelar do perigo de derrapagem na idolatria de si mesmo, usa express\u00f5es fortes e afirma: \u2018Um s\u00f3 \u00e9 o vosso Mestre e v\u00f3s sois todos irm\u00e3os\u2019 (23, 8)\u201d<\/em>, aponta o Papa em outro trecho da mensagem.<\/p>\n<p style=\"text-align: justify;\">Francisco finaliza a mensagem se colocando em ora\u00e7\u00e3o pelos doentes, familiares e profissionais da sa\u00fade dando sua b\u00ean\u00e7\u00e3o.<\/p>\n<p style=\"text-align: justify;\"><em>\u201cTodas as pessoas doentes, os agentes da sa\u00fade e quantos se prodigalizam junto dos que sofrem, confio-os a Maria, M\u00e3e de Miseric\u00f3rdia e Sa\u00fade dos Enfermos. Que Ela, da Gruta de Lurdes e dos seus inumer\u00e1veis santu\u00e1rios espalhados por todo o mundo, sustente a nossa f\u00e9 e a nossa esperan\u00e7a e nos ajude a cuidar uns dos outros com amor fraterno. A todos e cada um concedo, de cora\u00e7\u00e3o, a minha b\u00ean\u00e7\u00e3o\u201d<\/em>, ressalta o trecho final da mensagem.<\/p>\n<p style=\"text-align: justify;\">Leia\u00a0<a href=\"http:\/\/www.vatican.va\/content\/francesco\/pt\/messages\/sick\/documents\/papa-francesco_20201220_giornata-malato.html\"><strong>aqui<\/strong><\/a>\u00a0a \u00edntegra da Mensagem do Papa Francisco para o XXIX Dia Mundial do Enfermo<\/p>\n<pre><em>Com informa\u00e7\u00f5es da Pastoral Nacional da Sa\u00fade e Vatican News\r\nFoto de capa: internet<\/em><\/pre>\n","protected":false},"excerpt":{"rendered":"<p>Com o tema \u201cMaria, M\u00e3e Fraterna e Solid\u00e1ria, gerando o Di\u00e1logo da Paz Social\u201d, a Pastoral da Sa\u00fade Nacional, em parceria com o Regional Sul 1 da Confer\u00eancia Nacional dos Bispos do Brasil (CNBB), realiza na pr\u00f3xima quinta-feira, dia 11 de fevereiro, a Romaria nacional virtual, em comemora\u00e7\u00e3o ao\u00a0XXIX Dia Mundial do Enfermo. A tradicional [&hellip;]<\/p>\n","protected":false},"author":1,"featured_media":65846,"comment_status":"open","ping_status":"closed","sticky":false,"template":"","format":"standard","meta":{"footnotes":""},"categories":[7],"tags":[],"class_list":["post-65845","post","type-post","status-publish","format-standard","has-post-thumbnail","hentry","category-cnbb"],"_links":{"self":[{"href":"https:\/\/catolicanet.net\/wp-cnet\/wp-json\/wp\/v2\/posts\/65845","targetHints":{"allow":["GET"]}}],"collection":[{"href":"https:\/\/catolicanet.net\/wp-cnet\/wp-json\/wp\/v2\/posts"}],"about":[{"href":"https:\/\/catolicanet.net\/wp-cnet\/wp-json\/wp\/v2\/types\/post"}],"author":[{"embeddable":true,"href":"https:\/\/catolicanet.net\/wp-cnet\/wp-json\/wp\/v2\/users\/1"}],"replies":[{"embeddable":true,"href":"https:\/\/catolicanet.net\/wp-cnet\/wp-json\/wp\/v2\/comments?post=65845"}],"version-history":[{"count":1,"href":"https:\/\/catolicanet.net\/wp-cnet\/wp-json\/wp\/v2\/posts\/65845\/revisions"}],"predecessor-version":[{"id":65847,"href":"https:\/\/catolicanet.net\/wp-cnet\/wp-json\/wp\/v2\/posts\/65845\/revisions\/65847"}],"wp:featuredmedia":[{"embeddable":true,"href":"https:\/\/catolicanet.net\/wp-cnet\/wp-json\/wp\/v2\/media\/65846"}],"wp:attachment":[{"href":"https:\/\/catolicanet.net\/wp-cnet\/wp-json\/wp\/v2\/media?parent=65845"}],"wp:term":[{"taxonomy":"category","embeddable":true,"href":"https:\/\/catolicanet.net\/wp-cnet\/wp-json\/wp\/v2\/categories?post=65845"},{"taxonomy":"post_tag","embeddable":true,"href":"https:\/\/catolicanet.net\/wp-cnet\/wp-json\/wp\/v2\/tags?post=65845"}],"curies":[{"name":"wp","href":"https:\/\/api.w.org\/{rel}","templated":true}]}}